{"id":1522,"date":"2022-06-20T14:19:47","date_gmt":"2022-06-20T17:19:47","guid":{"rendered":"http:\/\/blogdoarmindomaia.com.br\/?p=1522"},"modified":"2022-06-20T14:19:49","modified_gmt":"2022-06-20T17:19:49","slug":"semana-municipal-de-transito-em-araxa%ef%bf%bc","status":"publish","type":"post","link":"http:\/\/blogdoarmindomaia.com.br\/?p=1522","title":{"rendered":"Semana Municipal de Tr\u00e2nsito em Arax\u00e1\ufffc"},"content":{"rendered":"\n<figure class=\"wp-block-image size-full\"><img loading=\"lazy\" decoding=\"async\" width=\"800\" height=\"389\" src=\"http:\/\/blogdoarmindomaia.com.br\/wp-content\/uploads\/2022\/06\/Semana-do-transito.jpg\" alt=\"\" class=\"wp-image-1523\" srcset=\"http:\/\/blogdoarmindomaia.com.br\/wp-content\/uploads\/2022\/06\/Semana-do-transito.jpg 800w, http:\/\/blogdoarmindomaia.com.br\/wp-content\/uploads\/2022\/06\/Semana-do-transito-300x146.jpg 300w, http:\/\/blogdoarmindomaia.com.br\/wp-content\/uploads\/2022\/06\/Semana-do-transito-768x373.jpg 768w\" sizes=\"auto, (max-width: 800px) 100vw, 800px\" \/><\/figure>\n\n\n\n<p>Com o intuito de refor\u00e7ar a aten\u00e7\u00e3o da popula\u00e7\u00e3o, garantir a seguran\u00e7a e evitar mortes em acidentes no tr\u00e2nsito, a Secretaria Municipal de Seguran\u00e7a P\u00fablica promover\u00e1 a Semana Municipal de Tr\u00e2nsito de 23 de junho a 1\u00ba de julho. O tema \u201cVulnerabilidade e Fragilidade da Vida no Tr\u00e2nsito\u201d ser\u00e1 amplamente trabalhado por meio de diversas a\u00e7\u00f5es de conscientiza\u00e7\u00e3o.<\/p>\n\n\n\n<p>A solenidade de abertura da Semana Municipal de Tr\u00e2nsito ser\u00e1 nesta quinta-feira (23), \u00e0s 9h, no Teatro Municipal Maximiliano Rocha. Haver\u00e1 a entrega da premia\u00e7\u00e3o do Concurso de frases e desenhos e apresenta\u00e7\u00e3o da pe\u00e7a teatral \u201cOs Saltimbancos no Tr\u00e2nsito\u201d, idealizada pelos professores do N\u00facleo de Incentivo \u00e0 Leitura, da Secretaria Municipal de Educa\u00e7\u00e3o.<\/p>\n\n\n\n<p>O secret\u00e1rio Daniel Rosa explica que os trabalhos relacionados \u00e0 Semana do Tr\u00e2nsito come\u00e7aram em abril. Os alunos do Ensino Fundamental das escolas municipais fizeram diversas atividades alusivas ao tema e participaram de um concurso de frases e desenhos que premiar\u00e1 os vencedores com bicicletas e jogos pedag\u00f3gicos.<\/p>\n\n\n\n<p>\u201cA semana contar\u00e1 com blitzes educativas no per\u00edmetro urbano, na rodovia MG-428 e MGC-415, palestras e passeio cicl\u00edstico. A\u00e7\u00f5es que refor\u00e7am a mensagem de que no tr\u00e2nsito \u00e9 sempre importante evitar os riscos para proteger a vida\u201d, destaca o secret\u00e1rio.<\/p>\n\n\n\n<p>No domingo (26), dia da prova da Elite da Copa Internacional de Mountain Bike (CIMTB), ser\u00e1 promovido um passeio cicl\u00edstico saindo do Estacionamento do Est\u00e1dio Municipal Fausto Alvim em dire\u00e7\u00e3o ao Parque do Barreiro e uma blitze educativa na MGC-415, conhecida popularmente por estrada Arax\u00e1 \/ Barreiro.<\/p>\n\n\n\n<p>No t\u00e9rmino do passeio cicl\u00edstico, os participantes poder\u00e3o guardar gratuitamente suas bikes em seguran\u00e7a no biciclet\u00e1rio para 2 mil pe\u00e7as instalado pela CBMM. Quem utilizar o espa\u00e7o participar\u00e1 do sorteio de diversos brindes cedidos pelos patrocinadores da Copa Internacional de Mountain Bike.<\/p>\n\n\n\n<p>O passeio cicl\u00edstico \u00e9 uma forma idealizada pela Secretaria Municipal de Seguran\u00e7a P\u00fablica para estimular pr\u00e1ticas que melhorem a sa\u00fade e a qualidade de vida, reduzam custos, aliviem a carga dos demais modais, diminuam a polui\u00e7\u00e3o nas cidades e estimulem a mobilidade sustent\u00e1vel.<\/p>\n\n\n\n<p><strong>Programa\u00e7\u00e3o Semana Municipal de Tr\u00e2nsito em Arax\u00e1:<\/strong><\/p>\n\n\n\n<p><strong>23\/06 (QUINTA)<br><br><\/strong>&#8211; 9h &#8211; Solenidade de abertura, entrega da premia\u00e7\u00e3o do Concurso de frases e desenhos e apresenta\u00e7\u00e3o da pe\u00e7a teatral dos professores do N\u00facleo de Incentivo \u00e0 Leitura, no Teatro Municipal Maximiliano Rocha<br><br>&#8211; 14h &#8211; Apresenta\u00e7\u00e3o da pe\u00e7a teatral dos professores do N\u00facleo de Incentivo \u00e0 Leitura, no Teatro Municipal Maximiliano Rocha<br><br><strong><br>24\/06 (SEXTA)<br><\/strong><br>&#8211; 9h &#8211; Blitz educativa na Av. D\u00e2maso Drummond (pr\u00f3ximo ao Batalh\u00e3o do Corpo de Bombeiros) e no viaduto de acesso ao Bairro Boa Vista<br><br><strong><br>26\/06 (DOMINGO)<br><br><\/strong>&#8211; 8h30 &#8211; Passeio cicl\u00edstico saindo do Est\u00e1dio Municipal Fausto Alvim em dire\u00e7\u00e3o ao Parque do Barreiro. Haver\u00e1 sorteio de brindes e blitz educativa em parceria com a Copa Internacional de Mountain Bike<br><br><strong><br>27\/06 (SEGUNDA)<br><br><\/strong>&#8211; 9h &#8211; Blitz educativa na Av. Imbiara (pr\u00f3ximo ao Col\u00e9gio Dom Bosco) e na Av. Washington Barcelos, em frente ao Parque do Cristo<br><br><strong><br>28\/06 (TER\u00c7A)<br><br><\/strong>&#8211; 9h &#8211; Simula\u00e7\u00e3o de acidente de tr\u00e2nsito feita pelo Corpo de Bombeiros, na Av. Ant\u00f4nio Carlos&nbsp;<br><br><strong><br>29\/06 (QUARTA)<br><\/strong><br>&#8211; 9h &#8211; Blitz educativa no Posto da Pol\u00edcia Rodovi\u00e1ria Estadual, na MG-428<br><br><strong><br>30\/06 (QUINTA)<br><\/strong><br>&#8211; 9h &#8211; Blitz educativa na Av. Ant\u00f4nio Carlos (pr\u00f3ximo ao Banco do Brasil) e na Avenida Jo\u00e3o Paulo II (pr\u00f3ximo ao Terminal Rodovi\u00e1rio)<br><br><strong><br>01\/07 (SEXTA)<br><br><\/strong>&#8211; 8h30 &#8211; Palestra para os atiradores na sede do Tiro de Guerra.<\/p>\n","protected":false},"excerpt":{"rendered":"<p>Com o intuito de refor\u00e7ar a aten\u00e7\u00e3o da popula\u00e7\u00e3o, garantir a seguran\u00e7a e evitar mortes em acidentes no tr\u00e2nsito, a<\/p>\n","protected":false},"author":2,"featured_media":1523,"comment_status":"open","ping_status":"open","sticky":false,"template":"","format":"standard","meta":{"footnotes":""},"categories":[9,8],"tags":[],"class_list":["post-1522","post","type-post","status-publish","format-standard","has-post-thumbnail","hentry","category-araxa","category-cidades"],"_links":{"self":[{"href":"http:\/\/blogdoarmindomaia.com.br\/index.php?rest_route=\/wp\/v2\/posts\/1522","targetHints":{"allow":["GET"]}}],"collection":[{"href":"http:\/\/blogdoarmindomaia.com.br\/index.php?rest_route=\/wp\/v2\/posts"}],"about":[{"href":"http:\/\/blogdoarmindomaia.com.br\/index.php?rest_route=\/wp\/v2\/types\/post"}],"author":[{"embeddable":true,"href":"http:\/\/blogdoarmindomaia.com.br\/index.php?rest_route=\/wp\/v2\/users\/2"}],"replies":[{"embeddable":true,"href":"http:\/\/blogdoarmindomaia.com.br\/index.php?rest_route=%2Fwp%2Fv2%2Fcomments&post=1522"}],"version-history":[{"count":1,"href":"http:\/\/blogdoarmindomaia.com.br\/index.php?rest_route=\/wp\/v2\/posts\/1522\/revisions"}],"predecessor-version":[{"id":1524,"href":"http:\/\/blogdoarmindomaia.com.br\/index.php?rest_route=\/wp\/v2\/posts\/1522\/revisions\/1524"}],"wp:featuredmedia":[{"embeddable":true,"href":"http:\/\/blogdoarmindomaia.com.br\/index.php?rest_route=\/wp\/v2\/media\/1523"}],"wp:attachment":[{"href":"http:\/\/blogdoarmindomaia.com.br\/index.php?rest_route=%2Fwp%2Fv2%2Fmedia&parent=1522"}],"wp:term":[{"taxonomy":"category","embeddable":true,"href":"http:\/\/blogdoarmindomaia.com.br\/index.php?rest_route=%2Fwp%2Fv2%2Fcategories&post=1522"},{"taxonomy":"post_tag","embeddable":true,"href":"http:\/\/blogdoarmindomaia.com.br\/index.php?rest_route=%2Fwp%2Fv2%2Ftags&post=1522"}],"curies":[{"name":"wp","href":"https:\/\/api.w.org\/{rel}","templated":true}]}}