{"id":1531,"date":"2022-06-20T14:48:13","date_gmt":"2022-06-20T17:48:13","guid":{"rendered":"http:\/\/blogdoarmindomaia.com.br\/?p=1531"},"modified":"2022-06-20T14:48:15","modified_gmt":"2022-06-20T17:48:15","slug":"minas-ja-garantiu-r-235-bilhoes-em-investimentos-e-gerou-meio-milhao-de-empregos","status":"publish","type":"post","link":"http:\/\/blogdoarmindomaia.com.br\/?p=1531","title":{"rendered":"Minas j\u00e1 garantiu R$ 235 bilh\u00f5es em investimentos e gerou meio milh\u00e3o de empregos"},"content":{"rendered":"\n<figure class=\"wp-block-image size-full\"><img loading=\"lazy\" decoding=\"async\" width=\"609\" height=\"475\" src=\"http:\/\/blogdoarmindomaia.com.br\/wp-content\/uploads\/2022\/06\/Minas-ja-garantiu-R-235-bilhoes-em-investimentos-e-gerou-meio-milhao-de-empregos-pag-08.jpg\" alt=\"\" class=\"wp-image-1532\" srcset=\"http:\/\/blogdoarmindomaia.com.br\/wp-content\/uploads\/2022\/06\/Minas-ja-garantiu-R-235-bilhoes-em-investimentos-e-gerou-meio-milhao-de-empregos-pag-08.jpg 609w, http:\/\/blogdoarmindomaia.com.br\/wp-content\/uploads\/2022\/06\/Minas-ja-garantiu-R-235-bilhoes-em-investimentos-e-gerou-meio-milhao-de-empregos-pag-08-300x234.jpg 300w\" sizes=\"auto, (max-width: 609px) 100vw, 609px\" \/><\/figure>\n\n\n\n<p>As pol\u00edticas p\u00fablicas criadas pelo&nbsp;<a href=\"http:\/\/www.mg.gov.br\/\" target=\"_blank\" rel=\"noreferrer noopener\">Governo de Minas<\/a>, que reduziram a burocracia e simplificaram a vida de quem gera emprego e renda no estado, garantiram a atra\u00e7\u00e3o recorde de investimentos, com aporte de R$ 235 bilh\u00f5es em 42 meses da atual gest\u00e3o. Este montante supera em 57% os R$ 150 bilh\u00f5es previstos em novos neg\u00f3cios&nbsp;at\u00e9 o final do Governo Zema. Na corrida por oportunidades, Minas saiu na frente tamb\u00e9m na gera\u00e7\u00e3o de empregos formais, possibilitando a cria\u00e7\u00e3o de 500 mil postos de trabalho para os mineiros.<br><br>\u201cUma das marcas da nossa gest\u00e3o \u00e9 justamente a atra\u00e7\u00e3o de investimentos. Trabalhamos para criar um ambiente de neg\u00f3cios atrativo e desburocratizado. Para isso, trabalhamos muito na simplifica\u00e7\u00e3o de procedimentos e da legisla\u00e7\u00e3o e investimos na capacita\u00e7\u00e3o de jovens e adultos no estado. O meu sonho \u00e9 um emprego digno para cada um dos mineiros&#8221;, enfatizou o governador Romeu Zema, lembrando que todo esse ambiente favor\u00e1vel, j\u00e1 permitiu que Minas criasse meio milh\u00e3o de empregos com carteira assinada.<br><br>O recorde na atra\u00e7\u00e3o de investimentos inclui projetos que v\u00e3o da implanta\u00e7\u00e3o&nbsp;ou mesmo da&nbsp;expans\u00e3o de novos neg\u00f3cios no estado. O programa de desburocratiza\u00e7\u00e3o&nbsp;<a href=\"http:\/\/www.desenvolvimento.mg.gov.br\/application\/projetos\/projeto\/1062\" target=\"_blank\" rel=\"noreferrer noopener\">Minas Livre para Crescer (MLPC)<\/a>, da&nbsp;<a href=\"http:\/\/www.desenvolvimento.mg.gov.br\/\" target=\"_blank\" rel=\"noreferrer noopener\">Secretaria de Estado de Desenvolvimento Econ\u00f4mico (Sede)<\/a>, tem conseguindo impulsionar as a\u00e7\u00f5es de desburocratiza\u00e7\u00e3o da m\u00e1quina p\u00fablica, ao mesmo tempo que oferece um ambiente mais favor\u00e1vel \u00e0 gera\u00e7\u00e3o de postos de trabalho.<br><br>Criado em dezembro de 2019, o MLPC incentiva o empreendedorismo no estado, &nbsp;propiciando o crescimento econ\u00f4mico e a gera\u00e7\u00e3o de emprego e renda. O programa garante a simplifica\u00e7\u00e3o de procedimentos e otimiza\u00e7\u00e3o da legisla\u00e7\u00e3o, de forma a assegurar garantias \u00e0 livre iniciativa. Atualmente, 236 munic\u00edpios j\u00e1 seguem as diretrizes programa do governo mineiro.<br><br>Mesmo com o per\u00edodo conturbado imposto pela pandemia de covid a partir de mar\u00e7o de 2020, Minas tem trilhado, desde o ano passado, a retomada do desenvolvimento econ\u00f4mico e gera\u00e7\u00e3o de empregos com carteira assinada. S\u00f3 para se ter uma ideia, de janeiro a abril deste ano, j\u00e1 foram criadas no Estado 78.443 postos de trabalho, especialmente nos setores de servi\u00e7os e ind\u00fastria, que t\u00eam liderado o emprego formal. Em tr\u00eas anos e seis meses da atual gest\u00e3o, j\u00e1 s\u00e3o 500 mil novas oportunidades para os mineiros. Desde o in\u00edcio do atual governo, Minas Gerais adotou como prioridade o apoio aos trabalhadores na busca de uma coloca\u00e7\u00e3o digna e na garantia da sua autonomia de renda.<\/p>\n","protected":false},"excerpt":{"rendered":"<p>As pol\u00edticas p\u00fablicas criadas pelo&nbsp;Governo de Minas, que reduziram a burocracia e simplificaram a vida de quem gera emprego e<\/p>\n","protected":false},"author":2,"featured_media":1532,"comment_status":"open","ping_status":"open","sticky":false,"template":"","format":"standard","meta":{"footnotes":""},"categories":[9,20],"tags":[],"class_list":["post-1531","post","type-post","status-publish","format-standard","has-post-thumbnail","hentry","category-araxa","category-minas-gerais"],"_links":{"self":[{"href":"http:\/\/blogdoarmindomaia.com.br\/index.php?rest_route=\/wp\/v2\/posts\/1531","targetHints":{"allow":["GET"]}}],"collection":[{"href":"http:\/\/blogdoarmindomaia.com.br\/index.php?rest_route=\/wp\/v2\/posts"}],"about":[{"href":"http:\/\/blogdoarmindomaia.com.br\/index.php?rest_route=\/wp\/v2\/types\/post"}],"author":[{"embeddable":true,"href":"http:\/\/blogdoarmindomaia.com.br\/index.php?rest_route=\/wp\/v2\/users\/2"}],"replies":[{"embeddable":true,"href":"http:\/\/blogdoarmindomaia.com.br\/index.php?rest_route=%2Fwp%2Fv2%2Fcomments&post=1531"}],"version-history":[{"count":1,"href":"http:\/\/blogdoarmindomaia.com.br\/index.php?rest_route=\/wp\/v2\/posts\/1531\/revisions"}],"predecessor-version":[{"id":1533,"href":"http:\/\/blogdoarmindomaia.com.br\/index.php?rest_route=\/wp\/v2\/posts\/1531\/revisions\/1533"}],"wp:featuredmedia":[{"embeddable":true,"href":"http:\/\/blogdoarmindomaia.com.br\/index.php?rest_route=\/wp\/v2\/media\/1532"}],"wp:attachment":[{"href":"http:\/\/blogdoarmindomaia.com.br\/index.php?rest_route=%2Fwp%2Fv2%2Fmedia&parent=1531"}],"wp:term":[{"taxonomy":"category","embeddable":true,"href":"http:\/\/blogdoarmindomaia.com.br\/index.php?rest_route=%2Fwp%2Fv2%2Fcategories&post=1531"},{"taxonomy":"post_tag","embeddable":true,"href":"http:\/\/blogdoarmindomaia.com.br\/index.php?rest_route=%2Fwp%2Fv2%2Ftags&post=1531"}],"curies":[{"name":"wp","href":"https:\/\/api.w.org\/{rel}","templated":true}]}}