{"id":1545,"date":"2022-06-21T14:25:42","date_gmt":"2022-06-21T17:25:42","guid":{"rendered":"http:\/\/blogdoarmindomaia.com.br\/?p=1545"},"modified":"2022-06-21T14:25:44","modified_gmt":"2022-06-21T17:25:44","slug":"reforma-do-aeroporto-de-araxa-esta-na-fase-de-implantacao-da-nova-cobertura","status":"publish","type":"post","link":"http:\/\/blogdoarmindomaia.com.br\/?p=1545","title":{"rendered":"Reforma do Aeroporto de Arax\u00e1 est\u00e1 na fase de implanta\u00e7\u00e3o da nova cobertura"},"content":{"rendered":"\n<figure class=\"wp-block-image size-full\"><img loading=\"lazy\" decoding=\"async\" width=\"1024\" height=\"683\" src=\"http:\/\/blogdoarmindomaia.com.br\/wp-content\/uploads\/2022\/06\/Reforma-do-Aeroporto-de-Araxa-esta-na-fase-de-implantacao-pag-04.jpeg\" alt=\"\" class=\"wp-image-1546\" srcset=\"http:\/\/blogdoarmindomaia.com.br\/wp-content\/uploads\/2022\/06\/Reforma-do-Aeroporto-de-Araxa-esta-na-fase-de-implantacao-pag-04.jpeg 1024w, http:\/\/blogdoarmindomaia.com.br\/wp-content\/uploads\/2022\/06\/Reforma-do-Aeroporto-de-Araxa-esta-na-fase-de-implantacao-pag-04-300x200.jpeg 300w, http:\/\/blogdoarmindomaia.com.br\/wp-content\/uploads\/2022\/06\/Reforma-do-Aeroporto-de-Araxa-esta-na-fase-de-implantacao-pag-04-768x512.jpeg 768w\" sizes=\"auto, (max-width: 1024px) 100vw, 1024px\" \/><\/figure>\n\n\n\n<p>A reforma geral do Aeroporto Municipal Romeu Zema est\u00e1 na fase de reparo da cobertura do pr\u00e9dio. A condi\u00e7\u00e3o estrutural do local foi recebida pela atual administra\u00e7\u00e3o como um grande desafio.<br><br>De acordo com a Secretaria Municipal de Obras P\u00fablicas e Mobilidade Urbana, o ponto mais cr\u00edtico \u00e9 na \u00e1rea de embarque, interditada desde 2020 por conta de uma forte chuva que danificou o telhado. Com a reforma completa do local, al\u00e9m da melhoria f\u00edsica, os voos comerciais, suspensos h\u00e1 mais de dois anos devido \u00e0 pandemia, poder\u00e3o retornar.<br><br>Toda a demanda conta com investimento de R$ 670 mil e est\u00e1 sendo executada pela empresa WN Loca\u00e7\u00f5es e Servi\u00e7os, ganhadora da licita\u00e7\u00e3o. A obra compreende readequa\u00e7\u00f5es de ambientes, substitui\u00e7\u00e3o de revestimentos, reforma de sanit\u00e1rios, pintura geral, al\u00e9m da recupera\u00e7\u00e3o do telhado.<br><br>A cobertura do terminal de passageiros j\u00e1 est\u00e1 sendo substitu\u00edda por telhas novas de fibrocimento, mantendo as caracter\u00edsticas originais da edifica\u00e7\u00e3o. O local tamb\u00e9m contar\u00e1 com dispositivos de prote\u00e7\u00e3o que ir\u00e3o impedir a entrada de pombos na laje, o que gerava um enorme problema no local devido \u00e0 prolifera\u00e7\u00e3o de pragas. Foi feita tamb\u00e9m a correta impermeabiliza\u00e7\u00e3o da calha central, com aplica\u00e7\u00e3o de manta asf\u00e1ltica.<br><br>O prefeito Robson Magela ressalta que a revitaliza\u00e7\u00e3o do Aeroporto Municipal vai proporcionar mais conforto e seguran\u00e7a, al\u00e9m de fomentar o turismo. \u201cEssa obra faz parte dos nossos esfor\u00e7os em posicionar o munic\u00edpio de Arax\u00e1 no circuito do turismo nacional. \u00c9 mais desenvolvimento para a cidade\u201d, destaca o prefeito.<br><\/p>\n","protected":false},"excerpt":{"rendered":"<p>A reforma geral do Aeroporto Municipal Romeu Zema est\u00e1 na fase de reparo da cobertura do pr\u00e9dio. A condi\u00e7\u00e3o estrutural<\/p>\n","protected":false},"author":2,"featured_media":1546,"comment_status":"open","ping_status":"open","sticky":false,"template":"","format":"standard","meta":{"footnotes":""},"categories":[9,11],"tags":[],"class_list":["post-1545","post","type-post","status-publish","format-standard","has-post-thumbnail","hentry","category-araxa","category-destaques"],"_links":{"self":[{"href":"http:\/\/blogdoarmindomaia.com.br\/index.php?rest_route=\/wp\/v2\/posts\/1545","targetHints":{"allow":["GET"]}}],"collection":[{"href":"http:\/\/blogdoarmindomaia.com.br\/index.php?rest_route=\/wp\/v2\/posts"}],"about":[{"href":"http:\/\/blogdoarmindomaia.com.br\/index.php?rest_route=\/wp\/v2\/types\/post"}],"author":[{"embeddable":true,"href":"http:\/\/blogdoarmindomaia.com.br\/index.php?rest_route=\/wp\/v2\/users\/2"}],"replies":[{"embeddable":true,"href":"http:\/\/blogdoarmindomaia.com.br\/index.php?rest_route=%2Fwp%2Fv2%2Fcomments&post=1545"}],"version-history":[{"count":1,"href":"http:\/\/blogdoarmindomaia.com.br\/index.php?rest_route=\/wp\/v2\/posts\/1545\/revisions"}],"predecessor-version":[{"id":1547,"href":"http:\/\/blogdoarmindomaia.com.br\/index.php?rest_route=\/wp\/v2\/posts\/1545\/revisions\/1547"}],"wp:featuredmedia":[{"embeddable":true,"href":"http:\/\/blogdoarmindomaia.com.br\/index.php?rest_route=\/wp\/v2\/media\/1546"}],"wp:attachment":[{"href":"http:\/\/blogdoarmindomaia.com.br\/index.php?rest_route=%2Fwp%2Fv2%2Fmedia&parent=1545"}],"wp:term":[{"taxonomy":"category","embeddable":true,"href":"http:\/\/blogdoarmindomaia.com.br\/index.php?rest_route=%2Fwp%2Fv2%2Fcategories&post=1545"},{"taxonomy":"post_tag","embeddable":true,"href":"http:\/\/blogdoarmindomaia.com.br\/index.php?rest_route=%2Fwp%2Fv2%2Ftags&post=1545"}],"curies":[{"name":"wp","href":"https:\/\/api.w.org\/{rel}","templated":true}]}}