{"id":1555,"date":"2022-06-21T14:39:42","date_gmt":"2022-06-21T17:39:42","guid":{"rendered":"http:\/\/blogdoarmindomaia.com.br\/?p=1555"},"modified":"2022-06-21T14:39:44","modified_gmt":"2022-06-21T17:39:44","slug":"ipdsa-intensifica-fiscalizacao-e-alerta-aos-males-causados-pelas-queimadas","status":"publish","type":"post","link":"http:\/\/blogdoarmindomaia.com.br\/?p=1555","title":{"rendered":"IPDSA intensifica fiscaliza\u00e7\u00e3o e alerta aos males causados pelas queimadas"},"content":{"rendered":"\n<figure class=\"wp-block-image size-full\"><img loading=\"lazy\" decoding=\"async\" width=\"1024\" height=\"683\" src=\"http:\/\/blogdoarmindomaia.com.br\/wp-content\/uploads\/2022\/06\/IPDSA-intensifica-fiscalizacao-e-alerta-aos-males-causados-pelas-queimadas-pag-06.jpeg\" alt=\"\" class=\"wp-image-1556\" srcset=\"http:\/\/blogdoarmindomaia.com.br\/wp-content\/uploads\/2022\/06\/IPDSA-intensifica-fiscalizacao-e-alerta-aos-males-causados-pelas-queimadas-pag-06.jpeg 1024w, http:\/\/blogdoarmindomaia.com.br\/wp-content\/uploads\/2022\/06\/IPDSA-intensifica-fiscalizacao-e-alerta-aos-males-causados-pelas-queimadas-pag-06-300x200.jpeg 300w, http:\/\/blogdoarmindomaia.com.br\/wp-content\/uploads\/2022\/06\/IPDSA-intensifica-fiscalizacao-e-alerta-aos-males-causados-pelas-queimadas-pag-06-768x512.jpeg 768w\" sizes=\"auto, (max-width: 1024px) 100vw, 1024px\" \/><\/figure>\n\n\n\n<p>Nesta \u00e9poca do ano, per\u00edodo de estiagem e, consequentemente, de seca, lotes vagos e com mato elevado acabam se tornando pontos causadores de enormes danos \u00e0 popula\u00e7\u00e3o e \u00e0 pr\u00f3pria vegeta\u00e7\u00e3o por consequ\u00eancia das queimadas. Desta maneira, \u00f3rg\u00e3os ambientais, como o Instituto de Planejamento e Desenvolvimento Sustent\u00e1vel de Arax\u00e1 (IPDSA), intensificou a fiscaliza\u00e7\u00e3o desses locais. De acordo com o chefe da Divis\u00e3o do Meio Ambiente do IPDSA, Vin\u00edcius Martins, prevenir inc\u00eandios atrav\u00e9s do cuidado constante dos lotes vazios, por exemplo, traz resultados positivos, principalmente \u00e0 sa\u00fade das pessoas e dos animais, al\u00e9m da preserva\u00e7\u00e3o da natureza. J\u00e1 a falta de consci\u00eancia da popula\u00e7\u00e3o em rela\u00e7\u00e3o \u00e0s queimadas, diz Vin\u00edcius, pode provocar e agravar doen\u00e7as respirat\u00f3rias, causar irrita\u00e7\u00e3o nos olhos, na garganta ou at\u00e9 mesmo graves acidentes. \u201cAl\u00e9m disso, qualquer fagulha pode ocasionar interrup\u00e7\u00f5es de energia, desmatamento, polui\u00e7\u00e3o e aumento da temperatura da cidade, acarretando inclusive, a morte de animais\u201d, afirma. De acordo com o art. 41 da Lei 9.605\/98, provocar inc\u00eandio em mata ou floresta \u00e9 tipificado como crime ambiental, que pode resultar em pena de reclus\u00e3o de dois a quatro anos, al\u00e9m de multa. J\u00e1 o artigo 151 do C\u00f3digo de Posturas do Munic\u00edpio destaca que a pena para terrenos sujos \u00e9 de 5 UFPAs (Unidades Fiscais da Prefeitura de Arax\u00e1), o que equivale a um total de R$ 310. A notifica\u00e7\u00e3o \u00e9 enviada pelos Correios e o respons\u00e1vel pelo im\u00f3vel tem prazo de 20 dias para realizar a limpeza. Se isso n\u00e3o acontecer, \u00e9 lavrada a multa. Se houver reincid\u00eancia no prazo de 12 meses, a multa \u00e9 dobrada. \u201cO objetivo dos \u00f3rg\u00e3os ambientais \u00e9 conscientizar a popula\u00e7\u00e3o para que as pessoas sejam multiplicadoras de a\u00e7\u00f5es positivas em sua rua, bairro, com a fam\u00edlia ou amigos. Somente assim problemas ambientais t\u00e3o graves como esse poder\u00e3o ser evitados. Prevenir inc\u00eandios \u00e9 proteger a natureza, cuidar da sua sa\u00fade e das pessoas \u00e0 sua volta\u201d, reitera Vin\u00edcius. Ele alerta os cidad\u00e3os para que diversas pr\u00e1ticas n\u00e3o sejam realizadas, independentemente da \u00e9poca do ano. \u201cN\u00e3o se deve atear fogo para limpar seu terreno, nem queimar lixo, folhas e entulhos. N\u00e3o jogar cigarros ou f\u00f3sforos acesos no solo tamb\u00e9m contribui com o meio ambiente. Caso a popula\u00e7\u00e3o presencie descartes irregulares ou lix\u00f5es clandestinos, deve-se denunciar o autor da pr\u00e1tica irregular\u201d, conclui.<br><br>O contato do IPDSA \u00e9 o (34) 3661-3675.<br><\/p>\n","protected":false},"excerpt":{"rendered":"<p>Nesta \u00e9poca do ano, per\u00edodo de estiagem e, consequentemente, de seca, lotes vagos e com mato elevado acabam se tornando<\/p>\n","protected":false},"author":2,"featured_media":1556,"comment_status":"open","ping_status":"open","sticky":false,"template":"","format":"standard","meta":{"footnotes":""},"categories":[9,11],"tags":[],"class_list":["post-1555","post","type-post","status-publish","format-standard","has-post-thumbnail","hentry","category-araxa","category-destaques"],"_links":{"self":[{"href":"http:\/\/blogdoarmindomaia.com.br\/index.php?rest_route=\/wp\/v2\/posts\/1555","targetHints":{"allow":["GET"]}}],"collection":[{"href":"http:\/\/blogdoarmindomaia.com.br\/index.php?rest_route=\/wp\/v2\/posts"}],"about":[{"href":"http:\/\/blogdoarmindomaia.com.br\/index.php?rest_route=\/wp\/v2\/types\/post"}],"author":[{"embeddable":true,"href":"http:\/\/blogdoarmindomaia.com.br\/index.php?rest_route=\/wp\/v2\/users\/2"}],"replies":[{"embeddable":true,"href":"http:\/\/blogdoarmindomaia.com.br\/index.php?rest_route=%2Fwp%2Fv2%2Fcomments&post=1555"}],"version-history":[{"count":1,"href":"http:\/\/blogdoarmindomaia.com.br\/index.php?rest_route=\/wp\/v2\/posts\/1555\/revisions"}],"predecessor-version":[{"id":1557,"href":"http:\/\/blogdoarmindomaia.com.br\/index.php?rest_route=\/wp\/v2\/posts\/1555\/revisions\/1557"}],"wp:featuredmedia":[{"embeddable":true,"href":"http:\/\/blogdoarmindomaia.com.br\/index.php?rest_route=\/wp\/v2\/media\/1556"}],"wp:attachment":[{"href":"http:\/\/blogdoarmindomaia.com.br\/index.php?rest_route=%2Fwp%2Fv2%2Fmedia&parent=1555"}],"wp:term":[{"taxonomy":"category","embeddable":true,"href":"http:\/\/blogdoarmindomaia.com.br\/index.php?rest_route=%2Fwp%2Fv2%2Fcategories&post=1555"},{"taxonomy":"post_tag","embeddable":true,"href":"http:\/\/blogdoarmindomaia.com.br\/index.php?rest_route=%2Fwp%2Fv2%2Ftags&post=1555"}],"curies":[{"name":"wp","href":"https:\/\/api.w.org\/{rel}","templated":true}]}}