{"id":1564,"date":"2022-06-21T14:51:40","date_gmt":"2022-06-21T17:51:40","guid":{"rendered":"http:\/\/blogdoarmindomaia.com.br\/?p=1564"},"modified":"2022-06-21T14:51:42","modified_gmt":"2022-06-21T17:51:42","slug":"educacao-homenageia-estudantes-selecionados-para-a-aajl%ef%bf%bc","status":"publish","type":"post","link":"http:\/\/blogdoarmindomaia.com.br\/?p=1564","title":{"rendered":"Educa\u00e7\u00e3o homenageia estudantes selecionados para a AAJL\ufffc"},"content":{"rendered":"\n<figure class=\"wp-block-image size-full\"><img loading=\"lazy\" decoding=\"async\" width=\"1024\" height=\"683\" src=\"http:\/\/blogdoarmindomaia.com.br\/wp-content\/uploads\/2022\/06\/Academia-Araxaense-Juvenil-de-Letras-6.jpeg\" alt=\"\" class=\"wp-image-1566\" srcset=\"http:\/\/blogdoarmindomaia.com.br\/wp-content\/uploads\/2022\/06\/Academia-Araxaense-Juvenil-de-Letras-6.jpeg 1024w, http:\/\/blogdoarmindomaia.com.br\/wp-content\/uploads\/2022\/06\/Academia-Araxaense-Juvenil-de-Letras-6-300x200.jpeg 300w, http:\/\/blogdoarmindomaia.com.br\/wp-content\/uploads\/2022\/06\/Academia-Araxaense-Juvenil-de-Letras-6-768x512.jpeg 768w\" sizes=\"auto, (max-width: 1024px) 100vw, 1024px\" \/><\/figure>\n\n\n\n<p>A Secretaria Municipal de Educa\u00e7\u00e3o realizou, na manh\u00e3 desta quarta-feira (15), uma cerim\u00f4nia especial para homenagear alunos da rede municipal de ensino selecionados para integrar a Academia Araxaense Juvenil de Letras (AAJULE). O evento contou com a presen\u00e7a de professores e diretores das escolas participantes, al\u00e9m de profissionais da \u00e1rea.<br><br>A escolha dos integrantes, que possuem entre 13 e 18 anos, foi realizado atrav\u00e9s de concurso entre todas as escolas do munic\u00edpio. Por meio da Academia Araxaense de Letras (AAL), representada pelo presidente Luiz Humberto Fran\u00e7a, foi promovido um ciclo de palestras nas institui\u00e7\u00f5es de ensino e, na oportunidade, ele destacou a import\u00e2ncia da AAL na cidade, convidando os alunos a participar do concurso de reda\u00e7\u00e3o com o tema \u201cMetamorfose\u201d.<br><br>Entre titulares e suplentes da Academia Juvenil, os estudantes e educadores receberam homenagens e reconhecimento pelo brilhante trabalho desenvolvido. A posse ser\u00e1 dada pela AAL.<br><br>A aluna da Escola Municipal Aziz J. Chaer, Shayene Ribeiro da Silva, de 14 anos, conta sobre a emo\u00e7\u00e3o de participar de integrar a AAJULE. \u201cEstou muito feliz porque \u00e9 uma grande conquista para mim e para minhas amigas tamb\u00e9m. Est\u00e1vamos muito ansiosas para participar da Academia e quando fomos selecionadas a emo\u00e7\u00e3o foi enorme. Eu amo ler e escrever e levarei esse momento com enorme carinho por toda a minha vida.\u201d<br><br>Integrantes<br><br>&#8211; Escola Municipal Professora Auxiliadora Paiva: Amanda Vit\u00f3ria Campos Moreira e C\u00e1ssio Willian Freire J\u00fanior (titulares)<br><br>&#8211; Escola Municipal Padre In\u00e1cio: L\u00e1zaro Ant\u00f4nio Pereira Rocha, Maria Eduarda Gon\u00e7alves Silva e Maria Fernanda Silva Ferreira de Souza (titulares)<br><br>&#8211; Escola Municipal Ant\u00f4nio Augusto de Paiva: Layza Edwirges Ferreira de Paiva (titular), Manuelle Souza Matias (titular) e Lilian Lima dos Santos (suplente)<br><br>&#8211; Escola Municipal Rom\u00e1lia Porf\u00edrio de Azevedo Leite: Ana Beatriz dos Santos, Maria Fernanda Durante Silva e Vit\u00f3ria Aparecida do Carmo Silva (titulares)<br><br>&#8211; Escola Municipal Professora Leonilda Montadon (Caic): Nicole Wendy de Oliveira Rosa (titular) e Mary Helen Rodrigues Carneiro (suplente)<br><br>&#8211; Escola Municipal Aziz J. Chaer: Shayene Ribeiro da Silva (titular), Yara Abadia Rodrigues de Oliveira (suplente) e Nyca\u00e9ly Irany Dias Ferreira (suplente)<\/p>\n","protected":false},"excerpt":{"rendered":"<p>A Secretaria Municipal de Educa\u00e7\u00e3o realizou, na manh\u00e3 desta quarta-feira (15), uma cerim\u00f4nia especial para homenagear alunos da rede municipal<\/p>\n","protected":false},"author":2,"featured_media":1566,"comment_status":"open","ping_status":"open","sticky":false,"template":"","format":"standard","meta":{"footnotes":""},"categories":[9,5],"tags":[],"class_list":["post-1564","post","type-post","status-publish","format-standard","has-post-thumbnail","hentry","category-araxa","category-arte-e-cultura"],"_links":{"self":[{"href":"http:\/\/blogdoarmindomaia.com.br\/index.php?rest_route=\/wp\/v2\/posts\/1564","targetHints":{"allow":["GET"]}}],"collection":[{"href":"http:\/\/blogdoarmindomaia.com.br\/index.php?rest_route=\/wp\/v2\/posts"}],"about":[{"href":"http:\/\/blogdoarmindomaia.com.br\/index.php?rest_route=\/wp\/v2\/types\/post"}],"author":[{"embeddable":true,"href":"http:\/\/blogdoarmindomaia.com.br\/index.php?rest_route=\/wp\/v2\/users\/2"}],"replies":[{"embeddable":true,"href":"http:\/\/blogdoarmindomaia.com.br\/index.php?rest_route=%2Fwp%2Fv2%2Fcomments&post=1564"}],"version-history":[{"count":1,"href":"http:\/\/blogdoarmindomaia.com.br\/index.php?rest_route=\/wp\/v2\/posts\/1564\/revisions"}],"predecessor-version":[{"id":1567,"href":"http:\/\/blogdoarmindomaia.com.br\/index.php?rest_route=\/wp\/v2\/posts\/1564\/revisions\/1567"}],"wp:featuredmedia":[{"embeddable":true,"href":"http:\/\/blogdoarmindomaia.com.br\/index.php?rest_route=\/wp\/v2\/media\/1566"}],"wp:attachment":[{"href":"http:\/\/blogdoarmindomaia.com.br\/index.php?rest_route=%2Fwp%2Fv2%2Fmedia&parent=1564"}],"wp:term":[{"taxonomy":"category","embeddable":true,"href":"http:\/\/blogdoarmindomaia.com.br\/index.php?rest_route=%2Fwp%2Fv2%2Fcategories&post=1564"},{"taxonomy":"post_tag","embeddable":true,"href":"http:\/\/blogdoarmindomaia.com.br\/index.php?rest_route=%2Fwp%2Fv2%2Ftags&post=1564"}],"curies":[{"name":"wp","href":"https:\/\/api.w.org\/{rel}","templated":true}]}}