{"id":1576,"date":"2022-06-23T14:27:18","date_gmt":"2022-06-23T17:27:18","guid":{"rendered":"http:\/\/blogdoarmindomaia.com.br\/?p=1576"},"modified":"2022-06-23T14:27:20","modified_gmt":"2022-06-23T17:27:20","slug":"igreja-matriz-de-sao-domingos-entenda-por-que-a-reforma-e-tao-urgente","status":"publish","type":"post","link":"http:\/\/blogdoarmindomaia.com.br\/?p=1576","title":{"rendered":"Igreja Matriz de S\u00e3o Domingos: entenda por que a reforma \u00e9 t\u00e3o urgente"},"content":{"rendered":"\n<p><\/p>\n\n\n\n<figure class=\"wp-block-image size-large\"><img loading=\"lazy\" decoding=\"async\" width=\"1024\" height=\"576\" src=\"http:\/\/blogdoarmindomaia.com.br\/wp-content\/uploads\/2022\/06\/matriz_3-1024x576.jpg\" alt=\"\" class=\"wp-image-1577\" srcset=\"http:\/\/blogdoarmindomaia.com.br\/wp-content\/uploads\/2022\/06\/matriz_3-1024x576.jpg 1024w, http:\/\/blogdoarmindomaia.com.br\/wp-content\/uploads\/2022\/06\/matriz_3-300x169.jpg 300w, http:\/\/blogdoarmindomaia.com.br\/wp-content\/uploads\/2022\/06\/matriz_3-768x432.jpg 768w, http:\/\/blogdoarmindomaia.com.br\/wp-content\/uploads\/2022\/06\/matriz_3.jpg 1280w\" sizes=\"auto, (max-width: 1024px) 100vw, 1024px\" \/><\/figure>\n\n\n\n<p>As obras na Igreja Matriz de S\u00e3o Domingos est\u00e3o em ritmo acelerado. O trabalho, que teve in\u00edcio em abril, \u00e9 realizado pela Funda\u00e7\u00e3o Cultural Acia (Facia), por meio da Lei de Incentivo \u00e0 Cultura e tem patroc\u00ednio da CBMM.&nbsp; \u201cEstamos come\u00e7ando de cima para baixo, pelas partes mais delicadas do projeto, que s\u00e3o o telhado e a torre. Foi removido 100% do telhado. N\u00f3s gastamos mais de 25 ca\u00e7ambas s\u00f3 para descartar as telhas que estavam l\u00e1. Removemos ainda de 70% a 80% do madeiramento, ou seja, estamos fazendo um madeiramento praticamente novo em toda extens\u00e3o do telhado que d\u00e1 mais de tr\u00eas mil metros quadrados. N\u00f3s estamos substituindo tamb\u00e9m 100% da manta, aumentando em mais ou menos 150% a capacidade das calhas\u201d, ressalta Daiana Aquino Moura, engenheira respons\u00e1vel pela obra.<\/p>\n\n\n\n<p>Daiana explica que a preocupa\u00e7\u00e3o com o telhado \u00e9 essencial, j\u00e1 que este foi o local que deu origem a maior parte dos problemas estruturais hoje identificados no pr\u00e9dio. \u201cAs calhas e rufos n\u00e3o estavam comportando o volume pluvial que cai no telhado. Uma vez que isso acontece, aquela manta que normalmente fica abaixo da telha e do madeiramento n\u00e3o suporta, fura e o volume de \u00e1gua desce. \u00c9 onde come\u00e7ou o problema\u201d, explica Daiana que adianta que, ap\u00f3s a troca do madeiramento e da manta, os profissionais que trabalham na obra j\u00e1 est\u00e3o come\u00e7ando a montagem das telhas francesas, que fazem parte do projeto original. \u201cEla \u00e9 superdif\u00edcil de manusear, escorrega, mas a gente tem que preservar a originalidade e assim estamos fazendo\u201d, ressalta.<\/p>\n\n\n\n<p>O foco neste momento \u00e9 solucionar os problemas considerados como prim\u00e1rios, por isso, outro ponto de aten\u00e7\u00e3o \u00e9 a torre principal. \u201cNormalmente projetos arquitet\u00f4nicos mais antigos n\u00e3o previam um n\u00edvel de circula\u00e7\u00e3o de ar. Com essa quest\u00e3o do telhado, a torre foi adquirindo umidade, \u00e9 um local sem circula\u00e7\u00e3o e essa situa\u00e7\u00e3o, somada ao calor, \u00e9 como se hoje o concreto estivesse cozinhando l\u00e1 dentro. A torre est\u00e1 toda infiltrada por dentro e a\u00ed come\u00e7a um risco estrutural mesmo de desprender o concreto da ferragem, o que \u00e9 muito grave\u201d, alerta.<\/p>\n\n\n\n<p>No interior da torre, o trabalho deste momento \u00e9 de refazer todas as \u00e1reas de concreto, criando \u00e1reas de circula\u00e7\u00e3o na parte superior. \u201cEm outras frentes, j\u00e1 come\u00e7amos a substituir alguns ladrilhos, estamos fazendo a remo\u00e7\u00e3o e adequa\u00e7\u00e3o das estruturas das janelas e vamos trabalhar em toda a estrutura el\u00e9trica e hidrossanit\u00e1ria\u201d, adianta.<\/p>\n\n\n\n<p>A expectativa \u00e9 de que a obra, que tem quatro etapas, seja conclu\u00edda em dezembro.<\/p>\n\n\n\n<p><strong>Hist\u00f3rico<\/strong><\/p>\n\n\n\n<p>Do planejamento ao t\u00e9rmino, as obras de constru\u00e7\u00e3o da Igreja Matriz de S\u00e3o Domingos duraram mais de 40 anos. Entre 1911 e 1948 a comunidade religiosa de Arax\u00e1 acompanhou de perto a evolu\u00e7\u00e3o dos trabalhos, bem como algumas paralisa\u00e7\u00f5es.<\/p>\n\n\n\n<p>Segundo registros da Funda\u00e7\u00e3o Cultural Calmon Barreto, em 24 de agosto de 1948, o vig\u00e1rio Pe. Philippini anotou nos arquivos o seguinte: \u201cTerminam-se por completo todos os trabalhos de consolida\u00e7\u00e3o, revestimento interno e externo, forro e piso da Matriz, a escadaria, as depend\u00eancias, a sacristia, a torre, a grade em redor da igreja, e jardim; numa palavra, est\u00e1 prompta, acabada a obra que me propuz a fazer. Deo gratias&#8230;\u201d<\/p>\n\n\n\n<p>O estilo arquitet\u00f4nico da Igreja Matriz de S\u00e3o Domingos re\u00fane caracter\u00edsticas romanas com elementos g\u00f3ticos. Destaque para a beleza das pinturas murais, vitrais e elementos decorativos.<\/p>\n\n\n\n<p>A reforma que garantir\u00e1 a preserva\u00e7\u00e3o deste patrim\u00f4nio \u00e9 promovida pela Funda\u00e7\u00e3o Cultural Acia (Facia) e tem o patroc\u00ednio da CBMM, atrav\u00e9s da Lei de Incentivo \u00e0 Cultura, da Secretaria Especial de Cultura do Minist\u00e9rio do Turismo, Governo Federal.&nbsp;<\/p>\n\n\n\n<p><strong>Missas<\/strong><\/p>\n\n\n\n<p>Durante o per\u00edodo da restaura\u00e7\u00e3o, as missas realizadas na Matriz foram transferidas para o Col\u00e9gio Dom Bosco (Av. Imbiara, 130).<\/p>\n\n\n\n<p>Houve altera\u00e7\u00f5es nos hor\u00e1rios:<\/p>\n\n\n\n<p>&#8211;&nbsp;&nbsp;&nbsp;&nbsp;&nbsp;&nbsp;Segunda a s\u00e1bado &#8211; 19h<\/p>\n\n\n\n<p>&#8211;&nbsp;&nbsp;&nbsp;&nbsp;&nbsp;&nbsp;Domingo &#8211; 7h, 9h, 17h30 e 19h30<\/p>\n","protected":false},"excerpt":{"rendered":"<p>As obras na Igreja Matriz de S\u00e3o Domingos est\u00e3o em ritmo acelerado. O trabalho, que teve in\u00edcio em abril, \u00e9<\/p>\n","protected":false},"author":2,"featured_media":1577,"comment_status":"open","ping_status":"open","sticky":false,"template":"","format":"standard","meta":{"footnotes":""},"categories":[9,11],"tags":[],"class_list":["post-1576","post","type-post","status-publish","format-standard","has-post-thumbnail","hentry","category-araxa","category-destaques"],"_links":{"self":[{"href":"http:\/\/blogdoarmindomaia.com.br\/index.php?rest_route=\/wp\/v2\/posts\/1576","targetHints":{"allow":["GET"]}}],"collection":[{"href":"http:\/\/blogdoarmindomaia.com.br\/index.php?rest_route=\/wp\/v2\/posts"}],"about":[{"href":"http:\/\/blogdoarmindomaia.com.br\/index.php?rest_route=\/wp\/v2\/types\/post"}],"author":[{"embeddable":true,"href":"http:\/\/blogdoarmindomaia.com.br\/index.php?rest_route=\/wp\/v2\/users\/2"}],"replies":[{"embeddable":true,"href":"http:\/\/blogdoarmindomaia.com.br\/index.php?rest_route=%2Fwp%2Fv2%2Fcomments&post=1576"}],"version-history":[{"count":1,"href":"http:\/\/blogdoarmindomaia.com.br\/index.php?rest_route=\/wp\/v2\/posts\/1576\/revisions"}],"predecessor-version":[{"id":1578,"href":"http:\/\/blogdoarmindomaia.com.br\/index.php?rest_route=\/wp\/v2\/posts\/1576\/revisions\/1578"}],"wp:featuredmedia":[{"embeddable":true,"href":"http:\/\/blogdoarmindomaia.com.br\/index.php?rest_route=\/wp\/v2\/media\/1577"}],"wp:attachment":[{"href":"http:\/\/blogdoarmindomaia.com.br\/index.php?rest_route=%2Fwp%2Fv2%2Fmedia&parent=1576"}],"wp:term":[{"taxonomy":"category","embeddable":true,"href":"http:\/\/blogdoarmindomaia.com.br\/index.php?rest_route=%2Fwp%2Fv2%2Fcategories&post=1576"},{"taxonomy":"post_tag","embeddable":true,"href":"http:\/\/blogdoarmindomaia.com.br\/index.php?rest_route=%2Fwp%2Fv2%2Ftags&post=1576"}],"curies":[{"name":"wp","href":"https:\/\/api.w.org\/{rel}","templated":true}]}}