{"id":1580,"date":"2022-06-23T16:02:22","date_gmt":"2022-06-23T19:02:22","guid":{"rendered":"http:\/\/blogdoarmindomaia.com.br\/?p=1580"},"modified":"2022-06-23T16:02:28","modified_gmt":"2022-06-23T19:02:28","slug":"agencia-da-receita-federal-de-araxa-tem-novo-agente-coordenador","status":"publish","type":"post","link":"http:\/\/blogdoarmindomaia.com.br\/?p=1580","title":{"rendered":"Ag\u00eancia da Receita Federal de Arax\u00e1 tem novo Agente Coordenador"},"content":{"rendered":"\n<figure class=\"wp-block-image size-large\"><img loading=\"lazy\" decoding=\"async\" width=\"1024\" height=\"768\" src=\"http:\/\/blogdoarmindomaia.com.br\/wp-content\/uploads\/2022\/06\/Agencia-da-Receita-Federal-de-Araxa-tem-novo-Agente-no-comando-pag-1024x768.jpg\" alt=\"\" class=\"wp-image-1584\" srcset=\"http:\/\/blogdoarmindomaia.com.br\/wp-content\/uploads\/2022\/06\/Agencia-da-Receita-Federal-de-Araxa-tem-novo-Agente-no-comando-pag-1024x768.jpg 1024w, http:\/\/blogdoarmindomaia.com.br\/wp-content\/uploads\/2022\/06\/Agencia-da-Receita-Federal-de-Araxa-tem-novo-Agente-no-comando-pag-300x225.jpg 300w, http:\/\/blogdoarmindomaia.com.br\/wp-content\/uploads\/2022\/06\/Agencia-da-Receita-Federal-de-Araxa-tem-novo-Agente-no-comando-pag-768x576.jpg 768w, http:\/\/blogdoarmindomaia.com.br\/wp-content\/uploads\/2022\/06\/Agencia-da-Receita-Federal-de-Araxa-tem-novo-Agente-no-comando-pag-1536x1152.jpg 1536w, http:\/\/blogdoarmindomaia.com.br\/wp-content\/uploads\/2022\/06\/Agencia-da-Receita-Federal-de-Araxa-tem-novo-Agente-no-comando-pag.jpg 1600w\" sizes=\"auto, (max-width: 1024px) 100vw, 1024px\" \/><\/figure>\n\n\n\n<figure class=\"wp-block-image size-large\"><img loading=\"lazy\" decoding=\"async\" width=\"766\" height=\"1024\" src=\"http:\/\/blogdoarmindomaia.com.br\/wp-content\/uploads\/2022\/06\/1656004106227-1-766x1024.jpg\" alt=\"\" class=\"wp-image-1583\" srcset=\"http:\/\/blogdoarmindomaia.com.br\/wp-content\/uploads\/2022\/06\/1656004106227-1-766x1024.jpg 766w, http:\/\/blogdoarmindomaia.com.br\/wp-content\/uploads\/2022\/06\/1656004106227-1-225x300.jpg 225w, http:\/\/blogdoarmindomaia.com.br\/wp-content\/uploads\/2022\/06\/1656004106227-1-768x1026.jpg 768w, http:\/\/blogdoarmindomaia.com.br\/wp-content\/uploads\/2022\/06\/1656004106227-1.jpg 958w\" sizes=\"auto, (max-width: 766px) 100vw, 766px\" \/><\/figure>\n\n\n\n<figure class=\"wp-block-image size-large\"><img loading=\"lazy\" decoding=\"async\" width=\"1024\" height=\"768\" src=\"http:\/\/blogdoarmindomaia.com.br\/wp-content\/uploads\/2022\/06\/1656004149122-1024x768.jpg\" alt=\"\" class=\"wp-image-1582\" srcset=\"http:\/\/blogdoarmindomaia.com.br\/wp-content\/uploads\/2022\/06\/1656004149122-1024x768.jpg 1024w, http:\/\/blogdoarmindomaia.com.br\/wp-content\/uploads\/2022\/06\/1656004149122-300x225.jpg 300w, http:\/\/blogdoarmindomaia.com.br\/wp-content\/uploads\/2022\/06\/1656004149122-768x576.jpg 768w, http:\/\/blogdoarmindomaia.com.br\/wp-content\/uploads\/2022\/06\/1656004149122-1536x1152.jpg 1536w, http:\/\/blogdoarmindomaia.com.br\/wp-content\/uploads\/2022\/06\/1656004149122.jpg 2000w\" sizes=\"auto, (max-width: 1024px) 100vw, 1024px\" \/><\/figure>\n\n\n\n<figure class=\"wp-block-image size-large\"><img loading=\"lazy\" decoding=\"async\" width=\"766\" height=\"1024\" src=\"http:\/\/blogdoarmindomaia.com.br\/wp-content\/uploads\/2022\/06\/1656004106227-766x1024.jpg\" alt=\"\" class=\"wp-image-1581\" srcset=\"http:\/\/blogdoarmindomaia.com.br\/wp-content\/uploads\/2022\/06\/1656004106227-766x1024.jpg 766w, http:\/\/blogdoarmindomaia.com.br\/wp-content\/uploads\/2022\/06\/1656004106227-225x300.jpg 225w, http:\/\/blogdoarmindomaia.com.br\/wp-content\/uploads\/2022\/06\/1656004106227-768x1026.jpg 768w, http:\/\/blogdoarmindomaia.com.br\/wp-content\/uploads\/2022\/06\/1656004106227.jpg 958w\" sizes=\"auto, (max-width: 766px) 100vw, 766px\" \/><\/figure>\n\n\n\n<p>O novo Agente da&nbsp; Unidade da Receita Federal de Arax\u00e1 \u00e9 Eduardo Pastor Paragass\u00fa que j\u00e1 trabalhava na ag\u00eancia.&nbsp; A solenidade de posse foi na manh\u00e3 da \u00faltima quarta-feira, dia 22 de junho, na sede Ag\u00eancia da Receita Federal de Arax\u00e1, de forma presencial. Participaram do evento as seguintes autoridades;<\/p>\n\n\n\n<ul class=\"wp-block-list\"><li>Dra. D\u00e9bora Melo Vale, presidente da OAB Arax\u00e1<\/li><li>Osmar Gon\u00e7alves dos Santos &#8211; presidente do Sindicato Rural de Arax\u00e1<\/li><li>Marcio Magela &#8211; membro do&nbsp;Sindicato Rural de Arax\u00e1<\/li><li>Marcelo Alves &#8211;&nbsp;membro do&nbsp;Sindicato Rural de Arax\u00e1<\/li><li>Luiz Carlos Mo\u00e7o, professor&nbsp;do curso de Administra\u00e7\u00e3o e Ci\u00eancias Cont\u00e1beis (Uniarax\u00e1)<\/li><li>Dr. Rick Paranhos, secret\u00e1rio de governo<strong>&nbsp;( representando o Prefeito Municipal Robson Magela) e os f<\/strong>amiliares do Analista Tribut\u00e1rio Eduardo Pastor Paraguassu:<\/li><li>Nuizelena Alves Paraguassu (esposa)<\/li><li>Caio Mario Paraguassu (filho)<\/li><\/ul>\n\n\n\n<p>&nbsp;Membros da Receita Federal que estiveram presentes<\/p>\n\n\n\n<p>\u2002\u2002\u2002\u2002\u2002&nbsp; Superintend\u00eancia &#8211;&nbsp;<strong>Superintendente M\u00e1rio Jos\u00e9 Dehon S\u00e3o Thiago Santiago<\/strong><\/p>\n\n\n\n<p>&nbsp; &nbsp; &nbsp; &nbsp; &nbsp; &nbsp;&nbsp;<strong>&nbsp;Superintendente adjunto Orlando Soares dos Santos<\/strong><\/p>\n\n\n\n<p>\u2002\u2002\u2002\u2002\u2002\u2002DRF\/Uberl\u00e2ndia &#8211;<strong>&nbsp;Delegado Luiz Claudio Martins Henriques<\/strong><\/p>\n\n\n\n<p>\u2002\u2002\u2002\u2002\u2002\u2002<strong>ARF\/Arax\u00e1 &#8211;<\/strong>&nbsp;Eduardo Paraguassu, Dimas Tadeu Miranda, a equipe de terceirizadas (Bianca Paula de Oliveira,&nbsp;Larissa Januaria dos Santos e a senhora&nbsp;Joana Darc da Silva), e a Analista-tribut\u00e1ria&nbsp;Maria Celia de Oliveira<\/p>\n\n\n\n<p>A&nbsp;cerim\u00f4nia foi conduzida pela cerimonialista Cl\u00e1udia Carneiro Conde Godoy. Ap\u00f3s a composi\u00e7\u00e3o da mesa de autoridades e execu\u00e7\u00e3o do, Hino Nacional, leitura do curr\u00edculo do Eduardo, leitura do Termo de Posse do Eduardo, &nbsp;aconteceram momento de falas, e registro em fotos<\/p>\n\n\n\n<p>Fizeram o uso da palavra pela ordem:<\/p>\n\n\n\n<ul class=\"wp-block-list\"><li>O empossado, que falou sobre a alegria do momento e agradeceu a presen\u00e7a de todos;<\/li><li>O- delegado da DRF\/Uberl\u00e2ndia, que ressaltou as qualidades do Eduardo, agradeceu por ele ter aceitado o desafio de ser o novo Agente, refor\u00e7ou a import\u00e2ncia da ARF\/Arax\u00e1 para a regi\u00e3o; agradeceu o empenho de toda a equipe nos trabalhos e desejou sucesso ao Eduardo na condu\u00e7\u00e3o dos trabalhos;<\/li><li>O &#8211; superintendente Orlando agradeceu a presen\u00e7a de todos, enalteceu o trabalho do Eduardo e a coragem de ter aceitado de ser gestor da unidade e fez votos de sucesso na gest\u00e3o;<\/li><li>O &#8211; Secret\u00e1rio de Governo &#8211; transmitiu as escusas do prefeito, que n\u00e3o pode estar presente; agradeceu o convite para participar da cerim\u00f4nia e da mesa de honra, falou da import\u00e2ncia da Ag\u00eancia e da Receita Federal e finalizou desejando sucesso ao Eduardo e a todos os servidores da Ag\u00eancia;<\/li><li>O &#8211; Superintendente &#8211; registrou em sua fala os parab\u00e9ns ao Eduardo, a alegria de estar em Arax\u00e1, a import\u00e2ncia da unidade para a regi\u00e3o. Falou do atual momento da RFB e do novo posicionamento estrat\u00e9gico institucional, refor\u00e7ou a import\u00e2ncia das parcerias. Disse sobre a import\u00e2ncia do trabalho do Agente e da representa\u00e7\u00e3o institucional na regi\u00e3o. Por fim, agradeceu a todos os presentes, em especial ao Eduardo, aos familiares dele e a toda equipe da Ag\u00eancia de Arax\u00e1.<\/li><\/ul>\n\n\n\n<p>No &nbsp;final, os presentes foram convidados para participarem de um caf\u00e9 da manh\u00e3 oferecido pelo Agente empossado. Foi um momento que contou com a participa\u00e7\u00e3o especial do filho do Eduardo tocando algumas m\u00fasicas no teclado.<\/p>\n\n\n\n<p>A sede da Ag\u00eancia da Receita Federal de Arax\u00e1 fica na Rua Carvalho Lopes, 216 \u2013 Centro. O Telefone 34 3661 4450&nbsp;<\/p>\n","protected":false},"excerpt":{"rendered":"<p>O novo Agente da&nbsp; Unidade da Receita Federal de Arax\u00e1 \u00e9 Eduardo Pastor Paragass\u00fa que j\u00e1 trabalhava na ag\u00eancia.&nbsp; A<\/p>\n","protected":false},"author":2,"featured_media":1584,"comment_status":"open","ping_status":"open","sticky":false,"template":"","format":"standard","meta":{"footnotes":""},"categories":[9,11],"tags":[],"class_list":["post-1580","post","type-post","status-publish","format-standard","has-post-thumbnail","hentry","category-araxa","category-destaques"],"_links":{"self":[{"href":"http:\/\/blogdoarmindomaia.com.br\/index.php?rest_route=\/wp\/v2\/posts\/1580","targetHints":{"allow":["GET"]}}],"collection":[{"href":"http:\/\/blogdoarmindomaia.com.br\/index.php?rest_route=\/wp\/v2\/posts"}],"about":[{"href":"http:\/\/blogdoarmindomaia.com.br\/index.php?rest_route=\/wp\/v2\/types\/post"}],"author":[{"embeddable":true,"href":"http:\/\/blogdoarmindomaia.com.br\/index.php?rest_route=\/wp\/v2\/users\/2"}],"replies":[{"embeddable":true,"href":"http:\/\/blogdoarmindomaia.com.br\/index.php?rest_route=%2Fwp%2Fv2%2Fcomments&post=1580"}],"version-history":[{"count":1,"href":"http:\/\/blogdoarmindomaia.com.br\/index.php?rest_route=\/wp\/v2\/posts\/1580\/revisions"}],"predecessor-version":[{"id":1585,"href":"http:\/\/blogdoarmindomaia.com.br\/index.php?rest_route=\/wp\/v2\/posts\/1580\/revisions\/1585"}],"wp:featuredmedia":[{"embeddable":true,"href":"http:\/\/blogdoarmindomaia.com.br\/index.php?rest_route=\/wp\/v2\/media\/1584"}],"wp:attachment":[{"href":"http:\/\/blogdoarmindomaia.com.br\/index.php?rest_route=%2Fwp%2Fv2%2Fmedia&parent=1580"}],"wp:term":[{"taxonomy":"category","embeddable":true,"href":"http:\/\/blogdoarmindomaia.com.br\/index.php?rest_route=%2Fwp%2Fv2%2Fcategories&post=1580"},{"taxonomy":"post_tag","embeddable":true,"href":"http:\/\/blogdoarmindomaia.com.br\/index.php?rest_route=%2Fwp%2Fv2%2Ftags&post=1580"}],"curies":[{"name":"wp","href":"https:\/\/api.w.org\/{rel}","templated":true}]}}