{"id":1596,"date":"2022-06-24T14:59:14","date_gmt":"2022-06-24T17:59:14","guid":{"rendered":"http:\/\/blogdoarmindomaia.com.br\/?p=1596"},"modified":"2022-06-24T14:59:16","modified_gmt":"2022-06-24T17:59:16","slug":"neste-sabado-tem-atualizacao-de-vacinas-campanha-da-gripe-sarampo-e-covid-19-no-prefeitura-no-bairro","status":"publish","type":"post","link":"http:\/\/blogdoarmindomaia.com.br\/?p=1596","title":{"rendered":"Neste s\u00e1bado tem atualiza\u00e7\u00e3o de vacinas, campanha da gripe, sarampo e Covid-19 no Prefeitura no Bairro"},"content":{"rendered":"\n<figure class=\"wp-block-image size-full\"><img loading=\"lazy\" decoding=\"async\" width=\"1024\" height=\"683\" src=\"http:\/\/blogdoarmindomaia.com.br\/wp-content\/uploads\/2022\/06\/Vacina-Prefeitura-no-bairro.jpg\" alt=\"\" class=\"wp-image-1597\" srcset=\"http:\/\/blogdoarmindomaia.com.br\/wp-content\/uploads\/2022\/06\/Vacina-Prefeitura-no-bairro.jpg 1024w, http:\/\/blogdoarmindomaia.com.br\/wp-content\/uploads\/2022\/06\/Vacina-Prefeitura-no-bairro-300x200.jpg 300w, http:\/\/blogdoarmindomaia.com.br\/wp-content\/uploads\/2022\/06\/Vacina-Prefeitura-no-bairro-768x512.jpg 768w\" sizes=\"auto, (max-width: 1024px) 100vw, 1024px\" \/><\/figure>\n\n\n\n<p>A 3\u00aa edi\u00e7\u00e3o do Programa Prefeitura no Bairro ser\u00e1 oportunidade de toda a popula\u00e7\u00e3o atualizar do cart\u00e3o de vacinas. O evento, acontece neste s\u00e1bado (25) no bairro Max Neumann e a Estrat\u00e9gia de Sa\u00fade da Fam\u00edlia (ESF) do bairro estar\u00e1 realizando a atualiza\u00e7\u00e3o de todas as vacinas do calend\u00e1rio vacinal adulto e infantil, a Campanha Contra a Gripe e o Sarampo para o p\u00fablico-alvo e a repescagem da vacina contra a Covid-19 durante toda a manh\u00e3.<\/p>\n\n\n\n<p>O cronograma abrange a 1\u00aa dose da vacina contra a Covid-19 para pessoas a partir de 12 anos com e sem comorbidades (adolescentes, adultos e idosos). A aplica\u00e7\u00e3o da 2\u00aa dose das vacinas CoronaVac, AstraZeneca para pessoas a partir de 12 anos, e da Janssen de acordo com agendamento no Cart\u00e3o de Vacina ou doses em atraso. A imuniza\u00e7\u00e3o da 3\u00aa dose (refor\u00e7o) em pessoas a partir de 18 anos (18+). Al\u00e9m da aplica\u00e7\u00e3o da 4\u00aa dose (ou 2\u00aa dose de refor\u00e7o) na popula\u00e7\u00e3o a partir de 46 anos (46+).<\/p>\n\n\n\n<p>A Prefeitura de Arax\u00e1 realiza tamb\u00e9m a repescagem da 1\u00aa dose da vacina contra a Covid-19 para crian\u00e7as de 6 a 11 anos, exceto imunossuprimidos. Al\u00e9m da aplica\u00e7\u00e3o da 2\u00aa dose em crian\u00e7as de 6 a 11 anos conforme agendamento no Cart\u00e3o de Vacina.<\/p>\n\n\n\n<p>O cronograma completo e documenta\u00e7\u00e3o necess\u00e1ria est\u00e3o dispon\u00edveis no site (<a href=\"http:\/\/www.araxavacina.com.br\/cronograma\" target=\"_blank\" rel=\"noreferrer noopener\">www.araxavacina.com.br\/cronograma<\/a>).<\/p>\n\n\n\n<p>A vacina\u00e7\u00e3o de rotina abrange os imunizantes de Gripe, Triviral, Febre Amarela, Hepatite B, T\u00e9tano, HPV (meninas a partir de 9 anos e meninos a partir de 11 anos), Meningoc\u00f3cica Acwy (meninas e meninos a partir de 11 anos).<\/p>\n\n\n\n<p>Vale lembrar que o uso da m\u00e1scara de prote\u00e7\u00e3o continua sendo obrigat\u00f3rio em locais que ofere\u00e7am servi\u00e7os de sa\u00fade. \u00c9 imprescind\u00edvel a apresenta\u00e7\u00e3o do Cart\u00e3o de Vacina e o xerox de um documento pessoal com CPF.<\/p>\n","protected":false},"excerpt":{"rendered":"<p>A 3\u00aa edi\u00e7\u00e3o do Programa Prefeitura no Bairro ser\u00e1 oportunidade de toda a popula\u00e7\u00e3o atualizar do cart\u00e3o de vacinas. O<\/p>\n","protected":false},"author":2,"featured_media":1597,"comment_status":"open","ping_status":"open","sticky":false,"template":"","format":"standard","meta":{"footnotes":""},"categories":[9,11],"tags":[],"class_list":["post-1596","post","type-post","status-publish","format-standard","has-post-thumbnail","hentry","category-araxa","category-destaques"],"_links":{"self":[{"href":"http:\/\/blogdoarmindomaia.com.br\/index.php?rest_route=\/wp\/v2\/posts\/1596","targetHints":{"allow":["GET"]}}],"collection":[{"href":"http:\/\/blogdoarmindomaia.com.br\/index.php?rest_route=\/wp\/v2\/posts"}],"about":[{"href":"http:\/\/blogdoarmindomaia.com.br\/index.php?rest_route=\/wp\/v2\/types\/post"}],"author":[{"embeddable":true,"href":"http:\/\/blogdoarmindomaia.com.br\/index.php?rest_route=\/wp\/v2\/users\/2"}],"replies":[{"embeddable":true,"href":"http:\/\/blogdoarmindomaia.com.br\/index.php?rest_route=%2Fwp%2Fv2%2Fcomments&post=1596"}],"version-history":[{"count":1,"href":"http:\/\/blogdoarmindomaia.com.br\/index.php?rest_route=\/wp\/v2\/posts\/1596\/revisions"}],"predecessor-version":[{"id":1598,"href":"http:\/\/blogdoarmindomaia.com.br\/index.php?rest_route=\/wp\/v2\/posts\/1596\/revisions\/1598"}],"wp:featuredmedia":[{"embeddable":true,"href":"http:\/\/blogdoarmindomaia.com.br\/index.php?rest_route=\/wp\/v2\/media\/1597"}],"wp:attachment":[{"href":"http:\/\/blogdoarmindomaia.com.br\/index.php?rest_route=%2Fwp%2Fv2%2Fmedia&parent=1596"}],"wp:term":[{"taxonomy":"category","embeddable":true,"href":"http:\/\/blogdoarmindomaia.com.br\/index.php?rest_route=%2Fwp%2Fv2%2Fcategories&post=1596"},{"taxonomy":"post_tag","embeddable":true,"href":"http:\/\/blogdoarmindomaia.com.br\/index.php?rest_route=%2Fwp%2Fv2%2Ftags&post=1596"}],"curies":[{"name":"wp","href":"https:\/\/api.w.org\/{rel}","templated":true}]}}