{"id":1600,"date":"2022-06-25T03:23:09","date_gmt":"2022-06-25T06:23:09","guid":{"rendered":"http:\/\/blogdoarmindomaia.com.br\/?p=1600"},"modified":"2022-06-25T03:23:11","modified_gmt":"2022-06-25T06:23:11","slug":"grande-arraia-tera-apresentacoes-de-quadrilhas-e-voce-pode-participar","status":"publish","type":"post","link":"http:\/\/blogdoarmindomaia.com.br\/?p=1600","title":{"rendered":"<strong>Grande Arrai\u00e1 ter\u00e1 apresenta\u00e7\u00f5es de quadrilhas e voc\u00ea pode participar<\/strong><br>"},"content":{"rendered":"\n<figure class=\"wp-block-image size-large is-style-default\"><img loading=\"lazy\" decoding=\"async\" width=\"1024\" height=\"510\" src=\"http:\/\/blogdoarmindomaia.com.br\/wp-content\/uploads\/2022\/06\/foto_quadrilha-1024x510.jpeg\" alt=\"\" class=\"wp-image-1601\" srcset=\"http:\/\/blogdoarmindomaia.com.br\/wp-content\/uploads\/2022\/06\/foto_quadrilha-1024x510.jpeg 1024w, http:\/\/blogdoarmindomaia.com.br\/wp-content\/uploads\/2022\/06\/foto_quadrilha-300x149.jpeg 300w, http:\/\/blogdoarmindomaia.com.br\/wp-content\/uploads\/2022\/06\/foto_quadrilha-768x382.jpeg 768w, http:\/\/blogdoarmindomaia.com.br\/wp-content\/uploads\/2022\/06\/foto_quadrilha.jpeg 1275w\" sizes=\"auto, (max-width: 1024px) 100vw, 1024px\" \/><\/figure>\n\n\n\n<p><em>Prepara\u00e7\u00e3o dos grupos confirmados no evento movimenta a regi\u00e3o<\/em><\/p>\n\n\n\n<p>S\u00edmbolos da alegria junina, as quadrilhas s\u00e3o destaque nesta edi\u00e7\u00e3o do Grande Arrai\u00e1 -Circuito Junino Arax\u00e1 &#8211; que ser\u00e1 realizada nos pr\u00f3ximos dias 1\u00ba e 2 de julho no Est\u00e1dio Fausto Alvim. Grupos locais e regionais t\u00eam participa\u00e7\u00e3o confirmada nos dois dias do evento. \u201cN\u00f3s teremos duas quadrilhas profissionais que representam muito bem essa tradi\u00e7\u00e3o das festas juninas e mostrar\u00e3o ao p\u00fablico o quanto essa arte se profissionalizou e \u00e9 parte da nossa cultura. Fizemos quest\u00e3o ainda de envolver a popula\u00e7\u00e3o de Arax\u00e1 nesta festa e dar a oportunidade para que todos fa\u00e7am parte das apresenta\u00e7\u00f5es do Grande Arrai\u00e1 conosco\u201d, ressalta Elisa Bai\u00e3o Mac\u00eado, presidente da Funda\u00e7\u00e3o Cultural Acia (Facia).<\/p>\n\n\n\n<p><strong>A nossa quadrilha<\/strong><\/p>\n\n\n\n<p>A quadrilha do Grande Arrai\u00e1 foi pensada para unir a comunidade local em torno desta tradi\u00e7\u00e3o, que acabou se perdendo ao longo dos anos na cidade. Segundo o organizador, Charles Ribeiro, a popula\u00e7\u00e3o de todos os bairros de Arax\u00e1, al\u00e9m de representantes de entidades e movimentos est\u00e3o convidados. \u201c\u00c9 para matar a saudade! A pessoa n\u00e3o precisa ter nenhum dom especial, s\u00e3o os passos b\u00e1sicos da quadrilha mesmo e vamos fazer dois ensaios antes para que todos possam se adaptar \u00e0 m\u00fasica. Tenho certeza de que ser\u00e1 um sucesso e uma divers\u00e3o\u201d, adianta.<\/p>\n\n\n\n<p>A apresenta\u00e7\u00e3o da Quadrilha do Grande Arrai\u00e1 ser\u00e1 na s\u00e1bado (2) e os interessados ainda podem se inscrever pelo telefone (34) 98841-3088 ou pelo Instagram @charles.ribeiroo<\/p>\n\n\n\n<p><strong>Quadrilha Forrozarte<\/strong><\/p>\n\n\n\n<p>Tamb\u00e9m na sexta (1\u00ba), a quadrilha Forrozarte, de Uberl\u00e2ndia, pede passagem para uma apresenta\u00e7\u00e3o de tirar o f\u00f4lego. OGrupo Junino Forrozarte foi criado em 2015 e atualmente conta com 49 integrantes que comp\u00f5em a equipe de dan\u00e7arinos, produ\u00e7\u00e3o e apoio. Todos os dan\u00e7arinos fazem parte do grupo por paix\u00e3o e amor \u00e0 arte. A maioria dos integrantes \u00e9 de jovens e universit\u00e1rios.<\/p>\n\n\n\n<p><strong>Quadrilha Matutos do Sert\u00e3o<\/strong><\/p>\n\n\n\n<p>No s\u00e1bado (2) a popula\u00e7\u00e3o de Arax\u00e1 e da regi\u00e3o poder\u00e1 conferir o espet\u00e1culo &#8221;Sert\u00e3o em festa\u201d, da Quadrilha Matutos do Sert\u00e3o, tamb\u00e9m de Uberl\u00e2ndia. A apresenta\u00e7\u00e3o foi pensada para mostrar que, ap\u00f3s os tempos dif\u00edceis que vivemos, a alegria deve permanecer no S\u00e3o Jo\u00e3o.&nbsp; \u201cNo Sert\u00e3o em Festa a quadrilha recorda a resist\u00eancia do povo sertanejo e a alegria que esse povo sente com um ano chuvoso, quando pode viver com muita fartura e trazer para o Arrai\u00e1, em caixotes de madeira, um pouco de suas produ\u00e7\u00f5es para uma feira. A quadrilha tamb\u00e9m faz entrada com as tr\u00eas bandeiras dos santos juninos, caracter\u00edstica de um povo que nunca perde a f\u00e9, e a bandeira s\u00edmbolo da quadrilha\u201d, ressalta Haroldo da Silva Rom\u00e3o, integrante do grupo.<\/p>\n\n\n\n<p>No ano de 2022 a quadrilha Matutos do Sert\u00e3o dan\u00e7a com oito casais, sendo um casal de noivos, um casal de cangaceiros e um marcador. \u201cDan\u00e7aremos m\u00fasicas de quadrilha, arriuna e xaxado, trazendo os passos tradicionais. Tenho certeza de que todos ir\u00e3o gostar muito\u201d, convida.<\/p>\n\n\n\n<p><strong>O Grande Arrai\u00e1<\/strong><\/p>\n\n\n\n<p>O Grande Arrai\u00e1 \u2013 Circuito Junino Arax\u00e1 &#8211; est\u00e1 de volta cheio de novidades. O evento ser\u00e1 realizado este ano no Est\u00e1dio Municipal Fausto Alvim, nos dias 1\u00ba e 2 de julho. As atividades incluem, al\u00e9m de atra\u00e7\u00f5es musicais, exposi\u00e7\u00f5es, concurso de causos e quadrilhas, as tradicionais comidas t\u00edpicas, que ser\u00e3o oferecidas em barraquinhas coordenadas por entidades sociais do munic\u00edpio.<\/p>\n\n\n\n<p>O Grande Arrai\u00e1 \u2013 Circuito Junino Arax\u00e1 &#8211; \u00e9 promovido pela Funda\u00e7\u00e3o Cultural Acia (Facia) e tem o patroc\u00ednio m\u00e1ster da CBMM, atrav\u00e9s da Lei de Incentivo \u00e0 Cultura, da Secretaria Especial de Cultura do Minist\u00e9rio do Turismo, Governo Federal. Patroc\u00ednio: Zema. Apoio: Associa\u00e7\u00e3o Comercial, Industrial de Turismo, Servi\u00e7os e Agroneg\u00f3cios de Arax\u00e1 (ACIA), Prefeitura Municipal de Arax\u00e1 e TV Integra\u00e7\u00e3o. Gest\u00e3o: Vitral Bureau Cultural.<\/p>\n\n\n\n<p><strong>Servi\u00e7o:<\/strong><\/p>\n\n\n\n<p><strong>Grande Arrai\u00e1<\/strong><\/p>\n\n\n\n<p><strong>Data:&nbsp;<\/strong>1\u00ba e 2\/07<\/p>\n\n\n\n<p><strong>Local:&nbsp;<\/strong>Est\u00e1dio Fausto Alvim<\/p>\n\n\n\n<p><strong>Informa\u00e7\u00f5es:<\/strong><\/p>\n\n\n\n<p>@grandearraiaaraxa<\/p>\n\n\n\n<p><a href=\"http:\/\/www.grandearraia.com.br\/\" target=\"_blank\" rel=\"noreferrer noopener\">www.grandearraia.com.br<\/a><\/p>\n","protected":false},"excerpt":{"rendered":"<p>Prepara\u00e7\u00e3o dos grupos confirmados no evento movimenta a regi\u00e3o S\u00edmbolos da alegria junina, as quadrilhas s\u00e3o destaque nesta edi\u00e7\u00e3o do<\/p>\n","protected":false},"author":2,"featured_media":1601,"comment_status":"open","ping_status":"open","sticky":false,"template":"","format":"standard","meta":{"footnotes":""},"categories":[9,5,11],"tags":[],"class_list":["post-1600","post","type-post","status-publish","format-standard","has-post-thumbnail","hentry","category-araxa","category-arte-e-cultura","category-destaques"],"_links":{"self":[{"href":"http:\/\/blogdoarmindomaia.com.br\/index.php?rest_route=\/wp\/v2\/posts\/1600","targetHints":{"allow":["GET"]}}],"collection":[{"href":"http:\/\/blogdoarmindomaia.com.br\/index.php?rest_route=\/wp\/v2\/posts"}],"about":[{"href":"http:\/\/blogdoarmindomaia.com.br\/index.php?rest_route=\/wp\/v2\/types\/post"}],"author":[{"embeddable":true,"href":"http:\/\/blogdoarmindomaia.com.br\/index.php?rest_route=\/wp\/v2\/users\/2"}],"replies":[{"embeddable":true,"href":"http:\/\/blogdoarmindomaia.com.br\/index.php?rest_route=%2Fwp%2Fv2%2Fcomments&post=1600"}],"version-history":[{"count":1,"href":"http:\/\/blogdoarmindomaia.com.br\/index.php?rest_route=\/wp\/v2\/posts\/1600\/revisions"}],"predecessor-version":[{"id":1602,"href":"http:\/\/blogdoarmindomaia.com.br\/index.php?rest_route=\/wp\/v2\/posts\/1600\/revisions\/1602"}],"wp:featuredmedia":[{"embeddable":true,"href":"http:\/\/blogdoarmindomaia.com.br\/index.php?rest_route=\/wp\/v2\/media\/1601"}],"wp:attachment":[{"href":"http:\/\/blogdoarmindomaia.com.br\/index.php?rest_route=%2Fwp%2Fv2%2Fmedia&parent=1600"}],"wp:term":[{"taxonomy":"category","embeddable":true,"href":"http:\/\/blogdoarmindomaia.com.br\/index.php?rest_route=%2Fwp%2Fv2%2Fcategories&post=1600"},{"taxonomy":"post_tag","embeddable":true,"href":"http:\/\/blogdoarmindomaia.com.br\/index.php?rest_route=%2Fwp%2Fv2%2Ftags&post=1600"}],"curies":[{"name":"wp","href":"https:\/\/api.w.org\/{rel}","templated":true}]}}