{"id":1603,"date":"2022-06-25T04:57:52","date_gmt":"2022-06-25T07:57:52","guid":{"rendered":"http:\/\/blogdoarmindomaia.com.br\/?p=1603"},"modified":"2022-06-25T04:57:53","modified_gmt":"2022-06-25T07:57:53","slug":"vereadores-homenageiam-15-mulheres-com-medalha-leonilda-montandon","status":"publish","type":"post","link":"http:\/\/blogdoarmindomaia.com.br\/?p=1603","title":{"rendered":"Vereadores homenageiam 15 mulheres com Medalha Leonilda Montandon"},"content":{"rendered":"\n<figure class=\"wp-block-image size-large is-style-default\"><img loading=\"lazy\" decoding=\"async\" width=\"1024\" height=\"684\" src=\"http:\/\/blogdoarmindomaia.com.br\/wp-content\/uploads\/2022\/06\/MEDALHA-LM-1024x684.jpg\" alt=\"\" class=\"wp-image-1604\" srcset=\"http:\/\/blogdoarmindomaia.com.br\/wp-content\/uploads\/2022\/06\/MEDALHA-LM-1024x684.jpg 1024w, http:\/\/blogdoarmindomaia.com.br\/wp-content\/uploads\/2022\/06\/MEDALHA-LM-300x200.jpg 300w, http:\/\/blogdoarmindomaia.com.br\/wp-content\/uploads\/2022\/06\/MEDALHA-LM-768x513.jpg 768w, http:\/\/blogdoarmindomaia.com.br\/wp-content\/uploads\/2022\/06\/MEDALHA-LM.jpg 1300w\" sizes=\"auto, (max-width: 1024px) 100vw, 1024px\" \/><\/figure>\n\n\n\n<p>A C\u00e2mara Municipal realizou mais uma edi\u00e7\u00e3o da cerim\u00f4nia de outorga da Medalha Leonilda Montandon, na noite desta quarta-feira (22), o evento foi realizado no Teatro Municipal. Cada vereador indicou uma homenageada que se destaca pela sua atividade profissional ou social, contribuindo diretamente junto \u00e0 comunidade araxaense. O evento \u00e9 realizado anualmente no m\u00eas de mar\u00e7o em comemora\u00e7\u00e3o ao Dia Internacional da Mulher, por\u00e9m, em 2022, por incompatibilidade de agendas, a sess\u00e3o solene foi transferida para o m\u00eas de junho.<\/p>\n\n\n\n<p>Confira abaixo as homenageadas e o vereador que fez a indica\u00e7\u00e3o:<\/p>\n\n\n\n<p>Vanilda Maria de Souza Carvalho (Vereador Alexandre Irm\u00e3os Paula)<\/p>\n\n\n\n<p>Rejane Aparecida de Andrade Aparecido (Vereador Evaldo do Ferrocarril)<\/p>\n\n\n\n<p>Vivian Carla Rosa da Silva Oliveira (Vereadora Fernanda de Castelha)<\/p>\n\n\n\n<p>In\u00e1 Rita da Concei\u00e7\u00e3o Carneiro Silva (Vereador Bosco Junior)<\/p>\n\n\n\n<p>Rossana Maria Severino Guimar\u00e3es Carneiro (Vereador Jo\u00e3o Veras)<\/p>\n\n\n\n<p>Lucia Castanheira de Moraes (Vereadora Leni Nobre)<\/p>\n\n\n\n<p>Elaine Matusal\u00e9m Guimar\u00e3es (Vereador Luiz Carlos Bittencourt)<\/p>\n\n\n\n<p>Eliana Maria Pavan de Oliveira (Vereadora Maristela Dutra)<\/p>\n\n\n\n<p>L\u00eddia Nara da Silva Benfica (Vereador Pastor Moacir)<\/p>\n\n\n\n<p>Paula Donatella Machado (Vereador Dirley da Escolinha)<\/p>\n\n\n\n<p>Karina Santos Cleto (Vereador Raphael Rios)<\/p>\n\n\n\n<p>Lorena de Pinho Magalh\u00e3es (Vereador Dr. Zidane)<\/p>\n\n\n\n<p>Ana Rita Eduardo Flores (Vereador Valtinho da Farm\u00e1cia)<\/p>\n\n\n\n<p>Maria de Lourdes Oliveira (Vereador Wagner Cruz)<\/p>\n\n\n\n<p>Ruth Severino Dutra (Vereador Wellington da Bit)<\/p>\n\n\n\n<p>Durante a cerim\u00f4nia a Casa da Cidadania cede um espa\u00e7o para que a C\u00e2mara da Mulher Empreendedora da ACIA (Associa\u00e7\u00e3o Comercial, Industrial, Turismo, Servi\u00e7os e Agroneg\u00f3cios de Arax\u00e1), possa tamb\u00e9m prestar sua homenagem a uma mulher araxaense, com o pr\u00eamio \u201cDona Carlota de Melo\u201d. A homenageada deste ano foi Simone Lopes Arantes Bagio.<\/p>\n\n\n\n<p>Medalha Leonilda Montandon<\/p>\n\n\n\n<p>Atrav\u00e9s da Resolu\u00e7\u00e3o n\u00ba 265, promulgada em 04 de novembro de 1998, de autoria da Ex-Vereadora Rosa Helena Vila\u00e7a de Abreu, o Dia Internacional da Mulher \u00e9 comemorado pela C\u00e2mara Municipal de Arax\u00e1 com a Outorga da Medalha Leonilda Montandon. Essa Medalha pretende homenagear mulheres que se destacaram de seus contempor\u00e2neos por sua atividade profissional, por seu desempenho social e filantr\u00f3pico e pelos relevantes servi\u00e7os prestados \u00e0 comunidade Araxaense.<\/p>\n\n\n\n<p><strong><em>Ascom CMA<\/em><\/strong><\/p>\n\n\n\n<p><strong><em>______________________________<\/em><\/strong><\/p>\n\n\n\n<p><strong>Atenciosamente,<\/strong><\/p>\n\n\n\n<p><strong>Estela Santiago<\/strong><\/p>\n\n\n\n<p><strong>Ascom CMA<\/strong><\/p>\n","protected":false},"excerpt":{"rendered":"<p>A C\u00e2mara Municipal realizou mais uma edi\u00e7\u00e3o da cerim\u00f4nia de outorga da Medalha Leonilda Montandon, na noite desta quarta-feira (22),<\/p>\n","protected":false},"author":2,"featured_media":1604,"comment_status":"open","ping_status":"open","sticky":false,"template":"","format":"standard","meta":{"footnotes":""},"categories":[9,11],"tags":[],"class_list":["post-1603","post","type-post","status-publish","format-standard","has-post-thumbnail","hentry","category-araxa","category-destaques"],"_links":{"self":[{"href":"http:\/\/blogdoarmindomaia.com.br\/index.php?rest_route=\/wp\/v2\/posts\/1603","targetHints":{"allow":["GET"]}}],"collection":[{"href":"http:\/\/blogdoarmindomaia.com.br\/index.php?rest_route=\/wp\/v2\/posts"}],"about":[{"href":"http:\/\/blogdoarmindomaia.com.br\/index.php?rest_route=\/wp\/v2\/types\/post"}],"author":[{"embeddable":true,"href":"http:\/\/blogdoarmindomaia.com.br\/index.php?rest_route=\/wp\/v2\/users\/2"}],"replies":[{"embeddable":true,"href":"http:\/\/blogdoarmindomaia.com.br\/index.php?rest_route=%2Fwp%2Fv2%2Fcomments&post=1603"}],"version-history":[{"count":1,"href":"http:\/\/blogdoarmindomaia.com.br\/index.php?rest_route=\/wp\/v2\/posts\/1603\/revisions"}],"predecessor-version":[{"id":1605,"href":"http:\/\/blogdoarmindomaia.com.br\/index.php?rest_route=\/wp\/v2\/posts\/1603\/revisions\/1605"}],"wp:featuredmedia":[{"embeddable":true,"href":"http:\/\/blogdoarmindomaia.com.br\/index.php?rest_route=\/wp\/v2\/media\/1604"}],"wp:attachment":[{"href":"http:\/\/blogdoarmindomaia.com.br\/index.php?rest_route=%2Fwp%2Fv2%2Fmedia&parent=1603"}],"wp:term":[{"taxonomy":"category","embeddable":true,"href":"http:\/\/blogdoarmindomaia.com.br\/index.php?rest_route=%2Fwp%2Fv2%2Fcategories&post=1603"},{"taxonomy":"post_tag","embeddable":true,"href":"http:\/\/blogdoarmindomaia.com.br\/index.php?rest_route=%2Fwp%2Fv2%2Ftags&post=1603"}],"curies":[{"name":"wp","href":"https:\/\/api.w.org\/{rel}","templated":true}]}}