{"id":1606,"date":"2022-06-27T17:14:03","date_gmt":"2022-06-27T20:14:03","guid":{"rendered":"http:\/\/blogdoarmindomaia.com.br\/?p=1606"},"modified":"2022-06-27T17:14:05","modified_gmt":"2022-06-27T20:14:05","slug":"prefeitura-anuncia-melhorias-para-a-comunidade-do-max-neumann-durante-a-4a-edicao-do-prefeitura-no-bairro","status":"publish","type":"post","link":"http:\/\/blogdoarmindomaia.com.br\/?p=1606","title":{"rendered":"Prefeitura anuncia melhorias para a comunidade do Max Neumann durante a 4\u00aa edi\u00e7\u00e3o do Prefeitura no Bairro"},"content":{"rendered":"\n<p><\/p>\n\n\n\n<figure class=\"wp-block-image size-full\"><img loading=\"lazy\" decoding=\"async\" width=\"1024\" height=\"683\" src=\"http:\/\/blogdoarmindomaia.com.br\/wp-content\/uploads\/2022\/06\/Prefeitura-anuncia-melhorias-para-a-comunidade-do-Max-Neumann-pag-07.jpeg\" alt=\"\" class=\"wp-image-1609\" srcset=\"http:\/\/blogdoarmindomaia.com.br\/wp-content\/uploads\/2022\/06\/Prefeitura-anuncia-melhorias-para-a-comunidade-do-Max-Neumann-pag-07.jpeg 1024w, http:\/\/blogdoarmindomaia.com.br\/wp-content\/uploads\/2022\/06\/Prefeitura-anuncia-melhorias-para-a-comunidade-do-Max-Neumann-pag-07-300x200.jpeg 300w, http:\/\/blogdoarmindomaia.com.br\/wp-content\/uploads\/2022\/06\/Prefeitura-anuncia-melhorias-para-a-comunidade-do-Max-Neumann-pag-07-768x512.jpeg 768w\" sizes=\"auto, (max-width: 1024px) 100vw, 1024px\" \/><\/figure>\n\n\n\n<figure class=\"wp-block-image size-full\"><img loading=\"lazy\" decoding=\"async\" width=\"1024\" height=\"683\" src=\"http:\/\/blogdoarmindomaia.com.br\/wp-content\/uploads\/2022\/06\/4a-edicao-Pref.-no-Bairro-12.jpeg\" alt=\"\" class=\"wp-image-1608\" srcset=\"http:\/\/blogdoarmindomaia.com.br\/wp-content\/uploads\/2022\/06\/4a-edicao-Pref.-no-Bairro-12.jpeg 1024w, http:\/\/blogdoarmindomaia.com.br\/wp-content\/uploads\/2022\/06\/4a-edicao-Pref.-no-Bairro-12-300x200.jpeg 300w, http:\/\/blogdoarmindomaia.com.br\/wp-content\/uploads\/2022\/06\/4a-edicao-Pref.-no-Bairro-12-768x512.jpeg 768w\" sizes=\"auto, (max-width: 1024px) 100vw, 1024px\" \/><\/figure>\n\n\n\n<p>A 4\u00aa edi\u00e7\u00e3o do programa Prefeitura no Bairro, no \u00faltimo s\u00e1bado (25), foi de an\u00fancios de diversas melhorias nas \u00e1reas de ilumina\u00e7\u00e3o p\u00fablica, lazer e habita\u00e7\u00e3o que em breve chegar\u00e3o aos moradores do Max Neumann.<br><br>O prefeito Robson Magela adiantou que o Max Neumann ser\u00e1 o primeiro bairro a receber a ilumina\u00e7\u00e3o 100% em Led. O contrato com o Cons\u00f3rcio Intermunicipal Multifinalit\u00e1rio do Planalto de Arax\u00e1 (Cimpla), respons\u00e1vel pelo servi\u00e7o, foi assinado em maio e contempla a substitui\u00e7\u00e3o de 16.228 l\u00e2mpadas em toda a cidade at\u00e9 o ano que vem. O processo est\u00e1 em fase de licita\u00e7\u00e3o.<br><br>O prefeito tamb\u00e9m aproveitou para anunciar uma parceria entre a Administra\u00e7\u00e3o Municipal e o deputado estadual Bosco para a constru\u00e7\u00e3o de uma pra\u00e7a com academia ao ar livre em uma \u00e1rea institucional do bairro. Tamb\u00e9m em parceria com Bosco, foi feita a entrega de duas viaturas, uma para a Pol\u00edcia Militar e outra para a Pol\u00edcia Penal (Pres\u00eddio Regional).<br><br>Al\u00e9m disso, o prefeito Robson lembrou que as moradias do Max Neumann completam 10 anos em julho no Programa Minha Casa, Minha Vida e receber\u00e3o o termo de posse (para im\u00f3veis quitados). \u201cDessa forma, os moradores j\u00e1 poder\u00e3o participar do projeto M\u00e3os \u00e0 Obra, da Secretaria Municipal de A\u00e7\u00e3o Social, e serem contemplados com a doa\u00e7\u00e3o de materiais de constru\u00e7\u00e3o para melhorias em suas casas\u2019, disse.<br><br>Ainda na \u00e1rea social, o prefeito complementou que a Prefeitura de Arax\u00e1 est\u00e1 planejando a instala\u00e7\u00e3o de um Centro de Refer\u00eancia em Assist\u00eancia Social (CRAS) e tamb\u00e9m o lan\u00e7amento de um projeto habitacional at\u00e9 o fim de 2022.<br><br>O p\u00e1tio e gin\u00e1sio da Escola Municipal Rom\u00e1lia Porf\u00edrio de Azevedo Leite ficaram pequenos para o p\u00fablico que passou pela 4\u00aa edi\u00e7\u00e3o do programa Prefeitura no Bairro. Cerca de 2.000 compareceram ao evento que ofereceu mais de 40 servi\u00e7os gratuitamente \u00e0 popula\u00e7\u00e3o local.<br><br>Desta vez, al\u00e9m dos servi\u00e7os que j\u00e1 fazem parte da programa\u00e7\u00e3o fixa do evento, o projeto itinerante contou com a oferta de servi\u00e7o de manicure atrav\u00e9s de parceria com o Instituto Apreender, gincanas realizadas pela Secretaria de Esportes, pescaria no estande da Secretaria Municipal de Agricultura e Pecu\u00e1ria, com a distribui\u00e7\u00e3o de pr\u00eamios e kits com frutas e verduras, e brincadeiras no estande da Funda\u00e7\u00e3o da Crian\u00e7a e do Adolescente. com a distribui\u00e7\u00e3o de pr\u00eamios como kits de frutas e verduras.<br><br>Entre os servi\u00e7os ofertados est\u00e1 o agendamento para emiss\u00e3o de 1\u00aa via de identidade, vacina\u00e7\u00e3o contra a Covid e de rotina, acesso a programas sociais, orienta\u00e7\u00e3o para a abertura de empresas, atividades esportivas e muitos outros projetos desenvolvidos pela Prefeitura de Arax\u00e1.<br><br>O programa acontece todo \u00faltimo s\u00e1bado do m\u00eas em uma regi\u00e3o do munic\u00edpio, e, de acordo com o prefeito Robson, tem como principal objetivo aproximar a gest\u00e3o da popula\u00e7\u00e3o.<br><br>\u201cO projeto \u00e9 oportunidade n\u00e3o s\u00f3 para a popula\u00e7\u00e3o ter acesso aos servi\u00e7os oferecidos pela Prefeitura de Arax\u00e1, como tamb\u00e9m para que n\u00f3s, agentes pol\u00edticos, possamos estar a par das suas demandas e car\u00eancias. E fiquei muito feliz de ver todos que prestigiaram o evento e abra\u00e7aram essa oportunidade de estar junto da gente, mais perto da popula\u00e7\u00e3o\u201d, reiterou o prefeito.<br><\/p>\n","protected":false},"excerpt":{"rendered":"<p>A 4\u00aa edi\u00e7\u00e3o do programa Prefeitura no Bairro, no \u00faltimo s\u00e1bado (25), foi de an\u00fancios de diversas melhorias nas \u00e1reas<\/p>\n","protected":false},"author":2,"featured_media":1609,"comment_status":"open","ping_status":"open","sticky":false,"template":"","format":"standard","meta":{"footnotes":""},"categories":[9,8,11],"tags":[],"class_list":["post-1606","post","type-post","status-publish","format-standard","has-post-thumbnail","hentry","category-araxa","category-cidades","category-destaques"],"_links":{"self":[{"href":"http:\/\/blogdoarmindomaia.com.br\/index.php?rest_route=\/wp\/v2\/posts\/1606","targetHints":{"allow":["GET"]}}],"collection":[{"href":"http:\/\/blogdoarmindomaia.com.br\/index.php?rest_route=\/wp\/v2\/posts"}],"about":[{"href":"http:\/\/blogdoarmindomaia.com.br\/index.php?rest_route=\/wp\/v2\/types\/post"}],"author":[{"embeddable":true,"href":"http:\/\/blogdoarmindomaia.com.br\/index.php?rest_route=\/wp\/v2\/users\/2"}],"replies":[{"embeddable":true,"href":"http:\/\/blogdoarmindomaia.com.br\/index.php?rest_route=%2Fwp%2Fv2%2Fcomments&post=1606"}],"version-history":[{"count":1,"href":"http:\/\/blogdoarmindomaia.com.br\/index.php?rest_route=\/wp\/v2\/posts\/1606\/revisions"}],"predecessor-version":[{"id":1610,"href":"http:\/\/blogdoarmindomaia.com.br\/index.php?rest_route=\/wp\/v2\/posts\/1606\/revisions\/1610"}],"wp:featuredmedia":[{"embeddable":true,"href":"http:\/\/blogdoarmindomaia.com.br\/index.php?rest_route=\/wp\/v2\/media\/1609"}],"wp:attachment":[{"href":"http:\/\/blogdoarmindomaia.com.br\/index.php?rest_route=%2Fwp%2Fv2%2Fmedia&parent=1606"}],"wp:term":[{"taxonomy":"category","embeddable":true,"href":"http:\/\/blogdoarmindomaia.com.br\/index.php?rest_route=%2Fwp%2Fv2%2Fcategories&post=1606"},{"taxonomy":"post_tag","embeddable":true,"href":"http:\/\/blogdoarmindomaia.com.br\/index.php?rest_route=%2Fwp%2Fv2%2Ftags&post=1606"}],"curies":[{"name":"wp","href":"https:\/\/api.w.org\/{rel}","templated":true}]}}