{"id":1613,"date":"2022-06-28T12:05:53","date_gmt":"2022-06-28T15:05:53","guid":{"rendered":"http:\/\/blogdoarmindomaia.com.br\/?p=1613"},"modified":"2022-06-28T12:05:55","modified_gmt":"2022-06-28T15:05:55","slug":"alunos-do-oratorio-nossa-senhora-auxiliadora-visitam-o-memorial-mauricio-rosa","status":"publish","type":"post","link":"http:\/\/blogdoarmindomaia.com.br\/?p=1613","title":{"rendered":"Alunos do Orat\u00f3rio Nossa Senhora Auxiliadora visitam o Memorial Maur\u00edcio Rosa"},"content":{"rendered":"\n<figure class=\"wp-block-image size-large\"><img loading=\"lazy\" decoding=\"async\" width=\"1024\" height=\"768\" src=\"http:\/\/blogdoarmindomaia.com.br\/wp-content\/uploads\/2022\/06\/1a1d786d-699e-4fa5-bad7-5874fb0d38d1-1024x768.jpg\" alt=\"\" class=\"wp-image-1614\" srcset=\"http:\/\/blogdoarmindomaia.com.br\/wp-content\/uploads\/2022\/06\/1a1d786d-699e-4fa5-bad7-5874fb0d38d1-1024x768.jpg 1024w, http:\/\/blogdoarmindomaia.com.br\/wp-content\/uploads\/2022\/06\/1a1d786d-699e-4fa5-bad7-5874fb0d38d1-300x225.jpg 300w, http:\/\/blogdoarmindomaia.com.br\/wp-content\/uploads\/2022\/06\/1a1d786d-699e-4fa5-bad7-5874fb0d38d1-768x576.jpg 768w, http:\/\/blogdoarmindomaia.com.br\/wp-content\/uploads\/2022\/06\/1a1d786d-699e-4fa5-bad7-5874fb0d38d1-1536x1152.jpg 1536w, http:\/\/blogdoarmindomaia.com.br\/wp-content\/uploads\/2022\/06\/1a1d786d-699e-4fa5-bad7-5874fb0d38d1.jpg 1600w\" sizes=\"auto, (max-width: 1024px) 100vw, 1024px\" \/><\/figure>\n\n\n\n<p>Novas gera\u00e7\u00f5es em busca do conhecimento! No final da semana passada, um grupo de alunos da Escola Orat\u00f3rio Nossa Senhora Auxiliadora de Arax\u00e1, visitaram o espa\u00e7o cultural do Memorial da Escrita e Imprensa Maur\u00edcio Rosa de Arax\u00e1.<\/p>\n\n\n\n<p>A visita coordenada pela professora Maria Ang\u00e9lica e com apoio da jornalista Alzira Silva, faz parte de um projeto desenvolvido pela escola. Segundo a professora de portugu\u00eas Maria Ang\u00e9lica,\u201d tudo come\u00e7ou com um projeto quer n\u00f3s estamos desenvolvendo no Orat\u00f3rio sobre o meio ambiente e da\u00ed n\u00f3s conhecemos uma empresa que \u00e9 parceira do projeto e sobre o mundo do jornalismo&nbsp; no meio ambiente e porque n\u00e3o conhecer tamb\u00e9m um pouco do jornalismo e do jornal impresso, t\u00e3o fundamental para divulga\u00e7\u00e3o e promo\u00e7\u00e3o de assuntos relevantes como o&nbsp; meio ambiente\u201d.<\/p>\n\n\n\n<p>A professora tamb\u00e9m disse que, \u201c essa visita ao Memorial Maur\u00edcio Rosa \u00e9 de grande import\u00e2ncia para n\u00f3s, pois aqui, os nossos alunos poder\u00e3o conhecer um pouco da&nbsp; evolu\u00e7\u00e3o da imprensa e da escrita. E com essa oportunidade de n\u00f3s conhecermos o Memorial, os nossos alunos ficaram muito entusiasmados com cada m\u00e1quina antiga que fez parte do processo da evolu\u00e7\u00e3o da impress\u00e3o tipogr\u00e1fica ao longo dos anos\u201d.<\/p>\n\n\n\n<p>O passeio fascinante ao Museu Maur\u00edcio Rosa durou cerca de duas horas. A turma de 15 estudantes, muito curiosa, pode assistir a v\u00eddeos explicativos sobre cada fase da tipografia, tamb\u00e9m viram de perto as m\u00e1quinas trabalhando e conferiram os panfletos, jornais, livros e revistas antigos, todos do in\u00edcio do s\u00e9culo, destacando as not\u00edcias e acontecimentos de Arax\u00e1 do passado. &nbsp;<\/p>\n\n\n\n<p>Com aten\u00e7\u00e3o os alunos ouviram dos monitores informa\u00e7\u00f5es importantes sobre cada m\u00e1quina, ferramenta e utens\u00edlios de \u00e9poca que fazem parte do acervo do Memorial Maur\u00edcio Rosa.<\/p>\n\n\n\n<p>Em tempos de internet, celulares e ferramentais digitais, os estudantes fizeram quest\u00e3o de registrar tudo em fotos e tamb\u00e9m opinaram sobre o que aprenderam na visita ao Memorial Maur\u00edcio Rosa.<\/p>\n\n\n\n<p>Ana Beatriz de 10 anos, disse que, \u201c eu achei tudo muito interessante, diferente e o que mais eu gostei foi daquela m\u00e1quina grande de impress\u00e3o que fica na entrada ( Linotipe). Era muito dif\u00edcil escreve e fazer livros e jornais no passado, porque hoje em dia a gente tem tudo na m\u00e3o n\u00e9\u201d.<\/p>\n\n\n\n<p>Para o estudante Vitor Hugo de 10 anos, \u201c eu achei o Museu muito interessante. Eu n\u00e3o sabia que antigamente era assim que se fazia a escrita. O que mais me chamou aa aten\u00e7\u00e3o foram aquelas letras mi\u00fadas ( tipos), que eram usadas para fazer jornais, livros&#8230; muito interessante mesmo\u201d.<\/p>\n\n\n\n<p>Luiz Felipe de 11 anos contou que, \u201c eu achei muito legal a m\u00e1quina que imprimi as p\u00e1ginas, ela \u00e9 grande mas d\u00e1 conta de fazer o trabalho direitinho. Por ela ser bastante antiga ela ainda consegue imprimir com muita rapidez. Eu tamb\u00e9m ficou curioso sobre aquelas letrinhas (tipos) e como era dif\u00edcil no passado escreve um jornal, pegando letra por letra\u201d.<\/p>\n\n\n\n<p>O aluno Bruno Melo de 11 anos afirmou que, \u201c nossa! Eu n\u00e3o sabia que era t\u00e3o dif\u00edcil escrever jornais, revista e livros antigamente. Com essas letrinhas ( tipos) era muito dif\u00edcil escrever qualquer coisa. Eu gostei muito do Memorial. E aprendi bastante com essa historia que conheci aqui hoje\u201d. Para a jornalista Alzira Silva, que d\u00e1 suporte ao projeto desenvolvido pelos alunos da Escola Orat\u00f3rio Nossa Auxiliadora de Arax\u00e1, \u201c foi uma visita muito bacana. Os alunos sa\u00edram do Memorial Maur\u00edcio Rosa encantados e surpresos com o acervo e essa hist\u00f3ria maravilhosa que aqui \u00e9 ofertada para os visitantes e a comunidade. Com certeza, esse ser\u00e1 um momento que vai ser lembrado para sempre para os meninos\u201d. &nbsp;&nbsp;&nbsp;&nbsp;<\/p>\n","protected":false},"excerpt":{"rendered":"<p>Novas gera\u00e7\u00f5es em busca do conhecimento! No final da semana passada, um grupo de alunos da Escola Orat\u00f3rio Nossa Senhora<\/p>\n","protected":false},"author":2,"featured_media":1614,"comment_status":"open","ping_status":"open","sticky":false,"template":"","format":"standard","meta":{"footnotes":""},"categories":[9,5,11],"tags":[],"class_list":["post-1613","post","type-post","status-publish","format-standard","has-post-thumbnail","hentry","category-araxa","category-arte-e-cultura","category-destaques"],"_links":{"self":[{"href":"http:\/\/blogdoarmindomaia.com.br\/index.php?rest_route=\/wp\/v2\/posts\/1613","targetHints":{"allow":["GET"]}}],"collection":[{"href":"http:\/\/blogdoarmindomaia.com.br\/index.php?rest_route=\/wp\/v2\/posts"}],"about":[{"href":"http:\/\/blogdoarmindomaia.com.br\/index.php?rest_route=\/wp\/v2\/types\/post"}],"author":[{"embeddable":true,"href":"http:\/\/blogdoarmindomaia.com.br\/index.php?rest_route=\/wp\/v2\/users\/2"}],"replies":[{"embeddable":true,"href":"http:\/\/blogdoarmindomaia.com.br\/index.php?rest_route=%2Fwp%2Fv2%2Fcomments&post=1613"}],"version-history":[{"count":1,"href":"http:\/\/blogdoarmindomaia.com.br\/index.php?rest_route=\/wp\/v2\/posts\/1613\/revisions"}],"predecessor-version":[{"id":1615,"href":"http:\/\/blogdoarmindomaia.com.br\/index.php?rest_route=\/wp\/v2\/posts\/1613\/revisions\/1615"}],"wp:featuredmedia":[{"embeddable":true,"href":"http:\/\/blogdoarmindomaia.com.br\/index.php?rest_route=\/wp\/v2\/media\/1614"}],"wp:attachment":[{"href":"http:\/\/blogdoarmindomaia.com.br\/index.php?rest_route=%2Fwp%2Fv2%2Fmedia&parent=1613"}],"wp:term":[{"taxonomy":"category","embeddable":true,"href":"http:\/\/blogdoarmindomaia.com.br\/index.php?rest_route=%2Fwp%2Fv2%2Fcategories&post=1613"},{"taxonomy":"post_tag","embeddable":true,"href":"http:\/\/blogdoarmindomaia.com.br\/index.php?rest_route=%2Fwp%2Fv2%2Ftags&post=1613"}],"curies":[{"name":"wp","href":"https:\/\/api.w.org\/{rel}","templated":true}]}}