{"id":1631,"date":"2022-06-30T11:36:42","date_gmt":"2022-06-30T14:36:42","guid":{"rendered":"http:\/\/blogdoarmindomaia.com.br\/?p=1631"},"modified":"2022-06-30T11:36:44","modified_gmt":"2022-06-30T14:36:44","slug":"passeio-ciclistico-destaca-a-conscientizacao-no-transito%ef%bf%bc","status":"publish","type":"post","link":"http:\/\/blogdoarmindomaia.com.br\/?p=1631","title":{"rendered":"Passeio Cicl\u00edstico destaca a conscientiza\u00e7\u00e3o no tr\u00e2nsito\ufffc"},"content":{"rendered":"\n<p><\/p>\n\n\n\n<figure class=\"wp-block-image size-full\"><img loading=\"lazy\" decoding=\"async\" width=\"1024\" height=\"683\" src=\"http:\/\/blogdoarmindomaia.com.br\/wp-content\/uploads\/2022\/06\/Passeio-Ciclistico-3.jpeg\" alt=\"\" class=\"wp-image-1633\" srcset=\"http:\/\/blogdoarmindomaia.com.br\/wp-content\/uploads\/2022\/06\/Passeio-Ciclistico-3.jpeg 1024w, http:\/\/blogdoarmindomaia.com.br\/wp-content\/uploads\/2022\/06\/Passeio-Ciclistico-3-300x200.jpeg 300w, http:\/\/blogdoarmindomaia.com.br\/wp-content\/uploads\/2022\/06\/Passeio-Ciclistico-3-768x512.jpeg 768w\" sizes=\"auto, (max-width: 1024px) 100vw, 1024px\" \/><\/figure>\n\n\n\n<figure class=\"wp-block-image size-full\"><img loading=\"lazy\" decoding=\"async\" width=\"1024\" height=\"683\" src=\"http:\/\/blogdoarmindomaia.com.br\/wp-content\/uploads\/2022\/06\/Passeio-Ciclistico-9.jpeg\" alt=\"\" class=\"wp-image-1632\" srcset=\"http:\/\/blogdoarmindomaia.com.br\/wp-content\/uploads\/2022\/06\/Passeio-Ciclistico-9.jpeg 1024w, http:\/\/blogdoarmindomaia.com.br\/wp-content\/uploads\/2022\/06\/Passeio-Ciclistico-9-300x200.jpeg 300w, http:\/\/blogdoarmindomaia.com.br\/wp-content\/uploads\/2022\/06\/Passeio-Ciclistico-9-768x512.jpeg 768w\" sizes=\"auto, (max-width: 1024px) 100vw, 1024px\" \/><\/figure>\n\n\n\n<p>O Passeio Cicl\u00edstico promovido pela Secretaria de Seguran\u00e7a P\u00fablica durante a Semana Municipal de Tr\u00e2nsito, neste domingo, 26, reuniu crian\u00e7as, adultos, fam\u00edlias e amigos que gostam do pedal. O evento realizado em parceria com a Copa Internacional de Mountain Bike teve o objetivo de fortalecer o uso da bicicleta como meio de transporte saud\u00e1vel. Tamb\u00e9m incentivou o p\u00fablico a pedalar at\u00e9 a Est\u00e2ncia Hidromineral do Barreiro, saindo do Est\u00e1dio Fausto Alvim.<\/p>\n\n\n\n<p>Refor\u00e7ando o tema \u201cVulnerabilidade e Fragilidade da Vida no Tr\u00e2nsito\u201d, o trajeto de 6 km foi acompanhado por viaturas do Servi\u00e7o de Tr\u00e2nsito e Transportes (Settrans), Guarda Patrimonial e Pol\u00edcia Militar. As avenidas Imbiara e Geraldo Porf\u00edrio Botelho foram coloridas com a presen\u00e7a dos ciclistas, a\u00e7\u00e3o que estimula a sa\u00fade e a qualidade de vida, diminui a polui\u00e7\u00e3o e promove a mobilidade sustent\u00e1vel.<\/p>\n\n\n\n<p>O secret\u00e1rio Daniel Rosa refor\u00e7a que os ciclistas est\u00e3o entre os vulner\u00e1veis no tr\u00e2nsito e com o crescente n\u00famero de adeptos em Arax\u00e1 \u00e9 importante conscientizar a popula\u00e7\u00e3o sobre os cuidados, principalmente o respeito ao distanciamento de 1,5 metro que os ve\u00edculos devem manter das bikes.<\/p>\n\n\n\n<p>A Secretaria Municipal de Seguran\u00e7a P\u00fablica, com o apoio dos atiradores do Tiro de Guerra, tamb\u00e9m promoveu uma blitz educativa na entrada do Barreiro. Centenas de motoristas que chegavam ao local eram recepcionados com material da campanha: um lixo car contendo informa\u00e7\u00f5es, bloco de anota\u00e7\u00f5es e uma caneta.<\/p>\n\n\n\n<p>\u201cA Semana Municipal de Tr\u00e2nsito integra o calend\u00e1rio anual de eventos da prefeitura e realizar a campanha no mesmo per\u00edodo da Copa Internacional de MTB permitiu que as a\u00e7\u00f5es de conscientiza\u00e7\u00e3o atingissem um p\u00fablico diversificado, ampliando a abrang\u00eancia do trabalho\u201d, conclui o secret\u00e1rio.<\/p>\n","protected":false},"excerpt":{"rendered":"<p>O Passeio Cicl\u00edstico promovido pela Secretaria de Seguran\u00e7a P\u00fablica durante a Semana Municipal de Tr\u00e2nsito, neste domingo, 26, reuniu crian\u00e7as,<\/p>\n","protected":false},"author":2,"featured_media":1632,"comment_status":"open","ping_status":"open","sticky":false,"template":"","format":"standard","meta":{"footnotes":""},"categories":[9,11,15],"tags":[],"class_list":["post-1631","post","type-post","status-publish","format-standard","has-post-thumbnail","hentry","category-araxa","category-destaques","category-esportes"],"_links":{"self":[{"href":"http:\/\/blogdoarmindomaia.com.br\/index.php?rest_route=\/wp\/v2\/posts\/1631","targetHints":{"allow":["GET"]}}],"collection":[{"href":"http:\/\/blogdoarmindomaia.com.br\/index.php?rest_route=\/wp\/v2\/posts"}],"about":[{"href":"http:\/\/blogdoarmindomaia.com.br\/index.php?rest_route=\/wp\/v2\/types\/post"}],"author":[{"embeddable":true,"href":"http:\/\/blogdoarmindomaia.com.br\/index.php?rest_route=\/wp\/v2\/users\/2"}],"replies":[{"embeddable":true,"href":"http:\/\/blogdoarmindomaia.com.br\/index.php?rest_route=%2Fwp%2Fv2%2Fcomments&post=1631"}],"version-history":[{"count":1,"href":"http:\/\/blogdoarmindomaia.com.br\/index.php?rest_route=\/wp\/v2\/posts\/1631\/revisions"}],"predecessor-version":[{"id":1634,"href":"http:\/\/blogdoarmindomaia.com.br\/index.php?rest_route=\/wp\/v2\/posts\/1631\/revisions\/1634"}],"wp:featuredmedia":[{"embeddable":true,"href":"http:\/\/blogdoarmindomaia.com.br\/index.php?rest_route=\/wp\/v2\/media\/1632"}],"wp:attachment":[{"href":"http:\/\/blogdoarmindomaia.com.br\/index.php?rest_route=%2Fwp%2Fv2%2Fmedia&parent=1631"}],"wp:term":[{"taxonomy":"category","embeddable":true,"href":"http:\/\/blogdoarmindomaia.com.br\/index.php?rest_route=%2Fwp%2Fv2%2Fcategories&post=1631"},{"taxonomy":"post_tag","embeddable":true,"href":"http:\/\/blogdoarmindomaia.com.br\/index.php?rest_route=%2Fwp%2Fv2%2Ftags&post=1631"}],"curies":[{"name":"wp","href":"https:\/\/api.w.org\/{rel}","templated":true}]}}