{"id":1635,"date":"2022-06-30T15:43:33","date_gmt":"2022-06-30T18:43:33","guid":{"rendered":"http:\/\/blogdoarmindomaia.com.br\/?p=1635"},"modified":"2022-06-30T15:43:35","modified_gmt":"2022-06-30T18:43:35","slug":"projeto-vamos-reconhecer-araxa-encerrou-suas-apresentacoes-com-chave-de-ouro","status":"publish","type":"post","link":"http:\/\/blogdoarmindomaia.com.br\/?p=1635","title":{"rendered":"Projeto Vamos Reconhecer Arax\u00e1, encerrou suas apresenta\u00e7\u00f5es com chave de ouro."},"content":{"rendered":"\n<figure class=\"wp-block-image size-large\"><img loading=\"lazy\" decoding=\"async\" width=\"1024\" height=\"768\" src=\"http:\/\/blogdoarmindomaia.com.br\/wp-content\/uploads\/2022\/06\/Biblioteca-Municipal-Viriato-Correia-em-Araxa-1024x768.jpg\" alt=\"\" class=\"wp-image-1636\" srcset=\"http:\/\/blogdoarmindomaia.com.br\/wp-content\/uploads\/2022\/06\/Biblioteca-Municipal-Viriato-Correia-em-Araxa-1024x768.jpg 1024w, http:\/\/blogdoarmindomaia.com.br\/wp-content\/uploads\/2022\/06\/Biblioteca-Municipal-Viriato-Correia-em-Araxa-300x225.jpg 300w, http:\/\/blogdoarmindomaia.com.br\/wp-content\/uploads\/2022\/06\/Biblioteca-Municipal-Viriato-Correia-em-Araxa-768x576.jpg 768w, http:\/\/blogdoarmindomaia.com.br\/wp-content\/uploads\/2022\/06\/Biblioteca-Municipal-Viriato-Correia-em-Araxa-1536x1152.jpg 1536w, http:\/\/blogdoarmindomaia.com.br\/wp-content\/uploads\/2022\/06\/Biblioteca-Municipal-Viriato-Correia-em-Araxa.jpg 1600w\" sizes=\"auto, (max-width: 1024px) 100vw, 1024px\" \/><\/figure>\n\n\n\n<p><\/p>\n\n\n\n<figure class=\"wp-block-image size-large\"><img loading=\"lazy\" decoding=\"async\" width=\"768\" height=\"1024\" src=\"http:\/\/blogdoarmindomaia.com.br\/wp-content\/uploads\/2022\/06\/Escola-Polivalente-768x1024.jpg\" alt=\"\" class=\"wp-image-1637\" srcset=\"http:\/\/blogdoarmindomaia.com.br\/wp-content\/uploads\/2022\/06\/Escola-Polivalente-768x1023.jpg 768w, http:\/\/blogdoarmindomaia.com.br\/wp-content\/uploads\/2022\/06\/Escola-Polivalente-225x300.jpg 225w, http:\/\/blogdoarmindomaia.com.br\/wp-content\/uploads\/2022\/06\/Escola-Polivalente-1153x1536.jpg 1153w, http:\/\/blogdoarmindomaia.com.br\/wp-content\/uploads\/2022\/06\/Escola-Polivalente.jpg 1200w\" sizes=\"auto, (max-width: 768px) 100vw, 768px\" \/><\/figure>\n\n\n\n<p>O projeto Vamos Reconhecer Arax\u00e1, de Domingos Antunes Guimar\u00e3es, encerra sua apresenta\u00e7\u00e3o ao publico hoje sexta feira, dentro das comemora\u00e7\u00f5es do anivers\u00e1rio da Biblioteca Publica Municipal Viriato Corr\u00eaa, com exposi\u00e7\u00e3o que aconteceu entre os dias 20 de junho e 1\u00ba de julho em exposi\u00e7\u00e3o permanente das 7h \u00e1s 19h. Elaborado a partir do livro de D. Leonilda S. Montandom Vamos Conhecer Arax\u00e1, o projeto estabelece um elo entre fatos registrados no livro no ano do centen\u00e1rio de Arax\u00e1 e os dias atuais, mostrando diversas situa\u00e7\u00f5es criadas naquela \u00e9poca e que permanecem em funcionamento at\u00e9 os dias de hoje, inclusive a Biblioteca Municipal que completou 72 anos. Como objetivo principal, o projeto ressalta a valoriza\u00e7\u00e3o do livro em diversos aspectos. Entre eles a necessidade da leitura constante para se inteirar de fatos ligados ao nosso cotidiano e tamb\u00e9m\u00a0 estar atento na hora de escrever uma obra, atentando para datas e situa\u00e7\u00f5es de registros confi\u00e1veis e seguros. A mostra esteve tamb\u00e9m em exposi\u00e7\u00e3o na na Escola Professor Luiz Antonio de Oliveira (polivalente) em exposi\u00e7\u00e3o interna dirigida aos alunos sendo bastante visitada e debatida na ocasi\u00e3o entre os alunos e o proponente Domingos Antunes. O projeto, desenvolvido com recursos da Lei Aldir Blanc e apoio da Funda\u00e7\u00e3o Cultural Calmon Barreto consiste da elabora\u00e7\u00e3o de 20 pain\u00e9is, onde o visitante al\u00e9m de tomar conhecimento de fatos ligados a nossa cidade, encontra ainda endere\u00e7os atrav\u00e9s dos quais poder\u00e1 se aprofundar nos temas de forma mais completa. De acordo com a proposta do proponente, ao final das exposi\u00e7\u00f5es os pain\u00e9is ser\u00e3o entregues \u00e0 Funda\u00e7\u00e3o Cultural Calmon Barreto que poder\u00e1 disponibiliz\u00e1-los para futuras exposi\u00e7\u00f5es.<\/p>\n","protected":false},"excerpt":{"rendered":"<p>O projeto Vamos Reconhecer Arax\u00e1, de Domingos Antunes Guimar\u00e3es, encerra sua apresenta\u00e7\u00e3o ao publico hoje sexta feira, dentro das comemora\u00e7\u00f5es<\/p>\n","protected":false},"author":2,"featured_media":1637,"comment_status":"open","ping_status":"open","sticky":false,"template":"","format":"standard","meta":{"footnotes":""},"categories":[9,5],"tags":[],"class_list":["post-1635","post","type-post","status-publish","format-standard","has-post-thumbnail","hentry","category-araxa","category-arte-e-cultura"],"_links":{"self":[{"href":"http:\/\/blogdoarmindomaia.com.br\/index.php?rest_route=\/wp\/v2\/posts\/1635","targetHints":{"allow":["GET"]}}],"collection":[{"href":"http:\/\/blogdoarmindomaia.com.br\/index.php?rest_route=\/wp\/v2\/posts"}],"about":[{"href":"http:\/\/blogdoarmindomaia.com.br\/index.php?rest_route=\/wp\/v2\/types\/post"}],"author":[{"embeddable":true,"href":"http:\/\/blogdoarmindomaia.com.br\/index.php?rest_route=\/wp\/v2\/users\/2"}],"replies":[{"embeddable":true,"href":"http:\/\/blogdoarmindomaia.com.br\/index.php?rest_route=%2Fwp%2Fv2%2Fcomments&post=1635"}],"version-history":[{"count":1,"href":"http:\/\/blogdoarmindomaia.com.br\/index.php?rest_route=\/wp\/v2\/posts\/1635\/revisions"}],"predecessor-version":[{"id":1638,"href":"http:\/\/blogdoarmindomaia.com.br\/index.php?rest_route=\/wp\/v2\/posts\/1635\/revisions\/1638"}],"wp:featuredmedia":[{"embeddable":true,"href":"http:\/\/blogdoarmindomaia.com.br\/index.php?rest_route=\/wp\/v2\/media\/1637"}],"wp:attachment":[{"href":"http:\/\/blogdoarmindomaia.com.br\/index.php?rest_route=%2Fwp%2Fv2%2Fmedia&parent=1635"}],"wp:term":[{"taxonomy":"category","embeddable":true,"href":"http:\/\/blogdoarmindomaia.com.br\/index.php?rest_route=%2Fwp%2Fv2%2Fcategories&post=1635"},{"taxonomy":"post_tag","embeddable":true,"href":"http:\/\/blogdoarmindomaia.com.br\/index.php?rest_route=%2Fwp%2Fv2%2Ftags&post=1635"}],"curies":[{"name":"wp","href":"https:\/\/api.w.org\/{rel}","templated":true}]}}