{"id":1640,"date":"2022-06-30T15:51:01","date_gmt":"2022-06-30T18:51:01","guid":{"rendered":"http:\/\/blogdoarmindomaia.com.br\/?p=1640"},"modified":"2022-06-30T15:51:11","modified_gmt":"2022-06-30T18:51:11","slug":"grande-arraia-tera-barraquinhas-com-comidas-juninas-e-solidariedade","status":"publish","type":"post","link":"http:\/\/blogdoarmindomaia.com.br\/?p=1640","title":{"rendered":"Grande Arrai\u00e1 ter\u00e1 barraquinhas com comidas juninas e solidariedade"},"content":{"rendered":"\n<figure class=\"wp-block-image size-full\"><img loading=\"lazy\" decoding=\"async\" width=\"687\" height=\"464\" src=\"http:\/\/blogdoarmindomaia.com.br\/wp-content\/uploads\/2022\/06\/Grande-Arraia-tera-barraquinhas-com-comidas-juninas-pag-08.jpg\" alt=\"\" class=\"wp-image-1641\" srcset=\"http:\/\/blogdoarmindomaia.com.br\/wp-content\/uploads\/2022\/06\/Grande-Arraia-tera-barraquinhas-com-comidas-juninas-pag-08.jpg 687w, http:\/\/blogdoarmindomaia.com.br\/wp-content\/uploads\/2022\/06\/Grande-Arraia-tera-barraquinhas-com-comidas-juninas-pag-08-300x203.jpg 300w\" sizes=\"auto, (max-width: 687px) 100vw, 687px\" \/><\/figure>\n\n\n\n<p>Comida boa e solidariedade. A combina\u00e7\u00e3o \u00e9 uma marca do Grande Arrai\u00e1 &#8211; Circuito Junino de Arax\u00e1. Mantendo uma tradi\u00e7\u00e3o, as barraquinhas de comida t\u00edpica do evento v\u00e3o funcionar por meio de uma parceria com institui\u00e7\u00f5es da cidade que prestam relevantes servi\u00e7os \u00e0 comunidade. &#8220;\u00c9 a nossa forma de agradecer pelo tanto que elas fazem por Arax\u00e1. Com as vendas realizadas durante o Grande Arrai\u00e1 elas conseguem uma renda extra e o que temos de retorno \u00e9 que sempre ajuda muito&#8221;, ressalta Elisa Bai\u00e3o Mac\u00eado, presidente da Funda\u00e7\u00e3o Cultural Acia (Facia).<\/p>\n\n\n\n<p>Neste ano, oito institui\u00e7\u00f5es participar\u00e3o da pra\u00e7a de alimenta\u00e7\u00e3o do Grande Arrai\u00e1. H\u00e1 poucos dias do evento, a maioria j\u00e1 organizou as equipes de trabalho e fez o planejamento de mat\u00e9ria-prima. O Centro de Forma\u00e7\u00e3o Profissional J\u00falio D\u00e1rio, por exemplo, vai servir produtos derivados do milho, como mingau, pamonha, pipoca, canjica e bolo. \u201cTeremos oito pessoas envolvidas diretamente e na sexta-feira come\u00e7aremos cedinho a prepara\u00e7\u00e3o para entregarmos tudo fresquinho\u201d, conta a assistente administrativa da institui\u00e7\u00e3o, Marieta de Castro Fonseca.<\/p>\n\n\n\n<p>A equipe das Obras Assistenciais Jesus te Ama ter\u00e1 10 pessoas. Eles v\u00e3o servir alm\u00f4ndega com mandioca, caldos e quent\u00e3o. \u201cCom esse recurso pretendemos fazer uma festinha para nossa comunidade, que \u00e9 muito carente e vamos conseguir oferecer tudo de gra\u00e7a para eles\u201d, explica Francisco de Assis, o Chic\u00e3o, diretor da institui\u00e7\u00e3o.<\/p>\n\n\n\n<p>J\u00e1 no Recanto do Idoso S\u00e3o Vicente de Paula, os recursos conseguidos com a venda de caldos ser\u00e3o destinados \u00e0 manuten\u00e7\u00e3o do trabalho. \u201cVamos comprar alimentos, produtos de limpeza e, se der tudo certo, ainda fazer uma pequena reforma\u201d, garante o presidente do Recanto, Ermes Diolino Borges.<\/p>\n\n\n\n<p><strong>Del\u00edcias para todos os gostos<\/strong><\/p>\n\n\n\n<p>Veja abaixo as comidas t\u00edpicas que ser\u00e3o servidas no Grande Arrai\u00e1:<\/p>\n\n\n\n<p>Centro de Forma\u00e7\u00e3o Profissional Julio D\u00e1rio &#8211;<em>BARRACA TUDO DE MILHO<\/em><\/p>\n\n\n\n<p>Par\u00f3quia Sagrada Fam\u00edlia \u2013 ECC&nbsp;<strong>&#8211;&nbsp;<\/strong><em>BARRACA DO CHURRASCO E JANTINHA<\/em><\/p>\n\n\n\n<p>Igreja Sara Jardim Europa \u2013<em>BARRACA DO PASTEL<\/em><\/p>\n\n\n\n<p>Igreja Sara Jardim Europa &#8211;<em>BARRACA DO DOCE<\/em><\/p>\n\n\n\n<p>Trianon Esporte Clube &#8211;<em>BARRACA DO TROPEIRO E MACARR\u00c3O NA CHAPA<\/em><\/p>\n\n\n\n<p>Obras Assistenciais Jesus te Ama &#8211;<em>BARRACA DA ALM\u00d4NDEGA COM MANDIOCA, CALDOS E QUENT\u00c3O<\/em><\/p>\n\n\n\n<p>Recanto do Idoso S\u00e3o Vicente de Paula &#8211;<em>BARRACA DOS CALDOS<\/em><\/p>\n\n\n\n<p>Rotary Club de Arax\u00e1 &#8211;<em>BARRACA DO P\u00c3O DE QUEIJO RECHEADO, BATATA FRITA E CROQUETE<\/em><\/p>\n\n\n\n<p>APAE &#8211;<em>BARRACA DA CANJIQUINHA, DO CACHORRO QUENTE E BOLINHO DE ARROZ<\/em><\/p>\n","protected":false},"excerpt":{"rendered":"<p>Comida boa e solidariedade. A combina\u00e7\u00e3o \u00e9 uma marca do Grande Arrai\u00e1 &#8211; Circuito Junino de Arax\u00e1. Mantendo uma tradi\u00e7\u00e3o,<\/p>\n","protected":false},"author":2,"featured_media":0,"comment_status":"open","ping_status":"open","sticky":false,"template":"","format":"standard","meta":{"footnotes":""},"categories":[9,5],"tags":[],"class_list":["post-1640","post","type-post","status-publish","format-standard","hentry","category-araxa","category-arte-e-cultura"],"_links":{"self":[{"href":"http:\/\/blogdoarmindomaia.com.br\/index.php?rest_route=\/wp\/v2\/posts\/1640","targetHints":{"allow":["GET"]}}],"collection":[{"href":"http:\/\/blogdoarmindomaia.com.br\/index.php?rest_route=\/wp\/v2\/posts"}],"about":[{"href":"http:\/\/blogdoarmindomaia.com.br\/index.php?rest_route=\/wp\/v2\/types\/post"}],"author":[{"embeddable":true,"href":"http:\/\/blogdoarmindomaia.com.br\/index.php?rest_route=\/wp\/v2\/users\/2"}],"replies":[{"embeddable":true,"href":"http:\/\/blogdoarmindomaia.com.br\/index.php?rest_route=%2Fwp%2Fv2%2Fcomments&post=1640"}],"version-history":[{"count":1,"href":"http:\/\/blogdoarmindomaia.com.br\/index.php?rest_route=\/wp\/v2\/posts\/1640\/revisions"}],"predecessor-version":[{"id":1642,"href":"http:\/\/blogdoarmindomaia.com.br\/index.php?rest_route=\/wp\/v2\/posts\/1640\/revisions\/1642"}],"wp:attachment":[{"href":"http:\/\/blogdoarmindomaia.com.br\/index.php?rest_route=%2Fwp%2Fv2%2Fmedia&parent=1640"}],"wp:term":[{"taxonomy":"category","embeddable":true,"href":"http:\/\/blogdoarmindomaia.com.br\/index.php?rest_route=%2Fwp%2Fv2%2Fcategories&post=1640"},{"taxonomy":"post_tag","embeddable":true,"href":"http:\/\/blogdoarmindomaia.com.br\/index.php?rest_route=%2Fwp%2Fv2%2Ftags&post=1640"}],"curies":[{"name":"wp","href":"https:\/\/api.w.org\/{rel}","templated":true}]}}