{"id":1643,"date":"2022-06-30T16:13:01","date_gmt":"2022-06-30T19:13:01","guid":{"rendered":"http:\/\/blogdoarmindomaia.com.br\/?p=1643"},"modified":"2022-06-30T16:13:03","modified_gmt":"2022-06-30T19:13:03","slug":"escola-municipal-de-musica-completa-30-anos","status":"publish","type":"post","link":"http:\/\/blogdoarmindomaia.com.br\/?p=1643","title":{"rendered":"Escola Municipal de M\u00fasica completa 30 anos"},"content":{"rendered":"\n<figure class=\"wp-block-image size-full\"><img loading=\"lazy\" decoding=\"async\" width=\"1024\" height=\"683\" src=\"http:\/\/blogdoarmindomaia.com.br\/wp-content\/uploads\/2022\/06\/Escola-Municipal-de-Musica-completa-30-anos-pag-05.jpeg\" alt=\"\" class=\"wp-image-1645\" srcset=\"http:\/\/blogdoarmindomaia.com.br\/wp-content\/uploads\/2022\/06\/Escola-Municipal-de-Musica-completa-30-anos-pag-05.jpeg 1024w, http:\/\/blogdoarmindomaia.com.br\/wp-content\/uploads\/2022\/06\/Escola-Municipal-de-Musica-completa-30-anos-pag-05-300x200.jpeg 300w, http:\/\/blogdoarmindomaia.com.br\/wp-content\/uploads\/2022\/06\/Escola-Municipal-de-Musica-completa-30-anos-pag-05-768x512.jpeg 768w\" sizes=\"auto, (max-width: 1024px) 100vw, 1024px\" \/><\/figure>\n\n\n\n<p>Em comemora\u00e7\u00e3o aos 30 anos da Escola Municipal de M\u00fasica Maestro Elias Porf\u00edrio de Azevedo, celebrados em 2022, a Funda\u00e7\u00e3o Cultural Calmon Barreto (FCCB) preparou uma programa\u00e7\u00e3o especial de atividades no Teatro Municipal Maximiliano Rocha e no Coreto da Pra\u00e7a Arthur Bernardes, entre os dias 27 e 30 de junho.<br><br>A programa\u00e7\u00e3o buscou homenagear pessoas importantes que passaram pela escola e compartilhar com a comunidade o trabalho realizado no dia a dia, por meio de apresenta\u00e7\u00f5es de alunos, professores e de grupos musicais formados na institui\u00e7\u00e3o.<br><br>\u201cA nossa primeira noite, na segunda, foi de homenagens, relembrando cada uma das pessoas que passaram pela escola, e, na sequ\u00eancia, tevimos apresenta\u00e7\u00f5es musicais. Na ter\u00e7a, teve a apresenta\u00e7\u00e3o do grupo Forrozeando na Pra\u00e7a, com um pouco de m\u00fasicas folcl\u00f3ricas e juninas. Na quarta, tivemos MPB, mesclando com m\u00fasica cl\u00e1ssica. E na quinta, fechamos com apresenta\u00e7\u00f5es de rock e de m\u00fasicas mais ecl\u00e9ticas\u201d, conta a diretora da Escola de M\u00fasica, M\u00e1rcia Balieiro.<br><br>A presidente da FCCB, Cynthia Ver\u00e7osa, destaca que a Escola de M\u00fasica tem papel muito relevante na vida da comunidade. \u201cS\u00e3o 30 anos de trajet\u00f3ria, marcados por muitas pessoas da cidade que tiveram oportunidade de estar apreendendo, partilhando e divulgando todo o trabalho feito. Agora, estamos continuando essa hist\u00f3ria. Ent\u00e3o, preparamos uma semana de atividades para que essas tr\u00eas d\u00e9cadas fiquem eternizadas por esta comemora\u00e7\u00e3o especial\u201d, complementa.<br><br>As comemora\u00e7\u00f5es aconteceram no Coreto da Pra\u00e7a Arthur Bernardes e o\u00a0 espa\u00e7o contou ainda com food trucks.<br><br><strong>Hist\u00f3rico<br><\/strong><br>Fundada em 29 de abril de 1992, pela Lei Municipal n\u00ba 2.520, a Escola Municipal de M\u00fasica Maestro Elias Porf\u00edrio de Azevedo foi criada como um departamento integrante da FCCB. As atividades se iniciaram em agosto do mesmo ano, com a primeira sede na rua Dom Jos\u00e9 Gaspar.<br><br>Durante os primeiros anos, forma\u00e7\u00f5es musicais existentes at\u00e9 hoje, como o Grupo de Seresta M\u00fasica na Janela e o Grupo de Chorinho Chorando na Pra\u00e7a, nasceram dentro da institui\u00e7\u00e3o. Com o crescimento do n\u00famero de alunos, a escola ganhou sede definitiva em 14 de julho de 1999, na Pra\u00e7a Arthur Bernardes.<br><br>Atualmente, s\u00e3o atendidos cerca de 600 alunos, que participam de cursos livres e de projetos espec\u00edficos &#8211; como o Juventude em ConSerto, e do curso t\u00e9cnico em Instrumento Musical.<br><br><\/p>\n","protected":false},"excerpt":{"rendered":"<p>Em comemora\u00e7\u00e3o aos 30 anos da Escola Municipal de M\u00fasica Maestro Elias Porf\u00edrio de Azevedo, celebrados em 2022, a Funda\u00e7\u00e3o<\/p>\n","protected":false},"author":2,"featured_media":1645,"comment_status":"open","ping_status":"open","sticky":false,"template":"","format":"standard","meta":{"footnotes":""},"categories":[9,5,11],"tags":[],"class_list":["post-1643","post","type-post","status-publish","format-standard","has-post-thumbnail","hentry","category-araxa","category-arte-e-cultura","category-destaques"],"_links":{"self":[{"href":"http:\/\/blogdoarmindomaia.com.br\/index.php?rest_route=\/wp\/v2\/posts\/1643","targetHints":{"allow":["GET"]}}],"collection":[{"href":"http:\/\/blogdoarmindomaia.com.br\/index.php?rest_route=\/wp\/v2\/posts"}],"about":[{"href":"http:\/\/blogdoarmindomaia.com.br\/index.php?rest_route=\/wp\/v2\/types\/post"}],"author":[{"embeddable":true,"href":"http:\/\/blogdoarmindomaia.com.br\/index.php?rest_route=\/wp\/v2\/users\/2"}],"replies":[{"embeddable":true,"href":"http:\/\/blogdoarmindomaia.com.br\/index.php?rest_route=%2Fwp%2Fv2%2Fcomments&post=1643"}],"version-history":[{"count":1,"href":"http:\/\/blogdoarmindomaia.com.br\/index.php?rest_route=\/wp\/v2\/posts\/1643\/revisions"}],"predecessor-version":[{"id":1646,"href":"http:\/\/blogdoarmindomaia.com.br\/index.php?rest_route=\/wp\/v2\/posts\/1643\/revisions\/1646"}],"wp:featuredmedia":[{"embeddable":true,"href":"http:\/\/blogdoarmindomaia.com.br\/index.php?rest_route=\/wp\/v2\/media\/1645"}],"wp:attachment":[{"href":"http:\/\/blogdoarmindomaia.com.br\/index.php?rest_route=%2Fwp%2Fv2%2Fmedia&parent=1643"}],"wp:term":[{"taxonomy":"category","embeddable":true,"href":"http:\/\/blogdoarmindomaia.com.br\/index.php?rest_route=%2Fwp%2Fv2%2Fcategories&post=1643"},{"taxonomy":"post_tag","embeddable":true,"href":"http:\/\/blogdoarmindomaia.com.br\/index.php?rest_route=%2Fwp%2Fv2%2Ftags&post=1643"}],"curies":[{"name":"wp","href":"https:\/\/api.w.org\/{rel}","templated":true}]}}