{"id":1655,"date":"2022-06-30T16:20:34","date_gmt":"2022-06-30T19:20:34","guid":{"rendered":"http:\/\/blogdoarmindomaia.com.br\/?p=1655"},"modified":"2022-06-30T16:20:37","modified_gmt":"2022-06-30T19:20:37","slug":"encontro-nacional-de-carros-antigos-sera-em-julho-e-reunira-mais-de-250-raridades","status":"publish","type":"post","link":"http:\/\/blogdoarmindomaia.com.br\/?p=1655","title":{"rendered":"Encontro Nacional de Carros Antigos ser\u00e1 em julho e reunir\u00e1 mais de 250 raridades"},"content":{"rendered":"\n<figure class=\"wp-block-image size-large\"><img loading=\"lazy\" decoding=\"async\" width=\"1024\" height=\"683\" src=\"http:\/\/blogdoarmindomaia.com.br\/wp-content\/uploads\/2022\/06\/IMG_7730-1024x683.jpg\" alt=\"\" class=\"wp-image-1657\" srcset=\"http:\/\/blogdoarmindomaia.com.br\/wp-content\/uploads\/2022\/06\/IMG_7730-1024x683.jpg 1024w, http:\/\/blogdoarmindomaia.com.br\/wp-content\/uploads\/2022\/06\/IMG_7730-300x200.jpg 300w, http:\/\/blogdoarmindomaia.com.br\/wp-content\/uploads\/2022\/06\/IMG_7730-768x512.jpg 768w, http:\/\/blogdoarmindomaia.com.br\/wp-content\/uploads\/2022\/06\/IMG_7730-1536x1024.jpg 1536w, http:\/\/blogdoarmindomaia.com.br\/wp-content\/uploads\/2022\/06\/IMG_7730-2048x1365.jpg 2048w\" sizes=\"auto, (max-width: 1024px) 100vw, 1024px\" \/><\/figure>\n\n\n\n<figure class=\"wp-block-image size-large\"><img loading=\"lazy\" decoding=\"async\" width=\"1024\" height=\"683\" src=\"http:\/\/blogdoarmindomaia.com.br\/wp-content\/uploads\/2022\/06\/IMG_7361-1024x683.jpg\" alt=\"\" class=\"wp-image-1656\" srcset=\"http:\/\/blogdoarmindomaia.com.br\/wp-content\/uploads\/2022\/06\/IMG_7361-1024x683.jpg 1024w, http:\/\/blogdoarmindomaia.com.br\/wp-content\/uploads\/2022\/06\/IMG_7361-300x200.jpg 300w, http:\/\/blogdoarmindomaia.com.br\/wp-content\/uploads\/2022\/06\/IMG_7361-768x512.jpg 768w, http:\/\/blogdoarmindomaia.com.br\/wp-content\/uploads\/2022\/06\/IMG_7361-1536x1024.jpg 1536w, http:\/\/blogdoarmindomaia.com.br\/wp-content\/uploads\/2022\/06\/IMG_7361-2048x1365.jpg 2048w\" sizes=\"auto, (max-width: 1024px) 100vw, 1024px\" \/><\/figure>\n\n\n\n<p>Considerado um dos tr\u00eas mais relevantes eventos do antigomobilismo na Am\u00e9rica Latina e o mais importante e representativo do segmento no pa\u00eds, o <strong>Brazil Classics Kia Show<\/strong> volta a encher de charme a cidade mineira de Arax\u00e1, entre os dias 28 e 31 de julho. Duzentas e cinquenta raridades ser\u00e3o expostas nesta edi\u00e7\u00e3o, que vai destacar convers\u00edveis que fizeram hist\u00f3ria e est\u00e3o no imagin\u00e1rio dos amantes do mundo dos carros antigos. \u201cTeremos convers\u00edveis incr\u00edveis dos anos dourados da d\u00e9cada de 50 e 60 e, claro, carros antigos das exclusivas marcas Ferrari, Lamborghini, Cadillac, Dodge, Mercedes, entre outras. Destaco ainda dois carros esportivos da Volkswagen: o SP2 e o cl\u00e1ssico Karmann-Ghia\u201d, adianta o jornalista e diretor do Veteran Car &#8211; MG, Boris Feldman.<\/p>\n\n\n\n<p>O evento bianual chega a sua 24\u00aa edi\u00e7\u00e3o em Arax\u00e1. Ao longo dos anos ficou conhecido mundialmente pelo rigor e o zelo na sele\u00e7\u00e3o das m\u00e1quinas expostas e porque ganha ares de sofistica\u00e7\u00e3o em um cen\u00e1rio que re\u00fane a arquitetura imponente do castelo do Grande Hotel do Barreiro e os jardins projetados por Burle Marx. Ser\u00e3o tr\u00eas dias com extensa programa\u00e7\u00e3o que inclui ainda o leil\u00e3o de autom\u00f3veis, um desfile de carros antigos com premia\u00e7\u00e3o por categorias, uma feira de pe\u00e7as e atividades culturais. &nbsp;\u201cTenho certeza absoluta de que essa edi\u00e7\u00e3o ir\u00e1 superar as anteriores n\u00e3o s\u00f3 em quantidade, mas em qualidade. Os colecionadores e admiradores de carros antigos v\u00e3o se surpreender, tem muitas novidades. O evento em Arax\u00e1 busca manter a tradi\u00e7\u00e3o de ser o melhor evento de antigomobilismo nacional, um encontro de raridades \u00edmpar e imperd\u00edvel\u201d, destaca o presidente do Veteran Car &#8211; MG, Oswaldo Borges da Costa Filho.<\/p>\n\n\n\n<p>O Encontro Nacional de Carros Antigos em Arax\u00e1 &#8211; <strong>Brazil Classics Kia Show 2022<\/strong> \u2013 \u00e9 uma realiza\u00e7\u00e3o do Veteran Car \u2013 MG, com o patroc\u00ednio m\u00e1ster da Kia. As atividades culturais s\u00e3o realizadas por meio da Lei de Incentivo \u00e0 Cultura, da Secretaria Especial de Cultura do Minist\u00e9rio do Turismo, Governo Federal. Apoio: Prefeitura Municipal de Arax\u00e1.<\/p>\n","protected":false},"excerpt":{"rendered":"<p>Considerado um dos tr\u00eas mais relevantes eventos do antigomobilismo na Am\u00e9rica Latina e o mais importante e representativo do segmento<\/p>\n","protected":false},"author":2,"featured_media":1657,"comment_status":"open","ping_status":"open","sticky":false,"template":"","format":"standard","meta":{"footnotes":""},"categories":[9,5,11],"tags":[],"class_list":["post-1655","post","type-post","status-publish","format-standard","has-post-thumbnail","hentry","category-araxa","category-arte-e-cultura","category-destaques"],"_links":{"self":[{"href":"http:\/\/blogdoarmindomaia.com.br\/index.php?rest_route=\/wp\/v2\/posts\/1655","targetHints":{"allow":["GET"]}}],"collection":[{"href":"http:\/\/blogdoarmindomaia.com.br\/index.php?rest_route=\/wp\/v2\/posts"}],"about":[{"href":"http:\/\/blogdoarmindomaia.com.br\/index.php?rest_route=\/wp\/v2\/types\/post"}],"author":[{"embeddable":true,"href":"http:\/\/blogdoarmindomaia.com.br\/index.php?rest_route=\/wp\/v2\/users\/2"}],"replies":[{"embeddable":true,"href":"http:\/\/blogdoarmindomaia.com.br\/index.php?rest_route=%2Fwp%2Fv2%2Fcomments&post=1655"}],"version-history":[{"count":1,"href":"http:\/\/blogdoarmindomaia.com.br\/index.php?rest_route=\/wp\/v2\/posts\/1655\/revisions"}],"predecessor-version":[{"id":1658,"href":"http:\/\/blogdoarmindomaia.com.br\/index.php?rest_route=\/wp\/v2\/posts\/1655\/revisions\/1658"}],"wp:featuredmedia":[{"embeddable":true,"href":"http:\/\/blogdoarmindomaia.com.br\/index.php?rest_route=\/wp\/v2\/media\/1657"}],"wp:attachment":[{"href":"http:\/\/blogdoarmindomaia.com.br\/index.php?rest_route=%2Fwp%2Fv2%2Fmedia&parent=1655"}],"wp:term":[{"taxonomy":"category","embeddable":true,"href":"http:\/\/blogdoarmindomaia.com.br\/index.php?rest_route=%2Fwp%2Fv2%2Fcategories&post=1655"},{"taxonomy":"post_tag","embeddable":true,"href":"http:\/\/blogdoarmindomaia.com.br\/index.php?rest_route=%2Fwp%2Fv2%2Ftags&post=1655"}],"curies":[{"name":"wp","href":"https:\/\/api.w.org\/{rel}","templated":true}]}}