{"id":1663,"date":"2022-07-01T00:18:49","date_gmt":"2022-07-01T03:18:49","guid":{"rendered":"http:\/\/blogdoarmindomaia.com.br\/?p=1663"},"modified":"2022-07-01T00:18:51","modified_gmt":"2022-07-01T03:18:51","slug":"grande-arraia-comeca-nesta-sexta-1-com-atracoes-para-todas-as-idades","status":"publish","type":"post","link":"http:\/\/blogdoarmindomaia.com.br\/?p=1663","title":{"rendered":"Grande Arrai\u00e1 come\u00e7a nesta sexta (1) com atra\u00e7\u00f5es para todas as idades"},"content":{"rendered":"\n<figure class=\"wp-block-image size-large is-style-default\"><img loading=\"lazy\" decoding=\"async\" width=\"1024\" height=\"576\" src=\"http:\/\/blogdoarmindomaia.com.br\/wp-content\/uploads\/2022\/07\/wwwwwmodelo_estrutura-1024x576.jpg\" alt=\"\" class=\"wp-image-1665\" srcset=\"http:\/\/blogdoarmindomaia.com.br\/wp-content\/uploads\/2022\/07\/wwwwwmodelo_estrutura-1024x576.jpg 1024w, http:\/\/blogdoarmindomaia.com.br\/wp-content\/uploads\/2022\/07\/wwwwwmodelo_estrutura-300x169.jpg 300w, http:\/\/blogdoarmindomaia.com.br\/wp-content\/uploads\/2022\/07\/wwwwwmodelo_estrutura-768x432.jpg 768w, http:\/\/blogdoarmindomaia.com.br\/wp-content\/uploads\/2022\/07\/wwwwwmodelo_estrutura.jpg 1280w\" sizes=\"auto, (max-width: 1024px) 100vw, 1024px\" \/><\/figure>\n\n\n\n<figure class=\"wp-block-image size-large is-style-default\"><img loading=\"lazy\" decoding=\"async\" width=\"1024\" height=\"1024\" src=\"http:\/\/blogdoarmindomaia.com.br\/wp-content\/uploads\/2022\/07\/wwwwwgrande_arraia-1-1024x1024.jpg\" alt=\"\" class=\"wp-image-1664\" srcset=\"http:\/\/blogdoarmindomaia.com.br\/wp-content\/uploads\/2022\/07\/wwwwwgrande_arraia-1-1024x1024.jpg 1024w, http:\/\/blogdoarmindomaia.com.br\/wp-content\/uploads\/2022\/07\/wwwwwgrande_arraia-1-300x300.jpg 300w, http:\/\/blogdoarmindomaia.com.br\/wp-content\/uploads\/2022\/07\/wwwwwgrande_arraia-1-150x150.jpg 150w, http:\/\/blogdoarmindomaia.com.br\/wp-content\/uploads\/2022\/07\/wwwwwgrande_arraia-1-768x768.jpg 768w, http:\/\/blogdoarmindomaia.com.br\/wp-content\/uploads\/2022\/07\/wwwwwgrande_arraia-1.jpg 1280w\" sizes=\"auto, (max-width: 1024px) 100vw, 1024px\" \/><\/figure>\n\n\n\n<p><em>Evento realizado no Est\u00e1dio Municipal Fausto Alvim tem entrada gratuita<\/em><\/p>\n\n\n\n<p>Come\u00e7a nesta sexta-feira (1) o Grande Arrai\u00e1 \u2013 Circuito Junino Arax\u00e1. O maior evento cultural junino da regi\u00e3o oferece \u00e0 popula\u00e7\u00e3o de Arax\u00e1 e tamb\u00e9m aos turistas dezenas de op\u00e7\u00f5es culturais e gastron\u00f4micas em dois dias de muita divers\u00e3o no p\u00e1tio do Est\u00e1dio Municipal Fausto Alvim. \u201cVamos fazer um encontro muito bonito, para que toda a fam\u00edlia participe, um marco ap\u00f3s dois anos sem festas juninas. Estamos muito animados\u201d, diz Elisa Bai\u00e3o Mac\u00eado, presidente da Funda\u00e7\u00e3o Cultural Acia (Facia).<\/p>\n\n\n\n<p>A abertura do evento ser\u00e1 marcada por um Desfile de Carros de Bois in\u00e9dito na cidade. Os carreiros v\u00e3o partir do Parque de Exposi\u00e7\u00f5es Agenor Lemos e ganhar\u00e3o a Avenida Imbiara no in\u00edcio da noite. A inten\u00e7\u00e3o \u00e9 que ao longo do trajeto a popula\u00e7\u00e3o possa reviver os tempos em que eles predominavam no transporte de cargas e refletir sobre a import\u00e2ncia da preserva\u00e7\u00e3o deste s\u00edmbolo das nossas origens. Participam do desfile quatro carros de boi e um de carneiro.<\/p>\n\n\n\n<p>A previs\u00e3o \u00e9 de que os carros cheguem ao local do evento por volta de sete da noite. Os carreiros ser\u00e3o recebidos pela popula\u00e7\u00e3o que, j\u00e1 a partir das 18h, poder\u00e1 conferir uma exposi\u00e7\u00e3o fotogr\u00e1fica, levar as crian\u00e7as no espa\u00e7o de divers\u00f5es e experimentar as del\u00edcias que ser\u00e3o oferecidas nas barraquinhas de comida t\u00edpica, comandadas por institui\u00e7\u00f5es sociais da cidade. Por l\u00e1 o visitante poder\u00e1 encontrar uma linha completa de produtos de milho (mingau, canjica, bolo, pipoca, etc.), al\u00e9m de churrasco, pastel, tropeiro, alm\u00f4ndega, caldos, p\u00e3o de queijo recheado, bolinho de arroz e muito mais.<\/p>\n\n\n\n<p>Na programa\u00e7\u00e3o cultural da noite (<em>veja a rela\u00e7\u00e3o completa abaixo<\/em>) est\u00e1 a apresenta\u00e7\u00e3o do Grupo Junino Forrozarte, um tributo a Luiz Gonzaga e Dominguinhos, Cia. Cartas, Folia de S\u00e3o Jo\u00e3o e o espet\u00e1culo da banda Seu Ten\u00f3rio.<\/p>\n\n\n\n<p><strong>Forrozarte<\/strong><\/p>\n\n\n\n<p>O Grupo Junino Forrozarte vai retratar toda a saudade que os integrantes estavam de dan\u00e7ar o S\u00e3o Jo\u00e3o, ressaltando a import\u00e2ncia das Festas Juninas. Comandada pela marcadora, a quadrilha ir\u00e1 mostrar a longa trajet\u00f3ria do beija-flor (noivo) at\u00e9 pousar em sua rosa (noiva), encerrando a apresenta\u00e7\u00e3o com o esperado casamento. \u201cVoltamos com muita alegria em nosso dan\u00e7ar e cores em nossos figurinos. O Forrozarte vem para mostrar que a arte de dan\u00e7ar o S\u00e3o Jo\u00e3o sempre nos aponta que muitas vezes n\u00e3o \u00e9 preciso mais que a simplicidade para fazermos novamente florescer o nosso ser junino que ficou guardado em nossos cora\u00e7\u00f5es\u201d, explica o&nbsp;core\u00f3grafo do grupo, Elileudo J\u00fanior.<\/p>\n\n\n\n<p><strong>Seo Ten\u00f3rio<\/strong><\/p>\n\n\n\n<p>A banda de forr\u00f3 Seo Ten\u00f3rio encerra a festa nesta sexta (1). Formada por Rossini Xavier (sanfona), Willian Xuxa (percuss\u00e3o), Marc\u00edlio Garcetti (zabumba) e Eduardo Machado (baixo), o grupo proporciona ao p\u00fablico uma viagem musical, passando por todas as \u00e9pocas desse g\u00eanero t\u00e3o amado pelo povo brasileiro. Um show muito divertido, dan\u00e7ante e, por vezes, emocionante.&nbsp;<\/p>\n\n\n\n<p><strong>Programa\u00e7\u00e3o<\/strong><\/p>\n\n\n\n<p><strong><em>Sexta-feira (1\u00ba)<\/em><\/strong><\/p>\n\n\n\n<p>18h \u2013 Desfile de Carros de Boi<\/p>\n\n\n\n<p>19h30 \u2013 Cia. Cartas<\/p>\n\n\n\n<p>19h50 \u2013 Viva S\u00e3o Jo\u00e3o \u2013 Tributo a Luiz Gonzaga e Dominguinhos<\/p>\n\n\n\n<p>20h50 \u2013 Folia de S\u00e3o Jo\u00e3o<\/p>\n\n\n\n<p>21h \u2013 Grupo Junino Forrozarte<\/p>\n\n\n\n<p>21h30 \u2013 Banda Seu Ten\u00f3rio<\/p>\n\n\n\n<p><strong><em>S\u00e1bado (2)<\/em><\/strong><\/p>\n\n\n\n<p>18h &#8211; Quadrilha Grande Arrai\u00e1<\/p>\n\n\n\n<p>18h50 \u2013 Quadrilha Matutos do Sert\u00e3o<\/p>\n\n\n\n<p>19h30 \u2013 Gustavo Neves e Banda<\/p>\n\n\n\n<p>20h30 \u2013 Apresenta\u00e7\u00e3o do Concurso de Causos<\/p>\n\n\n\n<p>21h \u2013 Cia Deu na Telha<\/p>\n\n\n\n<p>21h &#8211; Orquestra Paulistana de Violas<\/p>\n\n\n\n<p><strong>O Grande Arrai\u00e1<\/strong><\/p>\n\n\n\n<p>O Grande Arrai\u00e1 \u2013 Circuito Junino Arax\u00e1 &#8211; \u00e9 promovido pela Funda\u00e7\u00e3o Cultural Acia (Facia) e tem o patroc\u00ednio m\u00e1ster da CBMM, atrav\u00e9s da Lei de Incentivo \u00e0 Cultura. Apoio: Associa\u00e7\u00e3o Comercial, Industrial de Turismo, Servi\u00e7os e Agroneg\u00f3cios de Arax\u00e1 (ACIA), Prefeitura Municipal de Arax\u00e1, TV Integra\u00e7\u00e3o, Precismec e Plena. Gest\u00e3o: Vitral Bureau Cultural.<\/p>\n\n\n\n<p><strong>Servi\u00e7o:<\/strong><\/p>\n\n\n\n<p><strong>Grande Arrai\u00e1<\/strong><\/p>\n\n\n\n<p><strong>Data:&nbsp;<\/strong>1\u00ba e 2\/07<\/p>\n\n\n\n<p><strong>Local:&nbsp;<\/strong>Est\u00e1dio Fausto Alvim<\/p>\n\n\n\n<p><strong>Informa\u00e7\u00f5es:<\/strong><\/p>\n\n\n\n<p>@grandearraiaaraxa<\/p>\n\n\n\n<p><a href=\"http:\/\/www.grandearraia.com.br\/\" target=\"_blank\" rel=\"noreferrer noopener\">www.grandearraia.com.br<\/a><\/p>\n","protected":false},"excerpt":{"rendered":"<p>Evento realizado no Est\u00e1dio Municipal Fausto Alvim tem entrada gratuita Come\u00e7a nesta sexta-feira (1) o Grande Arrai\u00e1 \u2013 Circuito Junino<\/p>\n","protected":false},"author":2,"featured_media":1665,"comment_status":"open","ping_status":"open","sticky":false,"template":"","format":"standard","meta":{"footnotes":""},"categories":[9,5,11],"tags":[],"class_list":["post-1663","post","type-post","status-publish","format-standard","has-post-thumbnail","hentry","category-araxa","category-arte-e-cultura","category-destaques"],"_links":{"self":[{"href":"http:\/\/blogdoarmindomaia.com.br\/index.php?rest_route=\/wp\/v2\/posts\/1663","targetHints":{"allow":["GET"]}}],"collection":[{"href":"http:\/\/blogdoarmindomaia.com.br\/index.php?rest_route=\/wp\/v2\/posts"}],"about":[{"href":"http:\/\/blogdoarmindomaia.com.br\/index.php?rest_route=\/wp\/v2\/types\/post"}],"author":[{"embeddable":true,"href":"http:\/\/blogdoarmindomaia.com.br\/index.php?rest_route=\/wp\/v2\/users\/2"}],"replies":[{"embeddable":true,"href":"http:\/\/blogdoarmindomaia.com.br\/index.php?rest_route=%2Fwp%2Fv2%2Fcomments&post=1663"}],"version-history":[{"count":1,"href":"http:\/\/blogdoarmindomaia.com.br\/index.php?rest_route=\/wp\/v2\/posts\/1663\/revisions"}],"predecessor-version":[{"id":1666,"href":"http:\/\/blogdoarmindomaia.com.br\/index.php?rest_route=\/wp\/v2\/posts\/1663\/revisions\/1666"}],"wp:featuredmedia":[{"embeddable":true,"href":"http:\/\/blogdoarmindomaia.com.br\/index.php?rest_route=\/wp\/v2\/media\/1665"}],"wp:attachment":[{"href":"http:\/\/blogdoarmindomaia.com.br\/index.php?rest_route=%2Fwp%2Fv2%2Fmedia&parent=1663"}],"wp:term":[{"taxonomy":"category","embeddable":true,"href":"http:\/\/blogdoarmindomaia.com.br\/index.php?rest_route=%2Fwp%2Fv2%2Fcategories&post=1663"},{"taxonomy":"post_tag","embeddable":true,"href":"http:\/\/blogdoarmindomaia.com.br\/index.php?rest_route=%2Fwp%2Fv2%2Ftags&post=1663"}],"curies":[{"name":"wp","href":"https:\/\/api.w.org\/{rel}","templated":true}]}}