{"id":1691,"date":"2022-07-02T01:16:24","date_gmt":"2022-07-02T04:16:24","guid":{"rendered":"http:\/\/blogdoarmindomaia.com.br\/?p=1691"},"modified":"2022-07-02T01:16:26","modified_gmt":"2022-07-02T04:16:26","slug":"grande-arraia-tem-orquestra-de-violas-e-quadrilhas-neste-sabado-2","status":"publish","type":"post","link":"http:\/\/blogdoarmindomaia.com.br\/?p=1691","title":{"rendered":"Grande Arrai\u00e1 tem orquestra de violas e quadrilhas neste s\u00e1bado (2)"},"content":{"rendered":"\n<p><em>Programa\u00e7\u00e3o come\u00e7a \u00e0s 18h no Est\u00e1dio Fausto Alvim<\/em><\/p>\n\n\n\n<figure class=\"wp-block-image size-large is-style-default\"><img loading=\"lazy\" decoding=\"async\" width=\"1024\" height=\"678\" src=\"http:\/\/blogdoarmindomaia.com.br\/wp-content\/uploads\/2022\/07\/Arraia-004-1024x678.jpg\" alt=\"\" class=\"wp-image-1694\" srcset=\"http:\/\/blogdoarmindomaia.com.br\/wp-content\/uploads\/2022\/07\/Arraia-004-1024x678.jpg 1024w, http:\/\/blogdoarmindomaia.com.br\/wp-content\/uploads\/2022\/07\/Arraia-004-300x199.jpg 300w, http:\/\/blogdoarmindomaia.com.br\/wp-content\/uploads\/2022\/07\/Arraia-004-768x508.jpg 768w, http:\/\/blogdoarmindomaia.com.br\/wp-content\/uploads\/2022\/07\/Arraia-004.jpg 1280w\" sizes=\"auto, (max-width: 1024px) 100vw, 1024px\" \/><\/figure>\n\n\n\n<figure class=\"wp-block-image size-large is-style-default\"><img loading=\"lazy\" decoding=\"async\" width=\"1024\" height=\"678\" src=\"http:\/\/blogdoarmindomaia.com.br\/wp-content\/uploads\/2022\/07\/Arraia-002-1024x678.jpg\" alt=\"\" class=\"wp-image-1693\" srcset=\"http:\/\/blogdoarmindomaia.com.br\/wp-content\/uploads\/2022\/07\/Arraia-002-1024x678.jpg 1024w, http:\/\/blogdoarmindomaia.com.br\/wp-content\/uploads\/2022\/07\/Arraia-002-300x199.jpg 300w, http:\/\/blogdoarmindomaia.com.br\/wp-content\/uploads\/2022\/07\/Arraia-002-768x508.jpg 768w, http:\/\/blogdoarmindomaia.com.br\/wp-content\/uploads\/2022\/07\/Arraia-002.jpg 1280w\" sizes=\"auto, (max-width: 1024px) 100vw, 1024px\" \/><\/figure>\n\n\n\n<figure class=\"wp-block-image size-large is-style-default\"><img loading=\"lazy\" decoding=\"async\" width=\"1024\" height=\"678\" src=\"http:\/\/blogdoarmindomaia.com.br\/wp-content\/uploads\/2022\/07\/Arraia-000-1024x678.jpg\" alt=\"\" class=\"wp-image-1692\" srcset=\"http:\/\/blogdoarmindomaia.com.br\/wp-content\/uploads\/2022\/07\/Arraia-000-1024x678.jpg 1024w, http:\/\/blogdoarmindomaia.com.br\/wp-content\/uploads\/2022\/07\/Arraia-000-300x199.jpg 300w, http:\/\/blogdoarmindomaia.com.br\/wp-content\/uploads\/2022\/07\/Arraia-000-768x508.jpg 768w, http:\/\/blogdoarmindomaia.com.br\/wp-content\/uploads\/2022\/07\/Arraia-000.jpg 1280w\" sizes=\"auto, (max-width: 1024px) 100vw, 1024px\" \/><\/figure>\n\n\n\n<p>O maior evento cultural junino da regi\u00e3o voltou com tudo. A exemplo do primeiro dia, o Grande Arrai\u00e1 \u2013 Circuito Junino Arax\u00e1 \u2013 promete movimentar o estacionamento do Est\u00e1dio Municipal Fausto Alvim neste s\u00e1bado (2). As atividades come\u00e7am \u00e0s 18h e s\u00e3o marcadas pela diversidade.<\/p>\n\n\n\n<p>As quadrilhas pedem passagem logo no in\u00edcio da programa\u00e7\u00e3o. A primeira a se apresentar foi formada especificamente para o evento. S\u00e3o pessoas da comunidade, apaixonadas pelas festas juninas, que decidiram se unir para resgatar essa tradi\u00e7\u00e3o. O grupo ensaiou na \u00faltima semana e promete uma apresenta\u00e7\u00e3o animada.<\/p>\n\n\n\n<p>Na sequ\u00eancia, \u00e9 a vez da quadrilha profissional Matutos do Sert\u00e3o encantar o p\u00fablico. O espet\u00e1culo &#8221;Sert\u00e3o em festa\u201d, mostra que, ap\u00f3s os tempos dif\u00edceis que vivemos, a alegria deve permanecer no S\u00e3o Jo\u00e3o.&nbsp; \u201cNo ano de 2022 a quadrilha Matutos do Sert\u00e3o dan\u00e7a com oito casais, sendo um casal de noivos, um casal de cangaceiros e um marcador. Dan\u00e7aremos m\u00fasicas de quadrilha, arriuna e xaxado, trazendo os passos tradicionais\u201d, ressalta Haroldo da Silva Rom\u00e3o, integrante do grupo.<\/p>\n\n\n\n<p>Gustavo Neves assume o comando do palco central, na sequ\u00eancia. O jovem sanfoneiro, que tem mais de 120 mil seguidores no Instagram e tocou com grandes nomes da m\u00fasica, promete um show animado e com muitas surpresas. \u201c\u00c9 bom demais tocar no Grande Arrai\u00e1 porque temos uma grande estrutura e um p\u00fablico sempre muito feliz e participativo\u201d, destaca Gustavo.<\/p>\n\n\n\n<p>A noite ainda tem a sele\u00e7\u00e3o do concurso de causos e a apresenta\u00e7\u00e3o da Cia. Deu na Telha. A Orquestra Paulistana de Violas encerra a programa\u00e7\u00e3o e promete encantar o p\u00fablico com&nbsp;um repert\u00f3rio que vai da tradicional m\u00fasica caipira de raiz, ber\u00e7o do instrumento, a incurs\u00f5es inusitadas e originais na m\u00fasica erudita, MPB, new age e world music.<\/p>\n\n\n\n<p><strong>Muito mais<\/strong><strong><\/strong><\/p>\n\n\n\n<p>Al\u00e9m da programa\u00e7\u00e3o cultural, o Grande Arrai\u00e1 proporciona ao visitante uma experi\u00eancia gastron\u00f4mica \u00fanica, com o melhor das comidas t\u00edpicas. \u00c9 poss\u00edvel encontrar, por exemplo,uma linha completa de produtos de milho (mingau, canjica, bolo, pipoca, etc.), al\u00e9m de churrasco, pastel, tropeiro, alm\u00f4ndega, caldos, p\u00e3o de queijo recheado, bolinho de arroz e muito mais.<strong>&nbsp;<\/strong>\u201cT\u00e1 tudo muito gostoso e com pre\u00e7o justo. Adoramos o caldo e o churrasquinho\u201d, diz a dona de casa Cleide Maria da Silva.<\/p>\n\n\n\n<p>Neste ano, oito institui\u00e7\u00f5es participam da pra\u00e7a de alimenta\u00e7\u00e3o do Grande Arrai\u00e1. Os recursos angariados durante a festa ajudam a manter essas entidades que prestam servi\u00e7os a milhares de pessoas na cidade. Al\u00e9m da pra\u00e7a de alimenta\u00e7\u00e3o, h\u00e1 ainda uma \u00e1rea de brinquedos para as crian\u00e7as e exposi\u00e7\u00e3o fotogr\u00e1fica, num ambiente especialmente decorado para o evento.<\/p>\n\n\n\n<p><strong>Programa\u00e7\u00e3o<\/strong><\/p>\n\n\n\n<p><strong><em>S\u00e1bado (2)<\/em><\/strong><\/p>\n\n\n\n<p>18h &#8211; Quadrilha Grande Arrai\u00e1<\/p>\n\n\n\n<p>18h50 \u2013 Quadrilha Matutos do Sert\u00e3o<\/p>\n\n\n\n<p>19h30 \u2013 Gustavo Neves e Banda<\/p>\n\n\n\n<p>20h30 \u2013 Apresenta\u00e7\u00e3o do Concurso de Causos<\/p>\n\n\n\n<p>21h \u2013 Cia Deu na Telha<\/p>\n\n\n\n<p>21h &#8211; Orquestra Paulistana de Violas<\/p>\n\n\n\n<p><strong>Para matar a saudade<\/strong><\/p>\n\n\n\n<p>Os carros de boi marcaram a abertura do Grande Arrai\u00e1 2022. S\u00edmbolos de uma \u00e9poca, eles tomaram novamente as ruas da cidade num percurso que saiu do Parque de Exposi\u00e7\u00f5es e tomou a Avenida Imbiara at\u00e9 a chegada no p\u00e1tio do Est\u00e1dio Fausto Alvim. No caminho, muita gente parou para fotografar e admirar o \u201ccantar\u201d dos carros. \u201cEu j\u00e1 conhecia, mas meu filho nunca tinha tido a oportunidade de ver um carro de boi de perto. Fiz quest\u00e3o de parar o carro e esperar eles passarem para que ele pudesse conhecer essa realidade que era comum para nossos antepassados\u201d, diz o funcion\u00e1rio p\u00fablico Cl\u00e9ber Rodrigo.<\/p>\n\n\n\n<p>Quando os carreiros encerraram o desfile, o p\u00fablico j\u00e1 tinha tomado a estrutura do Grande Arrai\u00e1. Muita gente chegou cedo para garantir os melhores lugares nas mesas e aproveitar as atra\u00e7\u00f5es culturais. Destaque para o grupo Viva S\u00e3o Jo\u00e3o, que fez um tributo a Luiz Gonzaga e Dominguinhos. Na sequ\u00eancia, a Folia de S\u00e3o Jo\u00e3o subiu ao palco. \u201cEsse momento foi muito importante para o nosso foli\u00e3o. \u00c9 o resgate e a valoriza\u00e7\u00e3o da nossa cultura\u201d, destaca o capit\u00e3o Jo\u00e3o Paulo Ferreira de Paula.<\/p>\n\n\n\n<p>A quadrilha Forrozarte, de Uberl\u00e2ndia, animou a festa e n\u00e3o esqueceu do casamento ao final da apresenta\u00e7\u00e3o. A noite foi encerrada com a banda Seo Ten\u00f3rio. Formada por Rossini Xavier (sanfona), Willian Xuxa (percuss\u00e3o), Marc\u00edlio Garcetti (zabumba) e Eduardo Machado (baixo), o grupo apresentou o melhor do forr\u00f3. \u201c\u00c9 maravilhoso a gente poder voltar a vida normal e ver as pessoas voltando ao normal e podendo desfrutar deste tipo de festa que infelizmente a gente foi obrigado a parar. Essa volta est\u00e1 sendo incr\u00edvel e hoje foi fant\u00e1stico\u201d, diz Eduardo.<\/p>\n\n\n\n<p><strong>O Grande Arrai\u00e1<\/strong><\/p>\n\n\n\n<p>O Grande Arrai\u00e1 \u2013 Circuito Junino Arax\u00e1 &#8211; \u00e9 promovido pela Funda\u00e7\u00e3o Cultural Acia (Facia) e tem o patroc\u00ednio m\u00e1ster da CBMM, atrav\u00e9s da Lei de Incentivo \u00e0 Cultura. Apoio: Associa\u00e7\u00e3o Comercial, Industrial de Turismo, Servi\u00e7os e Agroneg\u00f3cios de Arax\u00e1 (ACIA), Prefeitura Municipal de Arax\u00e1, TV Integra\u00e7\u00e3o, Precismec e Plena. Gest\u00e3o: Vitral Bureau Cultural.<\/p>\n\n\n\n<p><strong>Servi\u00e7o:<\/strong><\/p>\n\n\n\n<p><strong>Grande Arrai\u00e1<\/strong><\/p>\n\n\n\n<p><strong>Data:&nbsp;<\/strong>1\u00ba e 2\/07<\/p>\n\n\n\n<p><strong>Local:&nbsp;<\/strong>Est\u00e1dio Fausto Alvim<\/p>\n\n\n\n<p><strong>Informa\u00e7\u00f5es:<\/strong><\/p>\n\n\n\n<p>@grandearraiaaraxa<\/p>\n\n\n\n<p><a href=\"http:\/\/www.grandearraia.com.br\/\" target=\"_blank\" rel=\"noreferrer noopener\">www.grandearraia.com.br<\/a><\/p>\n","protected":false},"excerpt":{"rendered":"<p>Programa\u00e7\u00e3o come\u00e7a \u00e0s 18h no Est\u00e1dio Fausto Alvim O maior evento cultural junino da regi\u00e3o voltou com tudo. A exemplo<\/p>\n","protected":false},"author":2,"featured_media":1693,"comment_status":"open","ping_status":"open","sticky":false,"template":"","format":"standard","meta":{"footnotes":""},"categories":[5,11],"tags":[],"class_list":["post-1691","post","type-post","status-publish","format-standard","has-post-thumbnail","hentry","category-arte-e-cultura","category-destaques"],"_links":{"self":[{"href":"http:\/\/blogdoarmindomaia.com.br\/index.php?rest_route=\/wp\/v2\/posts\/1691","targetHints":{"allow":["GET"]}}],"collection":[{"href":"http:\/\/blogdoarmindomaia.com.br\/index.php?rest_route=\/wp\/v2\/posts"}],"about":[{"href":"http:\/\/blogdoarmindomaia.com.br\/index.php?rest_route=\/wp\/v2\/types\/post"}],"author":[{"embeddable":true,"href":"http:\/\/blogdoarmindomaia.com.br\/index.php?rest_route=\/wp\/v2\/users\/2"}],"replies":[{"embeddable":true,"href":"http:\/\/blogdoarmindomaia.com.br\/index.php?rest_route=%2Fwp%2Fv2%2Fcomments&post=1691"}],"version-history":[{"count":1,"href":"http:\/\/blogdoarmindomaia.com.br\/index.php?rest_route=\/wp\/v2\/posts\/1691\/revisions"}],"predecessor-version":[{"id":1695,"href":"http:\/\/blogdoarmindomaia.com.br\/index.php?rest_route=\/wp\/v2\/posts\/1691\/revisions\/1695"}],"wp:featuredmedia":[{"embeddable":true,"href":"http:\/\/blogdoarmindomaia.com.br\/index.php?rest_route=\/wp\/v2\/media\/1693"}],"wp:attachment":[{"href":"http:\/\/blogdoarmindomaia.com.br\/index.php?rest_route=%2Fwp%2Fv2%2Fmedia&parent=1691"}],"wp:term":[{"taxonomy":"category","embeddable":true,"href":"http:\/\/blogdoarmindomaia.com.br\/index.php?rest_route=%2Fwp%2Fv2%2Fcategories&post=1691"},{"taxonomy":"post_tag","embeddable":true,"href":"http:\/\/blogdoarmindomaia.com.br\/index.php?rest_route=%2Fwp%2Fv2%2Ftags&post=1691"}],"curies":[{"name":"wp","href":"https:\/\/api.w.org\/{rel}","templated":true}]}}