{"id":170,"date":"2022-04-09T03:13:05","date_gmt":"2022-04-09T06:13:05","guid":{"rendered":"http:\/\/blogdoarmindomaia.com.br\/?p=170"},"modified":"2022-04-09T03:13:08","modified_gmt":"2022-04-09T06:13:08","slug":"emilio-eduardo-gravam-dvd-acustico-repaginando-os-maiores-sucessos","status":"publish","type":"post","link":"http:\/\/blogdoarmindomaia.com.br\/?p=170","title":{"rendered":"Em\u00edlio &#038; Eduardo gravam DVD ac\u00fastico, repaginando os maiores sucessos"},"content":{"rendered":"\n<figure class=\"wp-block-image size-large is-style-default\"><img loading=\"lazy\" decoding=\"async\" width=\"768\" height=\"1024\" src=\"http:\/\/blogdoarmindomaia.com.br\/wp-content\/uploads\/2022\/04\/emilioe-eduardo-2-768x1024.jpg\" alt=\"\" class=\"wp-image-171\" srcset=\"http:\/\/blogdoarmindomaia.com.br\/wp-content\/uploads\/2022\/04\/emilioe-eduardo-2-768x1024.jpg 768w, http:\/\/blogdoarmindomaia.com.br\/wp-content\/uploads\/2022\/04\/emilioe-eduardo-2-225x300.jpg 225w, http:\/\/blogdoarmindomaia.com.br\/wp-content\/uploads\/2022\/04\/emilioe-eduardo-2-1152x1536.jpg 1152w, http:\/\/blogdoarmindomaia.com.br\/wp-content\/uploads\/2022\/04\/emilioe-eduardo-2.jpg 1200w\" sizes=\"auto, (max-width: 768px) 100vw, 768px\" \/><\/figure>\n\n\n\n<p>No \u00faltimo dia 5 de abril, aconteceu a grava\u00e7\u00e3o do novo DVD da dupla Em\u00edlio &amp; Eduardo \u201cDe volta ao passado\u201d. A grava\u00e7\u00e3o aconteceu na renomada Choperia Chopp do Patr\u00e3o, uma promo\u00e7\u00e3o exclusiva do Sistema Hertz de R\u00e1dio, (Hertz Fm 96,5, Est\u00fadio 1 Fm 91,1 e Hertz Servi\u00e7o 970).\u00a0 O evento foi exclusivo para apoiadores que tiveram o privil\u00e9gio de assistir\u00a0de perto a dupla sucesso em todo o Brasil. O evento centenas de pessoas que curtiram e puderam voltar ao passado nas m\u00fasicas de Em\u00edlio &amp; Eduardo. A dupla cantou os grandes sucessos como: \u201cVeneno da Paix\u00e3o\u201d, \u201cVoc\u00ea virou Saudade\u201d, \u201cGrito de amor\u201d, e ainda can\u00e7\u00f5es do saudoso Juliano Cesar e a m\u00fasica \u201cEla \u00e9 Demais\u201d, da dupla Rick e Renner. Na grava\u00e7\u00e3o do DVD de Em\u00edlio &amp; Eduardo teve a participa\u00e7\u00e3o do cantor Gabriel que fazia dupla com Z\u00e9 Henrique tamb\u00e9m da dupla sertaneja Lucas Reis e Thacio que fizeram o p\u00fablico delirar. Nascidos em Arax\u00e1, Em\u00edlio &amp; Eduardo s\u00e3o primos em primeiro grau e cantam juntos desde a inf\u00e2ncia. O 1\u00ba trabalho da dupla foi lan\u00e7ado em 1994 e destacou can\u00e7\u00f5es como \u201cVeneno do Desejo\u201d e \u201cCoisa Boa \u00e9 Mulher\u201d. No in\u00edcio da carreira os primos cantores se apresentaram em diversos programas de TV, como o Sabad\u00e3o Sertanejo do Gugu, no SBT. A data do lan\u00e7amento oficial do novo DVD ser\u00e1 no dia 16 de julho, em Franca no espa\u00e7o de eventos Castelinho.<\/p>\n","protected":false},"excerpt":{"rendered":"<p>No \u00faltimo dia 5 de abril, aconteceu a grava\u00e7\u00e3o do novo DVD da dupla Em\u00edlio &amp; Eduardo \u201cDe volta ao<\/p>\n","protected":false},"author":2,"featured_media":171,"comment_status":"open","ping_status":"open","sticky":false,"template":"","format":"standard","meta":{"footnotes":""},"categories":[5],"tags":[],"class_list":["post-170","post","type-post","status-publish","format-standard","has-post-thumbnail","hentry","category-arte-e-cultura"],"_links":{"self":[{"href":"http:\/\/blogdoarmindomaia.com.br\/index.php?rest_route=\/wp\/v2\/posts\/170","targetHints":{"allow":["GET"]}}],"collection":[{"href":"http:\/\/blogdoarmindomaia.com.br\/index.php?rest_route=\/wp\/v2\/posts"}],"about":[{"href":"http:\/\/blogdoarmindomaia.com.br\/index.php?rest_route=\/wp\/v2\/types\/post"}],"author":[{"embeddable":true,"href":"http:\/\/blogdoarmindomaia.com.br\/index.php?rest_route=\/wp\/v2\/users\/2"}],"replies":[{"embeddable":true,"href":"http:\/\/blogdoarmindomaia.com.br\/index.php?rest_route=%2Fwp%2Fv2%2Fcomments&post=170"}],"version-history":[{"count":1,"href":"http:\/\/blogdoarmindomaia.com.br\/index.php?rest_route=\/wp\/v2\/posts\/170\/revisions"}],"predecessor-version":[{"id":172,"href":"http:\/\/blogdoarmindomaia.com.br\/index.php?rest_route=\/wp\/v2\/posts\/170\/revisions\/172"}],"wp:featuredmedia":[{"embeddable":true,"href":"http:\/\/blogdoarmindomaia.com.br\/index.php?rest_route=\/wp\/v2\/media\/171"}],"wp:attachment":[{"href":"http:\/\/blogdoarmindomaia.com.br\/index.php?rest_route=%2Fwp%2Fv2%2Fmedia&parent=170"}],"wp:term":[{"taxonomy":"category","embeddable":true,"href":"http:\/\/blogdoarmindomaia.com.br\/index.php?rest_route=%2Fwp%2Fv2%2Fcategories&post=170"},{"taxonomy":"post_tag","embeddable":true,"href":"http:\/\/blogdoarmindomaia.com.br\/index.php?rest_route=%2Fwp%2Fv2%2Ftags&post=170"}],"curies":[{"name":"wp","href":"https:\/\/api.w.org\/{rel}","templated":true}]}}