{"id":1709,"date":"2022-07-04T14:17:50","date_gmt":"2022-07-04T17:17:50","guid":{"rendered":"http:\/\/blogdoarmindomaia.com.br\/?p=1709"},"modified":"2022-07-04T14:17:54","modified_gmt":"2022-07-04T17:17:54","slug":"fccb-promove-o-1-festival-de-artes-integradas","status":"publish","type":"post","link":"http:\/\/blogdoarmindomaia.com.br\/?p=1709","title":{"rendered":"FCCB promove o 1\u00b0 Festival de Artes Integradas"},"content":{"rendered":"\n<figure class=\"wp-block-image size-large\"><img loading=\"lazy\" decoding=\"async\" width=\"1024\" height=\"1024\" src=\"http:\/\/blogdoarmindomaia.com.br\/wp-content\/uploads\/2022\/07\/Festival-de-Artes-Integradas-1024x1024.jpeg\" alt=\"\" class=\"wp-image-1710\" srcset=\"http:\/\/blogdoarmindomaia.com.br\/wp-content\/uploads\/2022\/07\/Festival-de-Artes-Integradas-1024x1024.jpeg 1024w, http:\/\/blogdoarmindomaia.com.br\/wp-content\/uploads\/2022\/07\/Festival-de-Artes-Integradas-300x300.jpeg 300w, http:\/\/blogdoarmindomaia.com.br\/wp-content\/uploads\/2022\/07\/Festival-de-Artes-Integradas-150x150.jpeg 150w, http:\/\/blogdoarmindomaia.com.br\/wp-content\/uploads\/2022\/07\/Festival-de-Artes-Integradas-768x767.jpeg 768w, http:\/\/blogdoarmindomaia.com.br\/wp-content\/uploads\/2022\/07\/Festival-de-Artes-Integradas.jpeg 1080w\" sizes=\"auto, (max-width: 1024px) 100vw, 1024px\" \/><\/figure>\n\n\n\n<p>A Funda\u00e7\u00e3o Cultural Calmon Barreto (FCCB) realiza, de 6 a 8 de julho, o 1\u00b0 Festival de Artes Integradas de Arax\u00e1. As atividades s\u00e3o gratuitas e acontecem no Teatro Municipal Maximiliano Rocha e no Museu Calmon Barreto e Memorial.<br><br>A programa\u00e7\u00e3o conta com apresenta\u00e7\u00f5es dos projetos de artes integradas aprovados no edital 002 da Lei Municipal Calmon Barreto 2 e de convidados especiais. Dan\u00e7a, teatro, conta\u00e7\u00e3o de hist\u00f3rias, exibi\u00e7\u00e3o de curta-metragem, batalhas de rimas, exposi\u00e7\u00f5es art\u00edsticas est\u00e3o entre as atra\u00e7\u00f5es.<br><br>\u201cA ideia foi de buscar o que temos de melhor na produ\u00e7\u00e3o art\u00edstica da cidade, em v\u00e1rios segmentos, e transformar tudo isso em mais um evento para a comunidade. O festival veio para ficar. A partir de agora, ele far\u00e1 parte do calend\u00e1rio cultural de Arax\u00e1. Por meio da Lei Calmon Barreto 2, captamos esses artistas e oferecemos, al\u00e9m do aporte financeiro, o apoio desde a apresenta\u00e7\u00e3o do projeto at\u00e9 a execu\u00e7\u00e3o no palco\u201d, destaca a presidente da FCCB, Cynthia Ver\u00e7osa.<br><br>No Teatro Municipal Maximiliano Rocha as atra\u00e7\u00f5es s\u00e3o abertas \u00e0 comunidade a partir das 19h30. J\u00e1 no Museu Calmon Barreto e Memorial de Arax\u00e1, a programa\u00e7\u00e3o \u00e9 voltada para alunos da rede municipal.<br><strong><br>Programa\u00e7\u00e3o<br><br>06\/07 &#8211; Quarta<\/strong><br><br>Local: Jardim do Museu Calmon Barreto e Memorial de Arax\u00e1<br>\u2022 Fotografia na Escola, com Rodrigo Diniz<br>\u2022 Roda de Leitura \u2018A Magia do Caminho\u2019. Let\u00edcia Boaventura<br><br><br>Local: Teatro Municipal Maximiliano Rocha \u2013 a partir das 19h30<br>\u2022 Dan\u00e7a sobre Rodas \u2013 Arax\u00e1 Dance Company<br>\u2022 Exibi\u00e7\u00e3o do Curta-metragem \u2018Um poema para Gael\u2019<br>\u2022 Solta o Tamborz\u00e3o \u2013 Matheus Tomaz (Matheuzin).<br>\u2022 Batalha de Rimas \u2013 Ariovaldo (Ari Marques).<br><br><strong>07\/07 &#8211; Quinta<\/strong><br><br>Local: Jardim do Museu Calmon Barreto e Memorial de Arax\u00e1<br>\u2022 Projeto liter\u00e1rio \u2018Arte com Artes\u2019, com Jos\u00e9 Ot\u00e1vio Melo<br><br>Local: Teatro Municipal Maximiliano Rocha \u2013 a partir das 19h30<br>\u2022 Cl\u00e1ssicos da MPB \u2013 Alan Tann\u00fas<br>\u2022 Encanto \u2013 \u2018A m\u00e1gia da Dan\u00e7a \u2013 Ra\u00edra Paiva<br>\u2022 Verdades que Habitam em Mim \u2013 Valmir Jos\u00e9<br>\u2022 Yulunga \u2013 Ana Karla Ferreira<br>\u2022 A Import\u00e2ncia do Agora \u2013 Vit\u00f3ria Cristina<br>\u2022 H2 Dan\u00e7as Urbanas \u2013 Luis Fernando<br>\u2022 Metade de Mim \u00e9 Amor e a Outra&#8230; \u2013 Gabriela Ramos<br>\u2022 Reflexos, o Outro Lado do Meu Eu \u2013 Tatiana Mucci<br>\u2022 Ritual: Bhaarateey Shaadee \u2013 Ana Cl\u00e1udia Silva<br><br><strong>08\/07 &#8211; Sexta<\/strong><br><br>Local: Teatro Municipal Maximiliano Rocha \u2013 a partir das 19h30<br>\u2022 Brincando com o Tempo \u2013 Rosana Loren<br>\u2022 Hist\u00f3rias Para Contar \u2013 Marly Borges<br>\u2022 Patuscadas e Presepadas em Pleno Festival \u2013 Giovani Val\u00e9rio<br><br><strong>Exposi\u00e7\u00f5es &#8211; 6, 7 e 8 de julho, das 8h \u00e0s 22h<\/strong><br><br>\u2022 Oldair Fialho \u2013 Foyer do Teatro Municipal<br>\u2022 \u2018Asas para o Futuro\u2019, de Carlos Alberto Val\u00e9rio \u2013 Entrada do Teatro Municipal<br><\/p>\n","protected":false},"excerpt":{"rendered":"<p>A Funda\u00e7\u00e3o Cultural Calmon Barreto (FCCB) realiza, de 6 a 8 de julho, o 1\u00b0 Festival de Artes Integradas de<\/p>\n","protected":false},"author":2,"featured_media":1710,"comment_status":"open","ping_status":"open","sticky":false,"template":"","format":"standard","meta":{"footnotes":""},"categories":[9,5],"tags":[],"class_list":["post-1709","post","type-post","status-publish","format-standard","has-post-thumbnail","hentry","category-araxa","category-arte-e-cultura"],"_links":{"self":[{"href":"http:\/\/blogdoarmindomaia.com.br\/index.php?rest_route=\/wp\/v2\/posts\/1709","targetHints":{"allow":["GET"]}}],"collection":[{"href":"http:\/\/blogdoarmindomaia.com.br\/index.php?rest_route=\/wp\/v2\/posts"}],"about":[{"href":"http:\/\/blogdoarmindomaia.com.br\/index.php?rest_route=\/wp\/v2\/types\/post"}],"author":[{"embeddable":true,"href":"http:\/\/blogdoarmindomaia.com.br\/index.php?rest_route=\/wp\/v2\/users\/2"}],"replies":[{"embeddable":true,"href":"http:\/\/blogdoarmindomaia.com.br\/index.php?rest_route=%2Fwp%2Fv2%2Fcomments&post=1709"}],"version-history":[{"count":1,"href":"http:\/\/blogdoarmindomaia.com.br\/index.php?rest_route=\/wp\/v2\/posts\/1709\/revisions"}],"predecessor-version":[{"id":1711,"href":"http:\/\/blogdoarmindomaia.com.br\/index.php?rest_route=\/wp\/v2\/posts\/1709\/revisions\/1711"}],"wp:featuredmedia":[{"embeddable":true,"href":"http:\/\/blogdoarmindomaia.com.br\/index.php?rest_route=\/wp\/v2\/media\/1710"}],"wp:attachment":[{"href":"http:\/\/blogdoarmindomaia.com.br\/index.php?rest_route=%2Fwp%2Fv2%2Fmedia&parent=1709"}],"wp:term":[{"taxonomy":"category","embeddable":true,"href":"http:\/\/blogdoarmindomaia.com.br\/index.php?rest_route=%2Fwp%2Fv2%2Fcategories&post=1709"},{"taxonomy":"post_tag","embeddable":true,"href":"http:\/\/blogdoarmindomaia.com.br\/index.php?rest_route=%2Fwp%2Fv2%2Ftags&post=1709"}],"curies":[{"name":"wp","href":"https:\/\/api.w.org\/{rel}","templated":true}]}}