{"id":1720,"date":"2022-07-05T14:03:12","date_gmt":"2022-07-05T17:03:12","guid":{"rendered":"http:\/\/blogdoarmindomaia.com.br\/?p=1720"},"modified":"2022-07-05T14:03:14","modified_gmt":"2022-07-05T17:03:14","slug":"adocao-e-cadastro-para-o-projeto-castraacao-marcam-a-7a-edicao-da-caominhada","status":"publish","type":"post","link":"http:\/\/blogdoarmindomaia.com.br\/?p=1720","title":{"rendered":"Ado\u00e7\u00e3o e cadastro para o projeto CastraA\u00e7\u00e3o marcam a 7\u00aa edi\u00e7\u00e3o da \u201cC\u00e3ominhada\u201d"},"content":{"rendered":"\n<figure class=\"wp-block-image size-full\"><img loading=\"lazy\" decoding=\"async\" width=\"1024\" height=\"683\" src=\"http:\/\/blogdoarmindomaia.com.br\/wp-content\/uploads\/2022\/07\/MG_7531.jpg\" alt=\"\" class=\"wp-image-1722\" srcset=\"http:\/\/blogdoarmindomaia.com.br\/wp-content\/uploads\/2022\/07\/MG_7531.jpg 1024w, http:\/\/blogdoarmindomaia.com.br\/wp-content\/uploads\/2022\/07\/MG_7531-300x200.jpg 300w, http:\/\/blogdoarmindomaia.com.br\/wp-content\/uploads\/2022\/07\/MG_7531-768x512.jpg 768w\" sizes=\"auto, (max-width: 1024px) 100vw, 1024px\" \/><\/figure>\n\n\n\n<figure class=\"wp-block-image size-full\"><img loading=\"lazy\" decoding=\"async\" width=\"1024\" height=\"683\" src=\"http:\/\/blogdoarmindomaia.com.br\/wp-content\/uploads\/2022\/07\/MG_7507.jpg\" alt=\"\" class=\"wp-image-1721\" srcset=\"http:\/\/blogdoarmindomaia.com.br\/wp-content\/uploads\/2022\/07\/MG_7507.jpg 1024w, http:\/\/blogdoarmindomaia.com.br\/wp-content\/uploads\/2022\/07\/MG_7507-300x200.jpg 300w, http:\/\/blogdoarmindomaia.com.br\/wp-content\/uploads\/2022\/07\/MG_7507-768x512.jpg 768w\" sizes=\"auto, (max-width: 1024px) 100vw, 1024px\" \/><\/figure>\n\n\n\n<p>Socializar os animais, conscientizar os tutores e promover a ado\u00e7\u00e3o de animais. Com esse objetivo, aconteceu, no domingo (3), a 7\u00aa \u201cC\u00e3ominhada\u201d de Arax\u00e1, que pela primeira vez contou com o apoio da Prefeitura de Arax\u00e1. Al\u00e9m da caminhada, o encontro tamb\u00e9m teve apresenta\u00e7\u00e3o de c\u00e3es adestrados, feira de ado\u00e7\u00e3o, distribui\u00e7\u00e3o de brindes e cadastro para o projeto CastraA\u00e7\u00e3o, da Vigil\u00e2ncia em Sa\u00fade.<br><br>O encontro aconteceu na pra\u00e7a do Col\u00e9gio Dom Bosco, de onde cerca de 120 c\u00e3es acompanhados dos seus donos ou tutores participaram de caminhada que culminou no estacionamento do Est\u00e1dio Municipal Fausto Alvim.<br><br>No local, o p\u00fablico conferiu um \u201dShow Dog\u201d, com apresenta\u00e7\u00e3o de c\u00e3es adestrados e c\u00e3es pastores. Entre as estrelas que participaram, esteve o Dominguinhos, um vira-lata amarelo abandonado que foi recolhido pelo Canil Municipal e adestrado em cerca de 30 dias. A coordenadora da Vigil\u00e2ncia em Sa\u00fade, Leninha Severo, destaca que a ideia foi apresentar para a popula\u00e7\u00e3o um cachorro de rua pode ser adestrado e se tornar um grande companheiro.<br><br>Segundo ela, ao todo foram seis cachorrinhos que encontraram um novo lar atrav\u00e9s da Feira de Ado\u00e7\u00e3o. \u201cTodos j\u00e1 castrados e \u2018chipados\u2019. Os novos tutores ainda levaram como brinde ra\u00e7\u00e3o e a caminha do seu novo companheiro de quatro patas\u201d, afirma Leninha.<br><br>A Vigil\u00e2ncia em Sa\u00fade tamb\u00e9m realizou o cadastro de fam\u00edlias para a pr\u00f3xima etapa do projeto CastraA\u00e7\u00e3o, que este ano j\u00e1 esterilizou 2.300 de um total de 4.000 animais previstos para serem atendidos em 2022. A pr\u00f3xima etapa do programa acontece em outubro. Tamb\u00e9m houve a distribui\u00e7\u00e3o de 300 kg de ra\u00e7\u00e3o e 50 caminhas doadas.<br><\/p>\n","protected":false},"excerpt":{"rendered":"<p>Socializar os animais, conscientizar os tutores e promover a ado\u00e7\u00e3o de animais. Com esse objetivo, aconteceu, no domingo (3), a<\/p>\n","protected":false},"author":2,"featured_media":1722,"comment_status":"open","ping_status":"open","sticky":false,"template":"","format":"standard","meta":{"footnotes":""},"categories":[9,11],"tags":[],"class_list":["post-1720","post","type-post","status-publish","format-standard","has-post-thumbnail","hentry","category-araxa","category-destaques"],"_links":{"self":[{"href":"http:\/\/blogdoarmindomaia.com.br\/index.php?rest_route=\/wp\/v2\/posts\/1720","targetHints":{"allow":["GET"]}}],"collection":[{"href":"http:\/\/blogdoarmindomaia.com.br\/index.php?rest_route=\/wp\/v2\/posts"}],"about":[{"href":"http:\/\/blogdoarmindomaia.com.br\/index.php?rest_route=\/wp\/v2\/types\/post"}],"author":[{"embeddable":true,"href":"http:\/\/blogdoarmindomaia.com.br\/index.php?rest_route=\/wp\/v2\/users\/2"}],"replies":[{"embeddable":true,"href":"http:\/\/blogdoarmindomaia.com.br\/index.php?rest_route=%2Fwp%2Fv2%2Fcomments&post=1720"}],"version-history":[{"count":1,"href":"http:\/\/blogdoarmindomaia.com.br\/index.php?rest_route=\/wp\/v2\/posts\/1720\/revisions"}],"predecessor-version":[{"id":1723,"href":"http:\/\/blogdoarmindomaia.com.br\/index.php?rest_route=\/wp\/v2\/posts\/1720\/revisions\/1723"}],"wp:featuredmedia":[{"embeddable":true,"href":"http:\/\/blogdoarmindomaia.com.br\/index.php?rest_route=\/wp\/v2\/media\/1722"}],"wp:attachment":[{"href":"http:\/\/blogdoarmindomaia.com.br\/index.php?rest_route=%2Fwp%2Fv2%2Fmedia&parent=1720"}],"wp:term":[{"taxonomy":"category","embeddable":true,"href":"http:\/\/blogdoarmindomaia.com.br\/index.php?rest_route=%2Fwp%2Fv2%2Fcategories&post=1720"},{"taxonomy":"post_tag","embeddable":true,"href":"http:\/\/blogdoarmindomaia.com.br\/index.php?rest_route=%2Fwp%2Fv2%2Ftags&post=1720"}],"curies":[{"name":"wp","href":"https:\/\/api.w.org\/{rel}","templated":true}]}}