{"id":1730,"date":"2022-07-05T14:19:50","date_gmt":"2022-07-05T17:19:50","guid":{"rendered":"http:\/\/blogdoarmindomaia.com.br\/?p=1730"},"modified":"2022-07-05T14:19:52","modified_gmt":"2022-07-05T17:19:52","slug":"conferencia-aborda-seis-eixos-tematicos-voltadas-para-a-saude-publica-em-araxa","status":"publish","type":"post","link":"http:\/\/blogdoarmindomaia.com.br\/?p=1730","title":{"rendered":"Confer\u00eancia aborda seis eixos tem\u00e1ticos voltadas para a sa\u00fade p\u00fablica em Arax\u00e1"},"content":{"rendered":"\n<figure class=\"wp-block-image size-full\"><img loading=\"lazy\" decoding=\"async\" width=\"1024\" height=\"683\" src=\"http:\/\/blogdoarmindomaia.com.br\/wp-content\/uploads\/2022\/07\/Conferencia-aborda-seis-eixos-tematicos-voltadas-para-a-saude-pag-03.jpeg\" alt=\"\" class=\"wp-image-1731\" srcset=\"http:\/\/blogdoarmindomaia.com.br\/wp-content\/uploads\/2022\/07\/Conferencia-aborda-seis-eixos-tematicos-voltadas-para-a-saude-pag-03.jpeg 1024w, http:\/\/blogdoarmindomaia.com.br\/wp-content\/uploads\/2022\/07\/Conferencia-aborda-seis-eixos-tematicos-voltadas-para-a-saude-pag-03-300x200.jpeg 300w, http:\/\/blogdoarmindomaia.com.br\/wp-content\/uploads\/2022\/07\/Conferencia-aborda-seis-eixos-tematicos-voltadas-para-a-saude-pag-03-768x512.jpeg 768w\" sizes=\"auto, (max-width: 1024px) 100vw, 1024px\" \/><\/figure>\n\n\n\n<p>Arax\u00e1 recebeu a 10\u00aa Confer\u00eancia Municipal de Sa\u00fade no \u00faltimo s\u00e1bado (2), realizada durante os per\u00edodos da manh\u00e3 e tarde, na Escola Municipal Delfim Moreira. O evento foi aberto \u00e0 comunidade e abordou o tema \u201cConstruindo a Sa\u00fade de Arax\u00e1\u201d.<br><br>A confer\u00eancia, organizada pelo Conselho Municipal de Sa\u00fade e Secretaria Municipal de Sa\u00fade, contou com palestras, mesas-redondas e vota\u00e7\u00e3o de propostas.<br><br>Foram tratados seis eixos tem\u00e1ticos:<br><br>1 &#8211; Aten\u00e7\u00e3o Prim\u00e1ria: Sa\u00fade multidisciplinar e fortalecimento das Unidades B\u00e1sicas de Sa\u00fade (UBSs);<br><br>2 &#8211; Preven\u00e7\u00e3o e Promo\u00e7\u00e3o em Sa\u00fade;<br><br>3 &#8211; Sa\u00fade Mental: os desafios p\u00f3s pandemia;<br><br>4 &#8211; Aten\u00e7\u00e3o Secund\u00e1ria: meios diagn\u00f3sticos e assist\u00eancia farmac\u00eautica;<br><br>5 &#8211; Urg\u00eancia e Emerg\u00eancia;<br><br>6 &#8211; Direito \u00e0 sa\u00fade e o financiamento do SUS: desafios e particularidades.<br><br>De acordo com a presidente do Conselho Municipal de Sa\u00fade, Juliana Gon\u00e7alves Machado e Silva, as propostas aprovadas v\u00e3o ser apresentadas \u00e0 Prefeitura de Arax\u00e1 para serem executadas dentro do Plano Municipal de Sa\u00fade, sendo uma ponte entre as demandas da comunidade junto \u00e0 Administra\u00e7\u00e3o Municipal.<br><\/p>\n","protected":false},"excerpt":{"rendered":"<p>Arax\u00e1 recebeu a 10\u00aa Confer\u00eancia Municipal de Sa\u00fade no \u00faltimo s\u00e1bado (2), realizada durante os per\u00edodos da manh\u00e3 e tarde,<\/p>\n","protected":false},"author":2,"featured_media":1731,"comment_status":"open","ping_status":"open","sticky":false,"template":"","format":"standard","meta":{"footnotes":""},"categories":[9,29],"tags":[],"class_list":["post-1730","post","type-post","status-publish","format-standard","has-post-thumbnail","hentry","category-araxa","category-saude"],"_links":{"self":[{"href":"http:\/\/blogdoarmindomaia.com.br\/index.php?rest_route=\/wp\/v2\/posts\/1730","targetHints":{"allow":["GET"]}}],"collection":[{"href":"http:\/\/blogdoarmindomaia.com.br\/index.php?rest_route=\/wp\/v2\/posts"}],"about":[{"href":"http:\/\/blogdoarmindomaia.com.br\/index.php?rest_route=\/wp\/v2\/types\/post"}],"author":[{"embeddable":true,"href":"http:\/\/blogdoarmindomaia.com.br\/index.php?rest_route=\/wp\/v2\/users\/2"}],"replies":[{"embeddable":true,"href":"http:\/\/blogdoarmindomaia.com.br\/index.php?rest_route=%2Fwp%2Fv2%2Fcomments&post=1730"}],"version-history":[{"count":1,"href":"http:\/\/blogdoarmindomaia.com.br\/index.php?rest_route=\/wp\/v2\/posts\/1730\/revisions"}],"predecessor-version":[{"id":1732,"href":"http:\/\/blogdoarmindomaia.com.br\/index.php?rest_route=\/wp\/v2\/posts\/1730\/revisions\/1732"}],"wp:featuredmedia":[{"embeddable":true,"href":"http:\/\/blogdoarmindomaia.com.br\/index.php?rest_route=\/wp\/v2\/media\/1731"}],"wp:attachment":[{"href":"http:\/\/blogdoarmindomaia.com.br\/index.php?rest_route=%2Fwp%2Fv2%2Fmedia&parent=1730"}],"wp:term":[{"taxonomy":"category","embeddable":true,"href":"http:\/\/blogdoarmindomaia.com.br\/index.php?rest_route=%2Fwp%2Fv2%2Fcategories&post=1730"},{"taxonomy":"post_tag","embeddable":true,"href":"http:\/\/blogdoarmindomaia.com.br\/index.php?rest_route=%2Fwp%2Fv2%2Ftags&post=1730"}],"curies":[{"name":"wp","href":"https:\/\/api.w.org\/{rel}","templated":true}]}}