{"id":1733,"date":"2022-07-06T15:31:07","date_gmt":"2022-07-06T18:31:07","guid":{"rendered":"http:\/\/blogdoarmindomaia.com.br\/?p=1733"},"modified":"2022-07-06T15:31:09","modified_gmt":"2022-07-06T18:31:09","slug":"1o-simposio-de-rede-debate-integracao-entre-orgaos-publicos-conselhos-e-terceiro-setor","status":"publish","type":"post","link":"http:\/\/blogdoarmindomaia.com.br\/?p=1733","title":{"rendered":"1\u00ba Simp\u00f3sio de Rede debate integra\u00e7\u00e3o entre \u00f3rg\u00e3os p\u00fablicos, conselhos e terceiro setor"},"content":{"rendered":"\n<figure class=\"wp-block-image size-full\"><img loading=\"lazy\" decoding=\"async\" width=\"1024\" height=\"683\" src=\"http:\/\/blogdoarmindomaia.com.br\/wp-content\/uploads\/2022\/07\/1o-Simposio-de-Rede-debate-integracao-entre-orgaos-publico-pag-03.jpeg\" alt=\"\" class=\"wp-image-1734\" srcset=\"http:\/\/blogdoarmindomaia.com.br\/wp-content\/uploads\/2022\/07\/1o-Simposio-de-Rede-debate-integracao-entre-orgaos-publico-pag-03.jpeg 1024w, http:\/\/blogdoarmindomaia.com.br\/wp-content\/uploads\/2022\/07\/1o-Simposio-de-Rede-debate-integracao-entre-orgaos-publico-pag-03-300x200.jpeg 300w, http:\/\/blogdoarmindomaia.com.br\/wp-content\/uploads\/2022\/07\/1o-Simposio-de-Rede-debate-integracao-entre-orgaos-publico-pag-03-768x512.jpeg 768w\" sizes=\"auto, (max-width: 1024px) 100vw, 1024px\" \/><\/figure>\n\n\n\n<p>Com o objetivo de integrar todos os servi\u00e7os prestados \u00e0 popula\u00e7\u00e3o e buscar ferramentas para uma comunica\u00e7\u00e3o mais efetiva entre os setores envolvidos, a Prefeitura de Arax\u00e1 est\u00e1 realizando o 1\u00ba Simp\u00f3sio de Rede. A abertura aconteceu nesta quinta-feira (30) e as atividades est\u00e3o sendo realizadas no Teatro Municipal Maximiliano Rocha at\u00e9 esta sexta (1\u00ba).<br><br>O simp\u00f3sio \u00e9 uma demanda antiga de todos os envolvidos que atuam na Rede de Atendimento da Prefeitura de Arax\u00e1, em conjunto com os conselhos de direitos e o terceiro setor (entidades assistenciais). Ao todo, s\u00e3o 16 horas de evento com apresenta\u00e7\u00e3o de a\u00e7\u00f5es da Sa\u00fade, Educa\u00e7\u00e3o, Assist\u00eancia Social, Seguran\u00e7a P\u00fablica, Poder Judici\u00e1rio, Minist\u00e9rio P\u00fablico, terceiro setor e representantes de conselhos de direitos.<br><br>Para a secret\u00e1ria municipal de Sa\u00fade, Cristiane Gon\u00e7alves Pereira, o encontro \u00e9 oportunidade de troca de experi\u00eancias. &#8220;\u00c9 uma forma de integra\u00e7\u00e3o dessa rede o que pode gerar para o usu\u00e1rio a possibilidade de encaminhamentos bem feitos e que levem \u00e0 primazia do atendimento de qualidade \u00e0 popula\u00e7\u00e3o&#8221;, ressalta.<br><br>Representando o terceiro setor, a conselheira da Funda\u00e7\u00e3o de Assist\u00eancia a Mulher Araxaense (Fama), Telma Di Mambro, destaca o apoio dos setores p\u00fablicos e privados. &#8220;Em Arax\u00e1 somos privilegiados, somos reconhecidos, recebemos apoio e verbas do setor p\u00fablico e da iniciativa privada, e isso faz com que o terceiro setor caminhe cada vez mais em busca de qualidade no servi\u00e7o prestado&#8221;, afirma.<br><br>Durante a abertura do evento, o prefeito Robson Magela destacou os investimentos e projetos da \u00e1rea de social lan\u00e7ados pela atual administra\u00e7\u00e3o, e refor\u00e7ou a import\u00e2ncia do envolvimento de todos os setores para o melhor encaminhamento das demandas apresentadas pela popula\u00e7\u00e3o.<br><br>&#8220;Fala-se muito em pol\u00edticas baseadas nos pilares da sa\u00fade, educa\u00e7\u00e3o e seguran\u00e7a. Mas eu sempre acreditei que o social tamb\u00e9m deve compor essa base de pol\u00edticas p\u00fablicas. Eu venho de uma fam\u00edlia que foi assistida pelo SOS (Servi\u00e7o de Obras Sociais), entidade do terceiro setor aqui de Arax\u00e1. E sei muito bem, com essa experi\u00eancia, da import\u00e2ncia da integra\u00e7\u00e3o de toda a rede para o seu bom funcionamento. E isso envolve tamb\u00e9m a sa\u00fade, a educa\u00e7\u00e3o, seguran\u00e7a, esporte, cultura, entre outros &#8220;, refor\u00e7ou.<br><br>O resultado do simp\u00f3sio ser\u00e1 a forma\u00e7\u00e3o de uma comiss\u00e3o composta por representantes dos \u00f3rg\u00e3os e entidades envolvidos, que ir\u00e3o supervisionar, atualizar e distribuir o fluxo de atendimentos do Munic\u00edpio para toda a rede.<br><\/p>\n","protected":false},"excerpt":{"rendered":"<p>Com o objetivo de integrar todos os servi\u00e7os prestados \u00e0 popula\u00e7\u00e3o e buscar ferramentas para uma comunica\u00e7\u00e3o mais efetiva entre<\/p>\n","protected":false},"author":2,"featured_media":1734,"comment_status":"open","ping_status":"open","sticky":false,"template":"","format":"standard","meta":{"footnotes":""},"categories":[9,8],"tags":[],"class_list":["post-1733","post","type-post","status-publish","format-standard","has-post-thumbnail","hentry","category-araxa","category-cidades"],"_links":{"self":[{"href":"http:\/\/blogdoarmindomaia.com.br\/index.php?rest_route=\/wp\/v2\/posts\/1733","targetHints":{"allow":["GET"]}}],"collection":[{"href":"http:\/\/blogdoarmindomaia.com.br\/index.php?rest_route=\/wp\/v2\/posts"}],"about":[{"href":"http:\/\/blogdoarmindomaia.com.br\/index.php?rest_route=\/wp\/v2\/types\/post"}],"author":[{"embeddable":true,"href":"http:\/\/blogdoarmindomaia.com.br\/index.php?rest_route=\/wp\/v2\/users\/2"}],"replies":[{"embeddable":true,"href":"http:\/\/blogdoarmindomaia.com.br\/index.php?rest_route=%2Fwp%2Fv2%2Fcomments&post=1733"}],"version-history":[{"count":1,"href":"http:\/\/blogdoarmindomaia.com.br\/index.php?rest_route=\/wp\/v2\/posts\/1733\/revisions"}],"predecessor-version":[{"id":1735,"href":"http:\/\/blogdoarmindomaia.com.br\/index.php?rest_route=\/wp\/v2\/posts\/1733\/revisions\/1735"}],"wp:featuredmedia":[{"embeddable":true,"href":"http:\/\/blogdoarmindomaia.com.br\/index.php?rest_route=\/wp\/v2\/media\/1734"}],"wp:attachment":[{"href":"http:\/\/blogdoarmindomaia.com.br\/index.php?rest_route=%2Fwp%2Fv2%2Fmedia&parent=1733"}],"wp:term":[{"taxonomy":"category","embeddable":true,"href":"http:\/\/blogdoarmindomaia.com.br\/index.php?rest_route=%2Fwp%2Fv2%2Fcategories&post=1733"},{"taxonomy":"post_tag","embeddable":true,"href":"http:\/\/blogdoarmindomaia.com.br\/index.php?rest_route=%2Fwp%2Fv2%2Ftags&post=1733"}],"curies":[{"name":"wp","href":"https:\/\/api.w.org\/{rel}","templated":true}]}}