{"id":1736,"date":"2022-07-06T15:34:11","date_gmt":"2022-07-06T18:34:11","guid":{"rendered":"http:\/\/blogdoarmindomaia.com.br\/?p=1736"},"modified":"2022-07-06T15:34:13","modified_gmt":"2022-07-06T18:34:13","slug":"audiencia-publica-apresenta-trabalho-da-secretaria-de-saude","status":"publish","type":"post","link":"http:\/\/blogdoarmindomaia.com.br\/?p=1736","title":{"rendered":"Audi\u00eancia P\u00fablica apresenta trabalho da Secretaria de Sa\u00fade"},"content":{"rendered":"\n<figure class=\"wp-block-image size-full\"><img loading=\"lazy\" decoding=\"async\" width=\"1000\" height=\"750\" src=\"http:\/\/blogdoarmindomaia.com.br\/wp-content\/uploads\/2022\/07\/Audiencia-Publica-apresenta-trabalho-da-Secretaria-de-Saude-pag-03.jpg\" alt=\"\" class=\"wp-image-1737\" srcset=\"http:\/\/blogdoarmindomaia.com.br\/wp-content\/uploads\/2022\/07\/Audiencia-Publica-apresenta-trabalho-da-Secretaria-de-Saude-pag-03.jpg 1000w, http:\/\/blogdoarmindomaia.com.br\/wp-content\/uploads\/2022\/07\/Audiencia-Publica-apresenta-trabalho-da-Secretaria-de-Saude-pag-03-300x225.jpg 300w, http:\/\/blogdoarmindomaia.com.br\/wp-content\/uploads\/2022\/07\/Audiencia-Publica-apresenta-trabalho-da-Secretaria-de-Saude-pag-03-768x576.jpg 768w\" sizes=\"auto, (max-width: 1000px) 100vw, 1000px\" \/><\/figure>\n\n\n\n<p>A C\u00e2mara Municipal de Arax\u00e1 recebeu &nbsp;mais uma Audi\u00eancia P\u00fablica para presta\u00e7\u00e3o de contas da Secretaria Municipal de Sa\u00fade. A apresenta\u00e7\u00e3o \u00e9 realizada a cada quatro meses. A reuni\u00e3o foi presidida pelo vereador Valtinho da Farm\u00e1cia, presidente da Comiss\u00e3o de Educa\u00e7\u00e3o, Cultura, Sa\u00fade e Seguran\u00e7a, e contou com a presen\u00e7a de servidores, imprensa e comunidade.<\/p>\n\n\n\n<p>A secret\u00e1ria municipal de sa\u00fade, Cristiane Pereira Gon\u00e7alves, apresentou o relat\u00f3rio detalhado com informa\u00e7\u00f5es sobre o primeiro quadrimestre de 2022. Ela abriu a apresenta\u00e7\u00e3o esclarecendo que a realiza\u00e7\u00e3o de audi\u00eancia p\u00fablica para presta\u00e7\u00e3o de contas \u00e9 garantida por lei e deve esclarecer sobre os recursos aplicados no per\u00edodo, auditorias realizadas e em execu\u00e7\u00e3o al\u00e9m da oferta de servi\u00e7os p\u00fablicos.<\/p>\n\n\n\n<p>Cristiane destacou as principais a\u00e7\u00f5es da pasta no per\u00edodo, entre elas: abertura de processo seletivo para contrata\u00e7\u00e3o de enfermeiros, amplia\u00e7\u00e3o de locais de testagem de Covid-19, realiza\u00e7\u00e3o de 465 cirurgias de cataratas, disponibiliza\u00e7\u00e3o de duas novas ambul\u00e2ncias para transportes de pacientes, credenciamento para contrata\u00e7\u00e3o de m\u00e9dicos e Projeto CastrA\u00e7\u00e3o para esterilizar 4 mil animais.<\/p>\n\n\n\n<p>A assessora de Finan\u00e7as da Secretaria, Talita Cristina Ferreira Silva, chamou aten\u00e7\u00e3o para o alto \u00edndice de investimento em sa\u00fade.&nbsp; Durante o quadrimestre foram 30,09% da receita do munic\u00edpio aplicada em sa\u00fade, sendo que o m\u00ednimo constitucional estabelecido \u00e9 de 15%.<\/p>\n\n\n\n<p>Os respons\u00e1veis por cada setor da Secretaria apresentaram o trabalho de suas equipes, mostraram n\u00fameros de atendimentos e exibiram fotos das a\u00e7\u00f5es realizadas.<\/p>\n\n\n\n<p>Cristiane finalizou a audi\u00eancia destacando que a presta\u00e7\u00e3o de contas n\u00e3o representa nem de longe o trabalho realizado pela pasta. \u201cS\u00e3o in\u00fameros servi\u00e7os com diversas especificidades. Uma tarde n\u00e3o \u00e9 suficiente para apresentar todos os servi\u00e7os ofertados.\u201d Ela se colocou \u00e0 disposi\u00e7\u00e3o dos vereadores e aproveitou para agradecer aos profissionais da Secretaria, que dedicam sua vida ao of\u00edcio que exercem.<\/p>\n","protected":false},"excerpt":{"rendered":"<p>A C\u00e2mara Municipal de Arax\u00e1 recebeu &nbsp;mais uma Audi\u00eancia P\u00fablica para presta\u00e7\u00e3o de contas da Secretaria Municipal de Sa\u00fade. A<\/p>\n","protected":false},"author":2,"featured_media":0,"comment_status":"open","ping_status":"open","sticky":false,"template":"","format":"standard","meta":{"footnotes":""},"categories":[9,29],"tags":[],"class_list":["post-1736","post","type-post","status-publish","format-standard","hentry","category-araxa","category-saude"],"_links":{"self":[{"href":"http:\/\/blogdoarmindomaia.com.br\/index.php?rest_route=\/wp\/v2\/posts\/1736","targetHints":{"allow":["GET"]}}],"collection":[{"href":"http:\/\/blogdoarmindomaia.com.br\/index.php?rest_route=\/wp\/v2\/posts"}],"about":[{"href":"http:\/\/blogdoarmindomaia.com.br\/index.php?rest_route=\/wp\/v2\/types\/post"}],"author":[{"embeddable":true,"href":"http:\/\/blogdoarmindomaia.com.br\/index.php?rest_route=\/wp\/v2\/users\/2"}],"replies":[{"embeddable":true,"href":"http:\/\/blogdoarmindomaia.com.br\/index.php?rest_route=%2Fwp%2Fv2%2Fcomments&post=1736"}],"version-history":[{"count":1,"href":"http:\/\/blogdoarmindomaia.com.br\/index.php?rest_route=\/wp\/v2\/posts\/1736\/revisions"}],"predecessor-version":[{"id":1738,"href":"http:\/\/blogdoarmindomaia.com.br\/index.php?rest_route=\/wp\/v2\/posts\/1736\/revisions\/1738"}],"wp:attachment":[{"href":"http:\/\/blogdoarmindomaia.com.br\/index.php?rest_route=%2Fwp%2Fv2%2Fmedia&parent=1736"}],"wp:term":[{"taxonomy":"category","embeddable":true,"href":"http:\/\/blogdoarmindomaia.com.br\/index.php?rest_route=%2Fwp%2Fv2%2Fcategories&post=1736"},{"taxonomy":"post_tag","embeddable":true,"href":"http:\/\/blogdoarmindomaia.com.br\/index.php?rest_route=%2Fwp%2Fv2%2Ftags&post=1736"}],"curies":[{"name":"wp","href":"https:\/\/api.w.org\/{rel}","templated":true}]}}