{"id":1739,"date":"2022-07-06T15:37:25","date_gmt":"2022-07-06T18:37:25","guid":{"rendered":"http:\/\/blogdoarmindomaia.com.br\/?p=1739"},"modified":"2022-07-06T15:37:27","modified_gmt":"2022-07-06T18:37:27","slug":"morre-em-araxa-o-ex-vereador-jose-maria-lemos","status":"publish","type":"post","link":"http:\/\/blogdoarmindomaia.com.br\/?p=1739","title":{"rendered":"Morre em Arax\u00e1 o ex-vereador Jos\u00e9 Maria Lemos"},"content":{"rendered":"\n<figure class=\"wp-block-image size-full\"><img loading=\"lazy\" decoding=\"async\" width=\"1024\" height=\"683\" src=\"http:\/\/blogdoarmindomaia.com.br\/wp-content\/uploads\/2022\/07\/Jose-Maria-Lemos.jpeg\" alt=\"\" class=\"wp-image-1740\" srcset=\"http:\/\/blogdoarmindomaia.com.br\/wp-content\/uploads\/2022\/07\/Jose-Maria-Lemos.jpeg 1024w, http:\/\/blogdoarmindomaia.com.br\/wp-content\/uploads\/2022\/07\/Jose-Maria-Lemos-300x200.jpeg 300w, http:\/\/blogdoarmindomaia.com.br\/wp-content\/uploads\/2022\/07\/Jose-Maria-Lemos-768x512.jpeg 768w\" sizes=\"auto, (max-width: 1024px) 100vw, 1024px\" \/><\/figure>\n\n\n\n<p>O prefeito Robson Magela decretou luto oficial de tr\u00eas dias em raz\u00e3o do falecimento do Sr. Jos\u00e9 Maria Lemos, o popular \u201cJos\u00e9 Maria da Farm\u00e1cia\u201d, ocorrido na quarta-feira (6). Durante o per\u00edodo, o pavilh\u00e3o do Centro Administrativo ficar\u00e1 hasteado a meio-mastro. Nascido em Arax\u00e1, Jos\u00e9 Maria dedicou sua vida como empres\u00e1rio do ramo farmac\u00eautico e tamb\u00e9m exerceu a filantropia e a verean\u00e7a na Legislatura 2001 \/ 2004, atividades as quais desenvolveu in\u00fameros trabalhos e projetos que retornaram em ganhos significativos para a comunidade. Jos\u00e9 Maria deixa esposa, filhos, netos e bisnetos. \u201cO senhor Jos\u00e9 Maria era uma pessoa muito querida por toda a comunidade araxaense. Um cidad\u00e3o que prestou uma dedica\u00e7\u00e3o a Arax\u00e1 como poucos, seja na atividade comercial, social e tamb\u00e9m pol\u00edtica. Com certeza \u00e9 uma grande perda para todos. Que familiares e amigos tenham conforto neste momento\u201d, destaca o prefeito Robson Magela.<\/p>\n","protected":false},"excerpt":{"rendered":"<p>O prefeito Robson Magela decretou luto oficial de tr\u00eas dias em raz\u00e3o do falecimento do Sr. Jos\u00e9 Maria Lemos, o<\/p>\n","protected":false},"author":2,"featured_media":1740,"comment_status":"open","ping_status":"open","sticky":false,"template":"","format":"standard","meta":{"footnotes":""},"categories":[9,11],"tags":[],"class_list":["post-1739","post","type-post","status-publish","format-standard","has-post-thumbnail","hentry","category-araxa","category-destaques"],"_links":{"self":[{"href":"http:\/\/blogdoarmindomaia.com.br\/index.php?rest_route=\/wp\/v2\/posts\/1739","targetHints":{"allow":["GET"]}}],"collection":[{"href":"http:\/\/blogdoarmindomaia.com.br\/index.php?rest_route=\/wp\/v2\/posts"}],"about":[{"href":"http:\/\/blogdoarmindomaia.com.br\/index.php?rest_route=\/wp\/v2\/types\/post"}],"author":[{"embeddable":true,"href":"http:\/\/blogdoarmindomaia.com.br\/index.php?rest_route=\/wp\/v2\/users\/2"}],"replies":[{"embeddable":true,"href":"http:\/\/blogdoarmindomaia.com.br\/index.php?rest_route=%2Fwp%2Fv2%2Fcomments&post=1739"}],"version-history":[{"count":1,"href":"http:\/\/blogdoarmindomaia.com.br\/index.php?rest_route=\/wp\/v2\/posts\/1739\/revisions"}],"predecessor-version":[{"id":1741,"href":"http:\/\/blogdoarmindomaia.com.br\/index.php?rest_route=\/wp\/v2\/posts\/1739\/revisions\/1741"}],"wp:featuredmedia":[{"embeddable":true,"href":"http:\/\/blogdoarmindomaia.com.br\/index.php?rest_route=\/wp\/v2\/media\/1740"}],"wp:attachment":[{"href":"http:\/\/blogdoarmindomaia.com.br\/index.php?rest_route=%2Fwp%2Fv2%2Fmedia&parent=1739"}],"wp:term":[{"taxonomy":"category","embeddable":true,"href":"http:\/\/blogdoarmindomaia.com.br\/index.php?rest_route=%2Fwp%2Fv2%2Fcategories&post=1739"},{"taxonomy":"post_tag","embeddable":true,"href":"http:\/\/blogdoarmindomaia.com.br\/index.php?rest_route=%2Fwp%2Fv2%2Ftags&post=1739"}],"curies":[{"name":"wp","href":"https:\/\/api.w.org\/{rel}","templated":true}]}}