{"id":1746,"date":"2022-07-06T15:43:27","date_gmt":"2022-07-06T18:43:27","guid":{"rendered":"http:\/\/blogdoarmindomaia.com.br\/?p=1746"},"modified":"2022-07-06T15:43:29","modified_gmt":"2022-07-06T18:43:29","slug":"festival-minas-e-gerais-tem-programacao-variada","status":"publish","type":"post","link":"http:\/\/blogdoarmindomaia.com.br\/?p=1746","title":{"rendered":"\u00a0 Festival Minas e Gerais tem programa\u00e7\u00e3o variada"},"content":{"rendered":"\n<figure class=\"wp-block-image size-large\"><img loading=\"lazy\" decoding=\"async\" width=\"768\" height=\"1024\" src=\"http:\/\/blogdoarmindomaia.com.br\/wp-content\/uploads\/2022\/07\/panfleto-minas-e-gerias_15x20cm-02-768x1024.jpg\" alt=\"\" class=\"wp-image-1747\" srcset=\"http:\/\/blogdoarmindomaia.com.br\/wp-content\/uploads\/2022\/07\/panfleto-minas-e-gerias_15x20cm-02-768x1024.jpg 768w, http:\/\/blogdoarmindomaia.com.br\/wp-content\/uploads\/2022\/07\/panfleto-minas-e-gerias_15x20cm-02-225x300.jpg 225w, http:\/\/blogdoarmindomaia.com.br\/wp-content\/uploads\/2022\/07\/panfleto-minas-e-gerias_15x20cm-02-1152x1536.jpg 1152w, http:\/\/blogdoarmindomaia.com.br\/wp-content\/uploads\/2022\/07\/panfleto-minas-e-gerias_15x20cm-02-1536x2048.jpg 1536w, http:\/\/blogdoarmindomaia.com.br\/wp-content\/uploads\/2022\/07\/panfleto-minas-e-gerias_15x20cm-02.jpg 1772w\" sizes=\"auto, (max-width: 768px) 100vw, 768px\" \/><\/figure>\n\n\n\n<p>Come\u00e7ou em Arax\u00e1, nesta quinta-feira, 07 de julho, o Festival Minas &amp; Gerais! O evento vai at\u00e9 o dia 10 de julho no Parque de Exposi\u00e7\u00f5es de Arax\u00e1 com entrada franca. Venha celebrar a cultura, a tradi\u00e7\u00e3o e a diversidade local e regional! Mineiridades, Feiras, Oficinas, M\u00fasica, Espa\u00e7o Gastron\u00f4mico, Espa\u00e7o infanto-juvenil e muito mais!<br><br>Durante todo o evento a mineiridade estar\u00e1 presente em v\u00e1rias manifesta\u00e7\u00f5es art\u00edsticas, como na Moda de Viola, Folia de reis, Congado, Catira, Conta\u00e7\u00e3o de Causos, Dan\u00e7as, Oficinas e muito mais.<br><br>ATUALIZA\u00c7\u00c3O, Espia s\u00f3:<br>&#8211; Dia 08<br>\u2022 Saulo Laranjeira<br>\u2022 Nilton Pinto e Tom Carvalho<br>\u2022 100% Caipira<br><br>&#8211; Dia 09<br>\u2022 Humorista Barnab\u00e9<br>\u2022 Congo Brasil<br>\u2022 Tonico e Tinoco &#8211; Umas Hist\u00f3ria Cantada<br>\u2022 Vitor &amp; Versol<br><br>Dia 10<br>\u2022 Orquestra Viola das Gerais toca Pena Branca e Xavantinho<br>\u2022 Marcus Biancardini (com surpresa na apresenta\u00e7\u00e3o)<br>\u2022 Catira Tradi\u00e7\u00e3o de Minas<br>\u2022 Os Arach\u00e1s<br><br>Tragam suas crian\u00e7as!!<br>Espa\u00e7o L\u00fadico Vila Brincantes!!<br>Com as presen\u00e7as:<br>\u2022 Rasgacero<br>\u2022 Turma do Arachazinho<br>\u2022 CUFA<br>\u2022 Quero Brinquedos<\/p>\n","protected":false},"excerpt":{"rendered":"<p>Come\u00e7ou em Arax\u00e1, nesta quinta-feira, 07 de julho, o Festival Minas &amp; Gerais! O evento vai at\u00e9 o dia 10<\/p>\n","protected":false},"author":2,"featured_media":1747,"comment_status":"open","ping_status":"open","sticky":false,"template":"","format":"standard","meta":{"footnotes":""},"categories":[9,5],"tags":[],"class_list":["post-1746","post","type-post","status-publish","format-standard","has-post-thumbnail","hentry","category-araxa","category-arte-e-cultura"],"_links":{"self":[{"href":"http:\/\/blogdoarmindomaia.com.br\/index.php?rest_route=\/wp\/v2\/posts\/1746","targetHints":{"allow":["GET"]}}],"collection":[{"href":"http:\/\/blogdoarmindomaia.com.br\/index.php?rest_route=\/wp\/v2\/posts"}],"about":[{"href":"http:\/\/blogdoarmindomaia.com.br\/index.php?rest_route=\/wp\/v2\/types\/post"}],"author":[{"embeddable":true,"href":"http:\/\/blogdoarmindomaia.com.br\/index.php?rest_route=\/wp\/v2\/users\/2"}],"replies":[{"embeddable":true,"href":"http:\/\/blogdoarmindomaia.com.br\/index.php?rest_route=%2Fwp%2Fv2%2Fcomments&post=1746"}],"version-history":[{"count":1,"href":"http:\/\/blogdoarmindomaia.com.br\/index.php?rest_route=\/wp\/v2\/posts\/1746\/revisions"}],"predecessor-version":[{"id":1748,"href":"http:\/\/blogdoarmindomaia.com.br\/index.php?rest_route=\/wp\/v2\/posts\/1746\/revisions\/1748"}],"wp:featuredmedia":[{"embeddable":true,"href":"http:\/\/blogdoarmindomaia.com.br\/index.php?rest_route=\/wp\/v2\/media\/1747"}],"wp:attachment":[{"href":"http:\/\/blogdoarmindomaia.com.br\/index.php?rest_route=%2Fwp%2Fv2%2Fmedia&parent=1746"}],"wp:term":[{"taxonomy":"category","embeddable":true,"href":"http:\/\/blogdoarmindomaia.com.br\/index.php?rest_route=%2Fwp%2Fv2%2Fcategories&post=1746"},{"taxonomy":"post_tag","embeddable":true,"href":"http:\/\/blogdoarmindomaia.com.br\/index.php?rest_route=%2Fwp%2Fv2%2Ftags&post=1746"}],"curies":[{"name":"wp","href":"https:\/\/api.w.org\/{rel}","templated":true}]}}