{"id":1749,"date":"2022-07-06T16:12:59","date_gmt":"2022-07-06T19:12:59","guid":{"rendered":"http:\/\/blogdoarmindomaia.com.br\/?p=1749"},"modified":"2022-07-06T16:13:02","modified_gmt":"2022-07-06T19:13:02","slug":"crescimento-economico-impulsiona-aumento-em-50-da-oferta-de-vagas-no-sine-araxa","status":"publish","type":"post","link":"http:\/\/blogdoarmindomaia.com.br\/?p=1749","title":{"rendered":"Crescimento econ\u00f4mico impulsiona aumento em 50% da oferta de vagas no Sine Arax\u00e1"},"content":{"rendered":"\n<figure class=\"wp-block-image size-full\"><img loading=\"lazy\" decoding=\"async\" width=\"1024\" height=\"683\" src=\"http:\/\/blogdoarmindomaia.com.br\/wp-content\/uploads\/2022\/07\/Aumento-de-vagas-no-Sine.jpeg\" alt=\"\" class=\"wp-image-1750\" srcset=\"http:\/\/blogdoarmindomaia.com.br\/wp-content\/uploads\/2022\/07\/Aumento-de-vagas-no-Sine.jpeg 1024w, http:\/\/blogdoarmindomaia.com.br\/wp-content\/uploads\/2022\/07\/Aumento-de-vagas-no-Sine-300x200.jpeg 300w, http:\/\/blogdoarmindomaia.com.br\/wp-content\/uploads\/2022\/07\/Aumento-de-vagas-no-Sine-768x512.jpeg 768w\" sizes=\"auto, (max-width: 1024px) 100vw, 1024px\" \/><\/figure>\n\n\n\n<p>Se por um lado a pandemia se mostra cada vez mais perto do fim, por outro o aquecimento da economia em Arax\u00e1 j\u00e1 reflete no mercado de trabalho e na crescente oferta de vagas. Conforme levantamento do Sistema Nacional de Emprego (Sine) de Arax\u00e1, desde o in\u00edcio de 2022 a oferta de vagas aumentou em 50%.<br><br>De fun\u00e7\u00f5es mec\u00e2nicas a cargos t\u00e9cnicos, a oferta di\u00e1ria de uma m\u00e9dia de 320 vagas de trabalho n\u00e3o \u00e9 preenchida diante da falta de m\u00e3o de obra qualificada. Conforme dados do Sine, das centenas de vagas ofertadas nos cinco primeiros meses de 2022, apenas 208 foram preenchidas por candidatos encaminhados pela institui\u00e7\u00e3o.<br><br>\u201cFizemos o cadastro de 682 entradas de an\u00fancios de vagas. Algumas dessas entradas com ofertas de at\u00e9 20 vagas. Quando essa vaga n\u00e3o \u00e9 preenchida dentro do m\u00eas, ela \u00e9 replicada no m\u00eas seguinte com uma nova entrada. Por isso \u00e9 complicado mensurar o n\u00famero de vagas ofertadas em todo o per\u00edodo\u201d, explica o coordenador do Sine Arax\u00e1, Lu\u00eds Fl\u00e1vio de Melo.<br><br>Diante da car\u00eancia de profissionais qualificados, o Sine Arax\u00e1 vem firmando parcerias com institutos de aprendizado e qualifica\u00e7\u00e3o profissional para a oferta de cursos gratuitos. De acordo com Lu\u00eds Fl\u00e1vio, a inten\u00e7\u00e3o \u00e9 melhorar a m\u00e3o de obra e qualificar o trabalhador da cidade, haja visto o an\u00fancio da instala\u00e7\u00e3o de novas empresas.<br><br>&#8220;J\u00e1 foram mais de 200 trabalhadores cadastrados nos cursos. S\u00e3o cursos das \u00e1reas de confeitaria, inform\u00e1tica, administra\u00e7\u00e3o, l\u00ednguas e interpreta\u00e7\u00e3o de sinais, mec\u00e2nica de autom\u00f3veis e v\u00e1rios outros&#8221;, afirma o coordenador.<br><br>Tamb\u00e9m foi firmada parceria com a Cl\u00ednica Escola de Psicologia do Centro Universit\u00e1rio do Planalto de Arax\u00e1 (Uniarax\u00e1). &#8220;Os estagi\u00e1rios atuam na \u00e1rea organizacional, no acolhimento dos trabalhadores e contribuem para o mapeamento de perfil, orienta\u00e7\u00e3o de carreira e confec\u00e7\u00e3o do curr\u00edculo&#8221;, explica.<br><br>Caged<br><br>Refor\u00e7ando os dados apontados pelo Sine Arax\u00e1, o Cadastro Geral de Empregados e Desempregados (Caged) mais recente, divulgado nesta ter\u00e7a-feira (28) pelo Minist\u00e9rio do Trabalho e Previd\u00eancia, apontou que nos cinco primeiros meses de 2022 o n\u00famero de admiss\u00f5es em Arax\u00e1 foi maior que o de demiss\u00f5es. Ao todo, foram 7.587 pessoas que tiveram suas carteiras assinadas, contra 6.450 pessoas demitidas, totalizando um saldo positivo de 1.137 novos postos de trabalho que foram gerados.<br><br>O n\u00famero tamb\u00e9m \u00e9 favor\u00e1vel quando se compara os \u00faltimos 12 meses, quando foram contratados 16.461 trabalhadores, enquanto 14.311 foram demitidos, ou seja, foram 2.150 novos postos de trabalho criados.<br><br>O Sine Arax\u00e1 fica na Rua Dr. Franklin de Castro, n\u00ba 178, Centro &#8211; Telefones 3691-7046 e 3691-7049.<br><\/p>\n","protected":false},"excerpt":{"rendered":"<p>Se por um lado a pandemia se mostra cada vez mais perto do fim, por outro o aquecimento da economia<\/p>\n","protected":false},"author":2,"featured_media":1750,"comment_status":"open","ping_status":"open","sticky":false,"template":"","format":"standard","meta":{"footnotes":""},"categories":[9,8],"tags":[],"class_list":["post-1749","post","type-post","status-publish","format-standard","has-post-thumbnail","hentry","category-araxa","category-cidades"],"_links":{"self":[{"href":"http:\/\/blogdoarmindomaia.com.br\/index.php?rest_route=\/wp\/v2\/posts\/1749","targetHints":{"allow":["GET"]}}],"collection":[{"href":"http:\/\/blogdoarmindomaia.com.br\/index.php?rest_route=\/wp\/v2\/posts"}],"about":[{"href":"http:\/\/blogdoarmindomaia.com.br\/index.php?rest_route=\/wp\/v2\/types\/post"}],"author":[{"embeddable":true,"href":"http:\/\/blogdoarmindomaia.com.br\/index.php?rest_route=\/wp\/v2\/users\/2"}],"replies":[{"embeddable":true,"href":"http:\/\/blogdoarmindomaia.com.br\/index.php?rest_route=%2Fwp%2Fv2%2Fcomments&post=1749"}],"version-history":[{"count":1,"href":"http:\/\/blogdoarmindomaia.com.br\/index.php?rest_route=\/wp\/v2\/posts\/1749\/revisions"}],"predecessor-version":[{"id":1751,"href":"http:\/\/blogdoarmindomaia.com.br\/index.php?rest_route=\/wp\/v2\/posts\/1749\/revisions\/1751"}],"wp:featuredmedia":[{"embeddable":true,"href":"http:\/\/blogdoarmindomaia.com.br\/index.php?rest_route=\/wp\/v2\/media\/1750"}],"wp:attachment":[{"href":"http:\/\/blogdoarmindomaia.com.br\/index.php?rest_route=%2Fwp%2Fv2%2Fmedia&parent=1749"}],"wp:term":[{"taxonomy":"category","embeddable":true,"href":"http:\/\/blogdoarmindomaia.com.br\/index.php?rest_route=%2Fwp%2Fv2%2Fcategories&post=1749"},{"taxonomy":"post_tag","embeddable":true,"href":"http:\/\/blogdoarmindomaia.com.br\/index.php?rest_route=%2Fwp%2Fv2%2Ftags&post=1749"}],"curies":[{"name":"wp","href":"https:\/\/api.w.org\/{rel}","templated":true}]}}