{"id":1752,"date":"2022-07-06T16:17:32","date_gmt":"2022-07-06T19:17:32","guid":{"rendered":"http:\/\/blogdoarmindomaia.com.br\/?p=1752"},"modified":"2022-07-06T16:17:34","modified_gmt":"2022-07-06T19:17:34","slug":"noite-de-homenagens-marca-a-abertura-das-comemoracoes-dos-30-anos-da-escola-municipal-de-musica","status":"publish","type":"post","link":"http:\/\/blogdoarmindomaia.com.br\/?p=1752","title":{"rendered":"Noite de homenagens marca a abertura das comemora\u00e7\u00f5es dos 30 anos da Escola Municipal de M\u00fasica"},"content":{"rendered":"\n<figure class=\"wp-block-image size-full\"><img loading=\"lazy\" decoding=\"async\" width=\"1024\" height=\"683\" src=\"http:\/\/blogdoarmindomaia.com.br\/wp-content\/uploads\/2022\/07\/Escola-de-Musica-30-anos-9.jpeg\" alt=\"\" class=\"wp-image-1755\" srcset=\"http:\/\/blogdoarmindomaia.com.br\/wp-content\/uploads\/2022\/07\/Escola-de-Musica-30-anos-9.jpeg 1024w, http:\/\/blogdoarmindomaia.com.br\/wp-content\/uploads\/2022\/07\/Escola-de-Musica-30-anos-9-300x200.jpeg 300w, http:\/\/blogdoarmindomaia.com.br\/wp-content\/uploads\/2022\/07\/Escola-de-Musica-30-anos-9-768x512.jpeg 768w\" sizes=\"auto, (max-width: 1024px) 100vw, 1024px\" \/><\/figure>\n\n\n\n<figure class=\"wp-block-image size-full\"><img loading=\"lazy\" decoding=\"async\" width=\"1024\" height=\"683\" src=\"http:\/\/blogdoarmindomaia.com.br\/wp-content\/uploads\/2022\/07\/Noite-de-Himenagens-marca-as-comemoracoes-dos-30-anos-da-Escola-de-Musica-pag-12.jpeg\" alt=\"\" class=\"wp-image-1756\" srcset=\"http:\/\/blogdoarmindomaia.com.br\/wp-content\/uploads\/2022\/07\/Noite-de-Himenagens-marca-as-comemoracoes-dos-30-anos-da-Escola-de-Musica-pag-12.jpeg 1024w, http:\/\/blogdoarmindomaia.com.br\/wp-content\/uploads\/2022\/07\/Noite-de-Himenagens-marca-as-comemoracoes-dos-30-anos-da-Escola-de-Musica-pag-12-300x200.jpeg 300w, http:\/\/blogdoarmindomaia.com.br\/wp-content\/uploads\/2022\/07\/Noite-de-Himenagens-marca-as-comemoracoes-dos-30-anos-da-Escola-de-Musica-pag-12-768x512.jpeg 768w\" sizes=\"auto, (max-width: 1024px) 100vw, 1024px\" \/><\/figure>\n\n\n\n<figure class=\"wp-block-image size-full\"><img loading=\"lazy\" decoding=\"async\" width=\"1024\" height=\"683\" src=\"http:\/\/blogdoarmindomaia.com.br\/wp-content\/uploads\/2022\/07\/Escola-de-Musica-30-anos-5.jpeg\" alt=\"\" class=\"wp-image-1754\" srcset=\"http:\/\/blogdoarmindomaia.com.br\/wp-content\/uploads\/2022\/07\/Escola-de-Musica-30-anos-5.jpeg 1024w, http:\/\/blogdoarmindomaia.com.br\/wp-content\/uploads\/2022\/07\/Escola-de-Musica-30-anos-5-300x200.jpeg 300w, http:\/\/blogdoarmindomaia.com.br\/wp-content\/uploads\/2022\/07\/Escola-de-Musica-30-anos-5-768x512.jpeg 768w\" sizes=\"auto, (max-width: 1024px) 100vw, 1024px\" \/><\/figure>\n\n\n\n<figure class=\"wp-block-image size-full\"><img loading=\"lazy\" decoding=\"async\" width=\"1024\" height=\"683\" src=\"http:\/\/blogdoarmindomaia.com.br\/wp-content\/uploads\/2022\/07\/Escola-de-Musica-30-anos-6.jpeg\" alt=\"\" class=\"wp-image-1753\" srcset=\"http:\/\/blogdoarmindomaia.com.br\/wp-content\/uploads\/2022\/07\/Escola-de-Musica-30-anos-6.jpeg 1024w, http:\/\/blogdoarmindomaia.com.br\/wp-content\/uploads\/2022\/07\/Escola-de-Musica-30-anos-6-300x200.jpeg 300w, http:\/\/blogdoarmindomaia.com.br\/wp-content\/uploads\/2022\/07\/Escola-de-Musica-30-anos-6-768x512.jpeg 768w\" sizes=\"auto, (max-width: 1024px) 100vw, 1024px\" \/><\/figure>\n\n\n\n<p>Uma noite de celebra\u00e7\u00e3o, com a presen\u00e7a de pessoas importantes nos 30 anos da Escola Municipal de M\u00fasica Maestro Elias Porf\u00edrio de Azevedo, marcou a abertura das comemora\u00e7\u00f5es do anivers\u00e1rio da institui\u00e7\u00e3o, no Teatro Municipal Maximiliano Rocha, nesta segunda-feira (27).<br><br>Na oportunidade, foram homenageadas 110 pessoas, entre ex-presidentes da Funda\u00e7\u00e3o Cultural Calmon Barreto (FCCB), ex-diretores da Escola de M\u00fasica; professores, funcion\u00e1rios de apoio, representantes de grupos musicais criados na institui\u00e7\u00e3o e demais convidados. Homenagens p\u00f3stumas tamb\u00e9m foram conferidas a familiares.<br><br>Um dos grandes momentos da noite foi celebrado pela can\u00e7\u00e3o \u2018Amigos para Sempre\u2019, interpretada por professores da institui\u00e7\u00e3o. A primeira diretora da Escola de M\u00fasica, Maria Tereza Romagnoli Rios, destacou a import\u00e2ncia da data.<br><br>\u201cFoi uma noite de muita emo\u00e7\u00e3o, de intera\u00e7\u00e3o entre gera\u00e7\u00f5es, onde tivemos a oportunidade de partilh\u00e1-la com pessoas que est\u00e3o h\u00e1 30 anos conosco. O que se viu foi o envolvimento amigo que h\u00e1 entre os componentes. Todo mundo ficou feliz de encontrar com os colegas, de abra\u00e7ar. Formamos uma fam\u00edlia. Me sinto muito feliz e gratificada por ter participado desta hist\u00f3ria\u201d, diz Maria Tereza.<br><br>A presidente da FCCB, Cynthia Ver\u00e7osa, reitera que a cerim\u00f4nia cumpriu o seu objetivo de destacar trajet\u00f3rias de aprendizados e conquistas. \u201cDevemos a muita gente tudo o que foi feito nessas tr\u00eas d\u00e9cadas. Foi um momento de valorizar o que foi feito e de colocar em pr\u00e1tica o que estamos fazendo no presente. A Escola de M\u00fasica hoje conta com 600 alunos, e vamos continuar com excel\u00eancia este trabalho\u201d, ressaltou.<br><br>Participaram ainda do momento, os alunos do projeto Canto Coral Titina Rosa, a Orquestra Popular de Arax\u00e1, e autoridades de v\u00e1rios segmentos de cidade.<br><br>E a programa\u00e7\u00e3o foi encerrada no dia 30 de junho.<\/p>\n","protected":false},"excerpt":{"rendered":"<p>Uma noite de celebra\u00e7\u00e3o, com a presen\u00e7a de pessoas importantes nos 30 anos da Escola Municipal de M\u00fasica Maestro Elias<\/p>\n","protected":false},"author":2,"featured_media":1755,"comment_status":"open","ping_status":"open","sticky":false,"template":"","format":"standard","meta":{"footnotes":""},"categories":[9,11],"tags":[],"class_list":["post-1752","post","type-post","status-publish","format-standard","has-post-thumbnail","hentry","category-araxa","category-destaques"],"_links":{"self":[{"href":"http:\/\/blogdoarmindomaia.com.br\/index.php?rest_route=\/wp\/v2\/posts\/1752","targetHints":{"allow":["GET"]}}],"collection":[{"href":"http:\/\/blogdoarmindomaia.com.br\/index.php?rest_route=\/wp\/v2\/posts"}],"about":[{"href":"http:\/\/blogdoarmindomaia.com.br\/index.php?rest_route=\/wp\/v2\/types\/post"}],"author":[{"embeddable":true,"href":"http:\/\/blogdoarmindomaia.com.br\/index.php?rest_route=\/wp\/v2\/users\/2"}],"replies":[{"embeddable":true,"href":"http:\/\/blogdoarmindomaia.com.br\/index.php?rest_route=%2Fwp%2Fv2%2Fcomments&post=1752"}],"version-history":[{"count":1,"href":"http:\/\/blogdoarmindomaia.com.br\/index.php?rest_route=\/wp\/v2\/posts\/1752\/revisions"}],"predecessor-version":[{"id":1757,"href":"http:\/\/blogdoarmindomaia.com.br\/index.php?rest_route=\/wp\/v2\/posts\/1752\/revisions\/1757"}],"wp:featuredmedia":[{"embeddable":true,"href":"http:\/\/blogdoarmindomaia.com.br\/index.php?rest_route=\/wp\/v2\/media\/1755"}],"wp:attachment":[{"href":"http:\/\/blogdoarmindomaia.com.br\/index.php?rest_route=%2Fwp%2Fv2%2Fmedia&parent=1752"}],"wp:term":[{"taxonomy":"category","embeddable":true,"href":"http:\/\/blogdoarmindomaia.com.br\/index.php?rest_route=%2Fwp%2Fv2%2Fcategories&post=1752"},{"taxonomy":"post_tag","embeddable":true,"href":"http:\/\/blogdoarmindomaia.com.br\/index.php?rest_route=%2Fwp%2Fv2%2Ftags&post=1752"}],"curies":[{"name":"wp","href":"https:\/\/api.w.org\/{rel}","templated":true}]}}