{"id":1771,"date":"2022-07-07T15:26:37","date_gmt":"2022-07-07T18:26:37","guid":{"rendered":"http:\/\/blogdoarmindomaia.com.br\/?p=1771"},"modified":"2022-07-07T15:26:39","modified_gmt":"2022-07-07T18:26:39","slug":"vem-ai-o-arraia-julino-equoterapia-animacao-e-solidariedade","status":"publish","type":"post","link":"http:\/\/blogdoarmindomaia.com.br\/?p=1771","title":{"rendered":"<strong>Vem a\u00ed o Arrai\u00e1 Julino Equoterapia: anima\u00e7\u00e3o e solidariedade<\/strong><em><\/em>"},"content":{"rendered":"\n<figure class=\"wp-block-image size-full\"><img loading=\"lazy\" decoding=\"async\" width=\"760\" height=\"440\" src=\"http:\/\/blogdoarmindomaia.com.br\/wp-content\/uploads\/2022\/07\/Vem-ai-o-Arraia-Julino-Equoterapia-animacao-e-solidariedade-pag-06.jpg\" alt=\"\" class=\"wp-image-1772\" srcset=\"http:\/\/blogdoarmindomaia.com.br\/wp-content\/uploads\/2022\/07\/Vem-ai-o-Arraia-Julino-Equoterapia-animacao-e-solidariedade-pag-06.jpg 760w, http:\/\/blogdoarmindomaia.com.br\/wp-content\/uploads\/2022\/07\/Vem-ai-o-Arraia-Julino-Equoterapia-animacao-e-solidariedade-pag-06-300x174.jpg 300w\" sizes=\"auto, (max-width: 760px) 100vw, 760px\" \/><\/figure>\n\n\n\n<p>Nos pr\u00f3ximos dias 15 e 16 de julho a festa est\u00e1 garantida na sede da Equoterapia Prosseguir (R. Benedita Maria de Jesus, 500 &#8211; Solaris). \u00c9 o Arrai\u00e1 Julino Equoterapia que promete muita anima\u00e7\u00e3o e que tamb\u00e9m ajuda a manter os trabalhos da Associa\u00e7\u00e3o Equoterapia Prosseguir de Arax\u00e1. \u201cHoje atendemos 100 crian\u00e7as e adolescentes. Todo atendimento \u00e9 gratuito para as fam\u00edlias e, por isso, precisamos sempre da ajuda da comunidade no apoio a causas como o Arrai\u00e1, que garante para n\u00f3s uma renda muito importante\u201d, ressalta M\u00e1rio C\u00e9sar Alves, presidente da Associa\u00e7\u00e3o. O Arrai\u00e1 \u00e9 uma realiza\u00e7\u00e3o da Comitiva 100% Rural, com o apoio de dezenas de empres\u00e1rios que est\u00e3o patrocinando o evento e da TV Integra\u00e7\u00e3o. O p\u00fablico encontrar\u00e1 um ambiente animado, com decora\u00e7\u00e3o t\u00edpica, barracas de comidas juninas, \u00e1rea kids e muita m\u00fasica boa. Entre as atra\u00e7\u00f5es, a banda 100% Caipira e convidados e Mosquito, sanfoneiro do Programa do Ratinho que tamb\u00e9m trar\u00e1 participa\u00e7\u00f5es especiais no seu show. &nbsp;A venda de ingressos j\u00e1 come\u00e7ou pelo telefone (34) 99717-2534 e, presencialmente, na sede da Associa\u00e7\u00e3o e na PetPrime <em>(veja endere\u00e7os abaixo)<\/em>. O valor do primeiro lote \u00e9 de R$ 20 e os ingressos s\u00e3o limitados.<\/p>\n\n\n\n<p>A Associa\u00e7\u00e3o de Equoterapia Prosseguir de Arax\u00e1 (Assepa) foi fundada no dia dezenove de janeiro de 2008. \u00c9 uma institui\u00e7\u00e3o sem fins lucrativos que desenvolve programas terap\u00eauticos, educacionais e esportivos utilizando o cavalo no intuito de conseguir desenvolvimento biopsicossocial de pessoas com necessidades especiais, bem como para indiv\u00edduos que busquem maior crescimento f\u00edsico e emocional, atrav\u00e9s desta forma terap\u00eautica. Hoje a associa\u00e7\u00e3o atende 100 crian\u00e7as e adolescentes, muitas com T.E.A (Transtorno do Espectro Autista), encefalopatia n\u00e3o progressiva (paralisia cerebral), s\u00edndrome de Down, T.D.A.H (Transtorno de D\u00e9ficit de Aten\u00e7\u00e3o e Hiperatividade); entre outros. Estes atendimentos s\u00e3o custeados pelo Fundo Municipal dos Direitos das Crian\u00e7as e Adolescentes, mas a institui\u00e7\u00e3o precisa sempre de parcerias e doa\u00e7\u00f5es, como tamb\u00e9m de realizar eventos com a finalidade de levantar recursos para manuten\u00e7\u00e3o di\u00e1ria dos animais e estrutura f\u00edsica.<\/p>\n\n\n\n<p>Fundada em 2006, a Comitiva&nbsp;100%&nbsp;Rural foi formada inicialmente por 8 amigos. Hoje conta com dezenas de integrantes. Tem como objetivo recordar o transporte das boiadas, reviver os costumes dos antepassados, resgatar as tradi\u00e7\u00f5es rurais e valorizar as manifesta\u00e7\u00f5es culturais do homem do campo, como as modas de viola, a folia de reis, festas de S\u00e3o Jo\u00e3o e as comidas t\u00edpicas.<\/p>\n\n\n\n<p>Al\u00e9m da importante confraterniza\u00e7\u00e3o entre as fam\u00edlias, tem como foco de suas a\u00e7\u00f5es a solidariedade, por isso, est\u00e1 sempre engajada em causas sociais e participa de uma s\u00e9rie de eventos que ajudam institui\u00e7\u00f5es de Arax\u00e1 e da regi\u00e3o, como a Associa\u00e7\u00e3o de Equoterapia Prosseguir.<\/p>\n","protected":false},"excerpt":{"rendered":"<p>Nos pr\u00f3ximos dias 15 e 16 de julho a festa est\u00e1 garantida na sede da Equoterapia Prosseguir (R. Benedita Maria<\/p>\n","protected":false},"author":2,"featured_media":1772,"comment_status":"open","ping_status":"open","sticky":false,"template":"","format":"standard","meta":{"footnotes":""},"categories":[9,5],"tags":[],"class_list":["post-1771","post","type-post","status-publish","format-standard","has-post-thumbnail","hentry","category-araxa","category-arte-e-cultura"],"_links":{"self":[{"href":"http:\/\/blogdoarmindomaia.com.br\/index.php?rest_route=\/wp\/v2\/posts\/1771","targetHints":{"allow":["GET"]}}],"collection":[{"href":"http:\/\/blogdoarmindomaia.com.br\/index.php?rest_route=\/wp\/v2\/posts"}],"about":[{"href":"http:\/\/blogdoarmindomaia.com.br\/index.php?rest_route=\/wp\/v2\/types\/post"}],"author":[{"embeddable":true,"href":"http:\/\/blogdoarmindomaia.com.br\/index.php?rest_route=\/wp\/v2\/users\/2"}],"replies":[{"embeddable":true,"href":"http:\/\/blogdoarmindomaia.com.br\/index.php?rest_route=%2Fwp%2Fv2%2Fcomments&post=1771"}],"version-history":[{"count":1,"href":"http:\/\/blogdoarmindomaia.com.br\/index.php?rest_route=\/wp\/v2\/posts\/1771\/revisions"}],"predecessor-version":[{"id":1773,"href":"http:\/\/blogdoarmindomaia.com.br\/index.php?rest_route=\/wp\/v2\/posts\/1771\/revisions\/1773"}],"wp:featuredmedia":[{"embeddable":true,"href":"http:\/\/blogdoarmindomaia.com.br\/index.php?rest_route=\/wp\/v2\/media\/1772"}],"wp:attachment":[{"href":"http:\/\/blogdoarmindomaia.com.br\/index.php?rest_route=%2Fwp%2Fv2%2Fmedia&parent=1771"}],"wp:term":[{"taxonomy":"category","embeddable":true,"href":"http:\/\/blogdoarmindomaia.com.br\/index.php?rest_route=%2Fwp%2Fv2%2Fcategories&post=1771"},{"taxonomy":"post_tag","embeddable":true,"href":"http:\/\/blogdoarmindomaia.com.br\/index.php?rest_route=%2Fwp%2Fv2%2Ftags&post=1771"}],"curies":[{"name":"wp","href":"https:\/\/api.w.org\/{rel}","templated":true}]}}