{"id":1777,"date":"2022-07-07T15:34:59","date_gmt":"2022-07-07T18:34:59","guid":{"rendered":"http:\/\/blogdoarmindomaia.com.br\/?p=1777"},"modified":"2022-07-07T15:35:02","modified_gmt":"2022-07-07T18:35:02","slug":"confira-a-programacao-completa-do-encontro-de-carros-antigos-de-araxa","status":"publish","type":"post","link":"http:\/\/blogdoarmindomaia.com.br\/?p=1777","title":{"rendered":"Confira a programa\u00e7\u00e3o completa do Encontro de Carros Antigos de Arax\u00e1"},"content":{"rendered":"\n<figure class=\"wp-block-image size-large\"><img loading=\"lazy\" decoding=\"async\" width=\"1024\" height=\"683\" src=\"http:\/\/blogdoarmindomaia.com.br\/wp-content\/uploads\/2022\/07\/Confira-a-programacao-do-Encontro-de-Carros-Antigos-de-Araxa-pag-06-1024x683.jpg\" alt=\"\" class=\"wp-image-1779\" srcset=\"http:\/\/blogdoarmindomaia.com.br\/wp-content\/uploads\/2022\/07\/Confira-a-programacao-do-Encontro-de-Carros-Antigos-de-Araxa-pag-06-1024x683.jpg 1024w, http:\/\/blogdoarmindomaia.com.br\/wp-content\/uploads\/2022\/07\/Confira-a-programacao-do-Encontro-de-Carros-Antigos-de-Araxa-pag-06-300x200.jpg 300w, http:\/\/blogdoarmindomaia.com.br\/wp-content\/uploads\/2022\/07\/Confira-a-programacao-do-Encontro-de-Carros-Antigos-de-Araxa-pag-06-768x512.jpg 768w, http:\/\/blogdoarmindomaia.com.br\/wp-content\/uploads\/2022\/07\/Confira-a-programacao-do-Encontro-de-Carros-Antigos-de-Araxa-pag-06-1536x1024.jpg 1536w, http:\/\/blogdoarmindomaia.com.br\/wp-content\/uploads\/2022\/07\/Confira-a-programacao-do-Encontro-de-Carros-Antigos-de-Araxa-pag-06-2048x1365.jpg 2048w\" sizes=\"auto, (max-width: 1024px) 100vw, 1024px\" \/><\/figure>\n\n\n\n<figure class=\"wp-block-image size-large\"><img loading=\"lazy\" decoding=\"async\" width=\"1024\" height=\"683\" src=\"http:\/\/blogdoarmindomaia.com.br\/wp-content\/uploads\/2022\/07\/brazil_classics-2-1024x683.jpg\" alt=\"\" class=\"wp-image-1778\" srcset=\"http:\/\/blogdoarmindomaia.com.br\/wp-content\/uploads\/2022\/07\/brazil_classics-2-1024x683.jpg 1024w, http:\/\/blogdoarmindomaia.com.br\/wp-content\/uploads\/2022\/07\/brazil_classics-2-300x200.jpg 300w, http:\/\/blogdoarmindomaia.com.br\/wp-content\/uploads\/2022\/07\/brazil_classics-2-768x512.jpg 768w, http:\/\/blogdoarmindomaia.com.br\/wp-content\/uploads\/2022\/07\/brazil_classics-2-1536x1024.jpg 1536w, http:\/\/blogdoarmindomaia.com.br\/wp-content\/uploads\/2022\/07\/brazil_classics-2-2048x1365.jpg 2048w\" sizes=\"auto, (max-width: 1024px) 100vw, 1024px\" \/><\/figure>\n\n\n\n<p>O Encontro Nacional de Carros Antigos em Arax\u00e1 &#8211; <strong>Brazil Classics Kia Show 2022<\/strong>, uma realiza\u00e7\u00e3o do Veteran Car \u2013 MG, com o patroc\u00ednio m\u00e1ster da Kia e apoio da Prefeitura Municipal de Arax\u00e1 ter\u00e1 nesta edi\u00e7\u00e3o uma extensa programa\u00e7\u00e3o cultural. As atividades ser\u00e3o realizadas por meio da Lei de Incentivo \u00e0 Cultura, entre os dias 28 e 30 de julho. Em entrevista, o presidente do Veteran Car &#8211; MG, Oswaldo Borges da Costa Filho, adianta as novidades e conta detalhes sobre um dos principais encontros do antigomobilismo na Am\u00e9rica Latina.<\/p>\n\n\n\n<p><strong>Neste ano o Brazil Classics Kia Show ter\u00e1 uma programa\u00e7\u00e3o cultural com uma s\u00e9rie de atra\u00e7\u00f5es. O que podemos esperar?<\/strong><\/p>\n\n\n\n<p>Ser\u00e1 a segunda vez que teremos uma programa\u00e7\u00e3o cultural realizada por meio da Lei de Incentivo \u00e0 Cultura. Mesmo antes do evento come\u00e7ar, tr\u00eas escolas p\u00fablicas locais ser\u00e3o contempladas com a visita de um especialista em patrim\u00f4nio cultural que far\u00e1 uma palestra aos alunos e professores. Durante o Brazil Classics haver\u00e1 uma exposi\u00e7\u00e3o fotogr\u00e1fica incr\u00edvel, interven\u00e7\u00f5es c\u00eanicas, mostra de dan\u00e7a e pe\u00e7as teatrais. A m\u00fasica, l\u00f3gico, tamb\u00e9m n\u00e3o poderia ficar de fora. Preparamos uma programa\u00e7\u00e3o diversificada, com muitos estilos e o melhor da m\u00fasica instrumental local e nacional. Destaco as apresenta\u00e7\u00f5es de Tulio Araujo e de Victor Biglione. Incr\u00edveis!<\/p>\n\n\n\n<p><strong>O pr\u00f3prio carro antigo \u00e9 um bem cultural&#8230;<\/strong><\/p>\n\n\n\n<p>No mundo todo o autom\u00f3vel antigo \u00e9 visto como um bem cultural. No Brasil tamb\u00e9m j\u00e1 estamos tendo essa vis\u00e3o das pr\u00f3prias autoridades, inclusive quando criaram a placa preta, a isen\u00e7\u00e3o de impostos, ou seja, \u00e9 um bem que se quer preservar porque o carro antigo faz parte da hist\u00f3ria de vida de muitas pessoas e tamb\u00e9m conta a hist\u00f3ria do pa\u00eds.<\/p>\n\n\n\n<p><strong>O que diferencia o encontro em Arax\u00e1 dos demais?<\/strong><\/p>\n\n\n\n<p>O Encontro Nacional de Carros Antigos \u00e9 realizado h\u00e1 40 anos, mais que uma tradi\u00e7\u00e3o em Arax\u00e1. N\u00e3o poderia ter escolha melhor. A cidade oferece um cen\u00e1rio prop\u00edcio a um evento de carros antigos, veja a infraestrutura, a pavimenta\u00e7\u00e3o do Grande Hotel, o clima, as condi\u00e7\u00f5es s\u00e3o perfeitas para a exposi\u00e7\u00e3o dos ve\u00edculos. O Veteran Car &#8211; MG tem como foco principal manter a qualidade do evento. Tem eventos de carros antigos no Brasil todos dias, todos fins de semana, mas Arax\u00e1 se posicionou exatamente por tudo citado acima e tamb\u00e9m pela hospitalidade e apoio da Prefeitura de Arax\u00e1.<\/p>\n\n\n\n<p><strong>Neste ano voc\u00eas selecionaram 250 carros para o Brazil Classics Kia Show. A sele\u00e7\u00e3o \u00e9 outro diferencial?<\/strong><\/p>\n\n\n\n<p>Sim. O foco principal \u00e9 a obsess\u00e3o pela qualidade. O encontro \u00e9 de uma representatividade tamanha, tem carros de todos os tipos e gostos. Ter um carro antigo vai al\u00e9m de valor de mercado, cada um tem sua personalidade, sua hist\u00f3ria e isso o encontro traz. O evento acontece a cada dois anos para trazer novidades. Tem carros que s\u00e3o restaurados que esse trabalho demora anos \u00e9 como restaurar uma Igreja, tem toda uma hist\u00f3ria, preserva\u00e7\u00e3o e muita qualidade.<\/p>\n\n\n\n<p><strong>Para quem participa, por que \u00e9 t\u00e3o importante estar em Arax\u00e1?<\/strong><\/p>\n\n\n\n<p>O Encontro Nacional de Carros Antigos de Arax\u00e1 \u00e9 conhecido no meio do antigomobilismo no mundo inteiro e principalmente no Brasil. Virou refer\u00eancia, pode-se dizer uma grife de autom\u00f3veis antigos. S\u00f3 para se ter uma ideia, o carro premiado em Arax\u00e1, ele tem um valor diferenciado no mercado, o curr\u00edculo muda de patamar.<\/p>\n\n\n\n<p><strong>Al\u00e9m da premia\u00e7\u00e3o, a paix\u00e3o desses colecionadores por seus carros \u00e9 muito grande&#8230;<\/strong><\/p>\n\n\n\n<p>Sim. A paix\u00e3o dos colecionadores \u00e9 o aspecto afetivo, o valor n\u00e3o \u00e9 o mais importante. Normalmente o antigomobilista compra um carro que n\u00e3o p\u00f4de ter quando era mais novo, ou que era igual ao do pai ou do av\u00f4, tem muitas hist\u00f3rias na vida de um colecionador. O n\u00famero de colecionadores, ali\u00e1s, n\u00e3o para de crescer e ficamos muito felizes por isso.<\/p>\n\n\n\n<p><strong><u>Servi\u00e7o:<\/u><\/strong><\/p>\n\n\n\n<p><strong><em>Brazil Classics Kia Show 2022<\/em><\/strong><\/p>\n\n\n\n<p><strong>Data: <\/strong>28 e 31 de julho<\/p>\n\n\n\n<p><strong>Local: <\/strong>Grande Hotel \/ Arax\u00e1 &#8211; MG<\/p>\n\n\n\n<p><strong>Informa\u00e7\u00f5es e programa\u00e7\u00e3o:<\/strong><\/p>\n\n\n\n<figure class=\"wp-block-embed\"><div class=\"wp-block-embed__wrapper\">\nhttps:\/\/www.brazilclassics.com.br\/\n<\/div><\/figure>\n","protected":false},"excerpt":{"rendered":"<p>O Encontro Nacional de Carros Antigos em Arax\u00e1 &#8211; Brazil Classics Kia Show 2022, uma realiza\u00e7\u00e3o do Veteran Car \u2013<\/p>\n","protected":false},"author":2,"featured_media":1779,"comment_status":"open","ping_status":"open","sticky":false,"template":"","format":"standard","meta":{"footnotes":""},"categories":[9,8,11],"tags":[],"class_list":["post-1777","post","type-post","status-publish","format-standard","has-post-thumbnail","hentry","category-araxa","category-cidades","category-destaques"],"_links":{"self":[{"href":"http:\/\/blogdoarmindomaia.com.br\/index.php?rest_route=\/wp\/v2\/posts\/1777","targetHints":{"allow":["GET"]}}],"collection":[{"href":"http:\/\/blogdoarmindomaia.com.br\/index.php?rest_route=\/wp\/v2\/posts"}],"about":[{"href":"http:\/\/blogdoarmindomaia.com.br\/index.php?rest_route=\/wp\/v2\/types\/post"}],"author":[{"embeddable":true,"href":"http:\/\/blogdoarmindomaia.com.br\/index.php?rest_route=\/wp\/v2\/users\/2"}],"replies":[{"embeddable":true,"href":"http:\/\/blogdoarmindomaia.com.br\/index.php?rest_route=%2Fwp%2Fv2%2Fcomments&post=1777"}],"version-history":[{"count":1,"href":"http:\/\/blogdoarmindomaia.com.br\/index.php?rest_route=\/wp\/v2\/posts\/1777\/revisions"}],"predecessor-version":[{"id":1780,"href":"http:\/\/blogdoarmindomaia.com.br\/index.php?rest_route=\/wp\/v2\/posts\/1777\/revisions\/1780"}],"wp:featuredmedia":[{"embeddable":true,"href":"http:\/\/blogdoarmindomaia.com.br\/index.php?rest_route=\/wp\/v2\/media\/1779"}],"wp:attachment":[{"href":"http:\/\/blogdoarmindomaia.com.br\/index.php?rest_route=%2Fwp%2Fv2%2Fmedia&parent=1777"}],"wp:term":[{"taxonomy":"category","embeddable":true,"href":"http:\/\/blogdoarmindomaia.com.br\/index.php?rest_route=%2Fwp%2Fv2%2Fcategories&post=1777"},{"taxonomy":"post_tag","embeddable":true,"href":"http:\/\/blogdoarmindomaia.com.br\/index.php?rest_route=%2Fwp%2Fv2%2Ftags&post=1777"}],"curies":[{"name":"wp","href":"https:\/\/api.w.org\/{rel}","templated":true}]}}