{"id":1795,"date":"2022-07-09T01:08:45","date_gmt":"2022-07-09T04:08:45","guid":{"rendered":"http:\/\/blogdoarmindomaia.com.br\/?p=1795"},"modified":"2022-07-09T01:08:48","modified_gmt":"2022-07-09T04:08:48","slug":"coluna-do-luis-borges-6","status":"publish","type":"post","link":"http:\/\/blogdoarmindomaia.com.br\/?p=1795","title":{"rendered":"Coluna do Luis Borges"},"content":{"rendered":"\n<h1 class=\"wp-block-heading\">A gest\u00e3o da manuten\u00e7\u00e3o deveria ser priorit\u00e1ria<\/h1>\n\n\n\n<p>&nbsp;por&nbsp;<a href=\"http:\/\/observacaoeanalise.com.br\/author\/observa\/\" target=\"_blank\" rel=\"noreferrer noopener\">Luis Borges<\/a>&nbsp;,&nbsp;&nbsp;6 de julho de 2022&nbsp;&nbsp;<a href=\"http:\/\/observacaoeanalise.com.br\/root\/?cat=8\" target=\"_blank\" rel=\"noreferrer noopener\">Pensata<\/a><\/p>\n\n\n\n<hr class=\"wp-block-separator has-alpha-channel-opacity\"\/>\n\n\n\n<figure class=\"wp-block-image size-full is-style-default\"><img loading=\"lazy\" decoding=\"async\" width=\"203\" height=\"219\" src=\"http:\/\/blogdoarmindomaia.com.br\/wp-content\/uploads\/2022\/07\/Luis-Borges.jpg\" alt=\"\" class=\"wp-image-1796\"\/><\/figure>\n\n\n\n<p>No in\u00edcio da noite de 27 de junho, uma segunda-feira, aconteceu um inc\u00eandio no quarto 61 do d\u00e9cimo andar do hospital da Santa Casa em Belo Horizonte. Segundo o portal G1, o fogo foi causado por um vazamento de oxig\u00eanio atrelado \u00e0 pane de um equipamento. No andar existem 50 leitos do Centro de Tratamento Intensivo-CTI e naquele momento 931 pessoas estavam internadas no hospital, que teve de ser evacuado. Foram confirmadas as mortes de duas pessoas no translado.<\/p>\n\n\n\n<p><a href=\"https:\/\/g1.globo.com\/mg\/minas-gerais\/noticia\/2022\/06\/29\/veja-imagens-dos-estragos-causados-por-incendio-na-santa-casa-de-belo-horizonte.ghtml\" rel=\"noreferrer noopener\" target=\"_blank\"><\/a><\/p>\n\n\n\n<p>Santa Casa\/Divulga\u00e7\u00e3o<\/p>\n\n\n\n<p>Quando surgem problemas desse e de outros tipos que tem grande repercuss\u00e3o na m\u00eddia a pergunta imediata \u00e9 sempre a mesma, ou seja, quais as causas do inc\u00eandio. Em menor escala surgem os ca\u00e7adores de culpados de qualquer natureza e tamb\u00e9m alguns propondo solu\u00e7\u00f5es para que o fato n\u00e3o se repita.<\/p>\n\n\n\n<p>&nbsp;Mas que li\u00e7\u00f5es podemos tirar e pontuar para que todos possam conhecer, compreender e se conscientizar da import\u00e2ncia da gest\u00e3o da manuten\u00e7\u00e3o para coloc\u00e1-la em pr\u00e1tica. Isso vale para as pessoas f\u00edsicas e jur\u00eddicas nos setores p\u00fablicos e privados.<\/p>\n\n\n\n<p>\u00c9 importante lembrar que Sistema \u00e9 um conjunto de partes interligadas que por sua vez possuem in\u00fameros processos, conjunto de causas que provoca um ou mais efeitos. Quando o resultado de um processo \u00e9 ruim, indesej\u00e1vel nos deparamos com um problema, mas que precisa ser resolvido, jamais ignorado, negado ou justificado com desculpas. Gerenciar \u00e9 resolver problemas com uma vis\u00e3o sist\u00eamica.<\/p>\n\n\n\n<p>A nossa reflex\u00e3o aqui deve partir da premissa de que tudo come\u00e7a com a gente e com o nosso querer nos ambientes em que atuamos devidamente comprometidos. Mas quais tem sido as nossas atitudes perante a necess\u00e1ria e priorit\u00e1ria gest\u00e3o da manuten\u00e7\u00e3o? Podemos come\u00e7ar, por exemplo com a gest\u00e3o da sa\u00fade individual nos diversos n\u00edveis de cuidados e descuidos que cada um tem, o que mostram os indicadores e os sintomas (sinais) dispon\u00edveis.<\/p>\n\n\n\n<p>Essencialmente a gest\u00e3o da manuten\u00e7\u00e3o poder\u00e1 ser corretiva \u2013 a mais cara \u2013 para remover as falhas, preventiva para evitar que as falhas ocorram e preditiva para predizer que algo deve ser feito a partir da probabilidade de ocorrer uma falha em determinado componente ap\u00f3s certo tempo de uso (num avi\u00e3o, por exemplo). N\u00e3o d\u00e1 para esperar a exaust\u00e3o para depois agir.<\/p>\n\n\n\n<p>Racioc\u00ednio semelhante pode ser feito para a manuten\u00e7\u00e3o de nossas resid\u00eancias ao longo do seu tempo de uso. Daqui a 3 meses ter\u00e1 in\u00edcio o per\u00edodo chuvoso. Ser\u00e1 que os nossos telhados com as suas calhas ser\u00e3o revisados e limpos para evitar futuros entupimentos? Caso contr\u00e1rio a \u00e1gua das chuvas procurar\u00e1 caminhos alternativos para seu escoamento e poder\u00e1 pingar dentro da casa.<\/p>\n\n\n\n<p>Na mesma dire\u00e7\u00e3o e sentido podemos pensar sobre a quantas anda a gest\u00e3o da manuten\u00e7\u00e3o em tudo aquilo que est\u00e1 sob a responsabilidade dos munic\u00edpios, dos estados e da Uni\u00e3o. A sensa\u00e7\u00e3o que d\u00e1 \u00e9 de muita manuten\u00e7\u00e3o corretiva, mas isso precisava ser confirmado pelos dados constantes nos respectivos portais da transpar\u00eancia, pois afinal de contas, quem n\u00e3o mede, n\u00e3o gerencia e quem n\u00e3o controla tamb\u00e9m n\u00e3o gerencia.<\/p>\n\n\n\n<p>E se houver um inc\u00eandio no local de trabalho p\u00fablico ou privado de cada um de n\u00f3s, se o elevador emperrar com sua lota\u00e7\u00e3o m\u00e1xima no vig\u00e9simo andar de um pr\u00e9dio, se o motor do ve\u00edculo fundir no meio do viaduto ou se uma carreta perder o freio na decida de uma avenida, por exemplo, o que fazer? Ou apenas sentiremos falta da gest\u00e3o da manuten\u00e7\u00e3o?<\/p>\n\n\n\n<p>Como se v\u00ea gest\u00e3o \u00e9 o que todos precisam, inclusive a da manuten\u00e7\u00e3o, mas nem todos ainda sabem que precisam.<\/p>\n\n\n\n<p>Para ler a mat\u00e9ria do G1,&nbsp;<a href=\"https:\/\/g1.globo.com\/mg\/minas-gerais\/noticia\/2022\/06\/29\/veja-imagens-dos-estragos-causados-por-incendio-na-santa-casa-de-belo-horizonte.ghtml\" rel=\"noreferrer noopener\" target=\"_blank\">clique aqui<\/a>.<\/p>\n\n\n\n<p>&#8230;<\/p>\n","protected":false},"excerpt":{"rendered":"<p>A gest\u00e3o da manuten\u00e7\u00e3o deveria ser priorit\u00e1ria &nbsp;por&nbsp;Luis Borges&nbsp;,&nbsp;&nbsp;6 de julho de 2022&nbsp;&nbsp;Pensata No in\u00edcio da noite de 27 de<\/p>\n","protected":false},"author":2,"featured_media":1796,"comment_status":"open","ping_status":"open","sticky":false,"template":"","format":"standard","meta":{"footnotes":""},"categories":[9,23],"tags":[],"class_list":["post-1795","post","type-post","status-publish","format-standard","has-post-thumbnail","hentry","category-araxa","category-opiniao"],"_links":{"self":[{"href":"http:\/\/blogdoarmindomaia.com.br\/index.php?rest_route=\/wp\/v2\/posts\/1795","targetHints":{"allow":["GET"]}}],"collection":[{"href":"http:\/\/blogdoarmindomaia.com.br\/index.php?rest_route=\/wp\/v2\/posts"}],"about":[{"href":"http:\/\/blogdoarmindomaia.com.br\/index.php?rest_route=\/wp\/v2\/types\/post"}],"author":[{"embeddable":true,"href":"http:\/\/blogdoarmindomaia.com.br\/index.php?rest_route=\/wp\/v2\/users\/2"}],"replies":[{"embeddable":true,"href":"http:\/\/blogdoarmindomaia.com.br\/index.php?rest_route=%2Fwp%2Fv2%2Fcomments&post=1795"}],"version-history":[{"count":1,"href":"http:\/\/blogdoarmindomaia.com.br\/index.php?rest_route=\/wp\/v2\/posts\/1795\/revisions"}],"predecessor-version":[{"id":1797,"href":"http:\/\/blogdoarmindomaia.com.br\/index.php?rest_route=\/wp\/v2\/posts\/1795\/revisions\/1797"}],"wp:featuredmedia":[{"embeddable":true,"href":"http:\/\/blogdoarmindomaia.com.br\/index.php?rest_route=\/wp\/v2\/media\/1796"}],"wp:attachment":[{"href":"http:\/\/blogdoarmindomaia.com.br\/index.php?rest_route=%2Fwp%2Fv2%2Fmedia&parent=1795"}],"wp:term":[{"taxonomy":"category","embeddable":true,"href":"http:\/\/blogdoarmindomaia.com.br\/index.php?rest_route=%2Fwp%2Fv2%2Fcategories&post=1795"},{"taxonomy":"post_tag","embeddable":true,"href":"http:\/\/blogdoarmindomaia.com.br\/index.php?rest_route=%2Fwp%2Fv2%2Ftags&post=1795"}],"curies":[{"name":"wp","href":"https:\/\/api.w.org\/{rel}","templated":true}]}}