{"id":1815,"date":"2022-07-11T14:21:17","date_gmt":"2022-07-11T17:21:17","guid":{"rendered":"http:\/\/blogdoarmindomaia.com.br\/?p=1815"},"modified":"2022-07-11T14:22:04","modified_gmt":"2022-07-11T17:22:04","slug":"exposicao-fotografica-conta-a-historia-do-maior-encontro-do-antigomobilismo-no-pais","status":"publish","type":"post","link":"http:\/\/blogdoarmindomaia.com.br\/?p=1815","title":{"rendered":"Exposi\u00e7\u00e3o fotogr\u00e1fica conta a hist\u00f3ria do maior encontro do antigomobilismo no pa\u00eds"},"content":{"rendered":"\n<figure class=\"wp-block-image size-large\"><img loading=\"lazy\" decoding=\"async\" width=\"1024\" height=\"683\" src=\"http:\/\/blogdoarmindomaia.com.br\/wp-content\/uploads\/2022\/07\/IMG_5898-1024x683.jpg\" alt=\"\" class=\"wp-image-1817\" srcset=\"http:\/\/blogdoarmindomaia.com.br\/wp-content\/uploads\/2022\/07\/IMG_5898-1024x683.jpg 1024w, http:\/\/blogdoarmindomaia.com.br\/wp-content\/uploads\/2022\/07\/IMG_5898-300x200.jpg 300w, http:\/\/blogdoarmindomaia.com.br\/wp-content\/uploads\/2022\/07\/IMG_5898-768x512.jpg 768w, http:\/\/blogdoarmindomaia.com.br\/wp-content\/uploads\/2022\/07\/IMG_5898-1536x1024.jpg 1536w, http:\/\/blogdoarmindomaia.com.br\/wp-content\/uploads\/2022\/07\/IMG_5898-2048x1365.jpg 2048w\" sizes=\"auto, (max-width: 1024px) 100vw, 1024px\" \/><\/figure>\n\n\n\n<p>Considerado um dos tr\u00eas mais relevantes eventos do antigomobilismo na Am\u00e9rica Latina e o mais importante e representativo do segmento no pa\u00eds, o <strong>Brazil Classics Kia Show <\/strong>traz para o interior de Minas Gerais uma exposi\u00e7\u00e3o in\u00e9dita que remonta a hist\u00f3ria do Encontro Nacional de Carros Antigos. Os registros destacam carros que marcaram o evento bianual que chega a sua 24\u00aa edi\u00e7\u00e3o em Arax\u00e1 (MG).<\/p>\n\n\n\n<p>A curadoria \u00e9 do fot\u00f3grafo Andr\u00e9 Berlinck. Ele teve o apoio da diretoria da Veteran Car \u2013 MG na escolha das imagens. &nbsp;\u201cTemos fotos de carros das d\u00e9cadas de 80, 60, 40 e at\u00e9 um carro do s\u00e9culo passado. Uma das grandes surpresas da exposi\u00e7\u00e3o \u00e9 a diversidade; \u00e9pocas diferentes, carros rar\u00edssimos e muito significativos\u201d, ressalta.<\/p>\n\n\n\n<p>O conjunto tem 17 fotografias. Onze delas foram impressas em totens gigantes de 1,85m por 75cm e seis passaram por um processo mais requintado, ganharam impress\u00f5es em quadros com vidros e molduras. \u201cDestaco uma sequ\u00eancia bel\u00edssima de Ferraris, uma imagem superinteressante; outra com v\u00e1rios Rolls-Royces, tamb\u00e9m encantadora. Temos ainda carros \u00edcones, que marcaram \u00e9poca, como Chrysler 300c, os antigos Fords e um Porsche com portas `asa de gaivota\u00b4 que \u00e9 fant\u00e1stico\u201d, adianta Andr\u00e9.<\/p>\n\n\n\n<p>A exposi\u00e7\u00e3o fica aberta ao p\u00fablico durante todo o per\u00edodo do evento, de 28 a 31 de julho e, assim como o Brazil Classics Kia Show, tem acesso gratuito. \u201cQuando recebi o convite para trabalhar com essa exposi\u00e7\u00e3o de imediato pensei que ela iria marcar a hist\u00f3ria do evento. A foto impressa muda a percep\u00e7\u00e3o das pessoas.&nbsp; Ela valoriza a hist\u00f3ria, o momento, a cultura em si!\u201d, finaliza.<\/p>\n\n\n\n<p><strong>Brazil Classics Kia Show 2022<\/strong><\/p>\n\n\n\n<p>O Encontro Nacional de Carros Antigos em Arax\u00e1 &#8211; <strong>Brazil Classics Kia Show 2022<\/strong> \u2013 \u00e9 uma realiza\u00e7\u00e3o do Veteran Car \u2013 MG, com o patroc\u00ednio m\u00e1ster da Kia. As atividades culturais s\u00e3o realizadas por meio da Lei Federal de Incentivo \u00e0 Cultura.Neste ano, o evento volta a encher de charme a cidade mineira de Arax\u00e1, entre os dias 28 e 31 de julho. Duzentas e cinquenta raridades ser\u00e3o expostas nesta edi\u00e7\u00e3o, que vai destacar convers\u00edveis que fizeram hist\u00f3ria e est\u00e3o no imagin\u00e1rio dos amantes do mundo dos carros antigos.Ser\u00e3o tr\u00eas dias com extensa programa\u00e7\u00e3o que inclui ainda o leil\u00e3o de autom\u00f3veis, um desfile de carros antigos com premia\u00e7\u00e3o por categorias, uma feira de pe\u00e7as e atividades culturais.<\/p>\n\n\n\n<p><strong>Programa\u00e7\u00e3o cultural<\/strong><\/p>\n\n\n\n<p>Esta ser\u00e1 a segunda vez que o Encontro Nacional de Carros Antigos em Arax\u00e1 ter\u00e1 uma programa\u00e7\u00e3o cultural realizada por meio da Lei Federal de Incentivo \u00e0 Cultura. Mesmo antes do evento come\u00e7ar, tr\u00eas escolas p\u00fablicas locais ser\u00e3o contempladas com a visita de um especialista em patrim\u00f4nio cultural que far\u00e1 uma palestra aos alunos e professores. Durante o <strong>Brazil Classics Kia Show<\/strong> haver\u00e1 uma exposi\u00e7\u00e3o fotogr\u00e1fica, interven\u00e7\u00f5es c\u00eanicas, mostra de dan\u00e7a e pe\u00e7as teatrais. A m\u00fasica, l\u00f3gico, tamb\u00e9m n\u00e3o poderia ficar de fora. Haver\u00e1 uma programa\u00e7\u00e3o diversificada, com muitos estilos e o melhor da m\u00fasica instrumental local e nacional.<\/p>\n\n\n\n<p><strong>Sobre o Veteran Car \u2013 MG<\/strong><\/p>\n\n\n\n<p>Os mais raros e significativos antigos do Brasil pertencem \u00e0s cole\u00e7\u00f5es do clube mineiro Veteran Car. Entre eles, o triciclo produzido por Karl Benz, o Patent Motorwagen de 1886, o primeiro autom\u00f3vel do mundo. Al\u00e9m das raridades, o clube foi se tornando, em mais de 40 anos de atua\u00e7\u00e3o, uma refer\u00eancia nacional pelo elevado padr\u00e3o de restaura\u00e7\u00e3o dos autom\u00f3veis e por promover o mais importante encontro do g\u00eanero, o Brazil Classics Show que acontece em Arax\u00e1 nos anos pares. Nele, o Veteran de MG organiza o mais antigo e um dos raros leil\u00f5es de autom\u00f3veis cl\u00e1ssicos do pa\u00eds. Exibe tamb\u00e9m seu acervo em exposi\u00e7\u00f5es e feiras, al\u00e9m de promover ralis de carros hist\u00f3ricos e organizar a participa\u00e7\u00e3o dos s\u00f3cios em outros encontros de antigos no pa\u00eds. Analisa e certifica a originalidade dos &#8220;velhinhos&#8221; candidatos \u00e0 &#8220;placa preta&#8221;, promove reuni\u00f5es semanais (formais ou informais) entre seus diretores e s\u00f3cios e se tornou fator importante no est\u00edmulo a novos colecionadores em Minas Gerais.<\/p>\n\n\n\n<p><strong>Sobre a Kia<\/strong><\/p>\n\n\n\n<p>Fundada na Coreia do Sul em 1944, como fabricante de bicicletas e, depois, de ve\u00edculos e equipamentos militares, a Kia \u00e9 uma empresa de solu\u00e7\u00f5es de mobilidade que busca inspirar seus clientes por meio do movimento. Com atua\u00e7\u00e3o no setor de mobilidade h\u00e1 mais de 75 anos, a Kia est\u00e1 presente em mais de 190 mercados, possui f\u00e1bricas em dez pa\u00edses, produz mais de tr\u00eas milh\u00f5es de ve\u00edculos por ano e conta com mais de 50 mil colaboradores em todo o mundo.<\/p>\n\n\n\n<p>Em movimento de transforma\u00e7\u00e3o, a Kia lan\u00e7ou em 2021 novos logo e slogan da marca \u2018<em>Movement that inspires<\/em>\u2019 (Movimento que inspira), que incorporam a confian\u00e7a e o compromisso da Kia com os clientes, com foco na populariza\u00e7\u00e3o dos ve\u00edculos el\u00e9tricos e na introdu\u00e7\u00e3o de uma ampla gama de servi\u00e7os de mobilidade, ajustados para atender \u00e0s necessidades e gostos das pessoas e dos mercados locais, colocando o cliente no centro das discuss\u00f5es e a\u00e7\u00f5es, para quem as transforma\u00e7\u00f5es corporativas n\u00e3o se referem mais sobre m\u00e1quinas e, sim, sobre pessoas.<\/p>\n\n\n\n<p>A Kia tem como objetivo criar produtos inovadores que inspirem as pessoas quando se movem e entregar uma excelente experi\u00eancia, demonstrando o compromisso com o recurso mais valioso de todos, o tempo.<\/p>\n\n\n\n<p><strong><u>Servi\u00e7o:<\/u><\/strong><\/p>\n\n\n\n<p><strong><em>Brazil Classics Kia Show 2022<\/em><\/strong><\/p>\n\n\n\n<p><strong>Data: <\/strong>28 e 31 de julho<\/p>\n\n\n\n<p><strong>Local: <\/strong>Grande Hotel \/ Arax\u00e1 &#8211; MG<\/p>\n\n\n\n<p><strong>Informa\u00e7\u00f5es e programa\u00e7\u00e3o:<\/strong><\/p>\n\n\n\n<figure class=\"wp-block-embed\"><div class=\"wp-block-embed__wrapper\">\nhttps:\/\/www.brazilclassics.com.br\/\n<\/div><\/figure>\n","protected":false},"excerpt":{"rendered":"<p>Considerado um dos tr\u00eas mais relevantes eventos do antigomobilismo na Am\u00e9rica Latina e o mais importante e representativo do segmento<\/p>\n","protected":false},"author":2,"featured_media":1817,"comment_status":"open","ping_status":"open","sticky":false,"template":"","format":"standard","meta":{"footnotes":""},"categories":[9,5,11],"tags":[],"class_list":["post-1815","post","type-post","status-publish","format-standard","has-post-thumbnail","hentry","category-araxa","category-arte-e-cultura","category-destaques"],"_links":{"self":[{"href":"http:\/\/blogdoarmindomaia.com.br\/index.php?rest_route=\/wp\/v2\/posts\/1815","targetHints":{"allow":["GET"]}}],"collection":[{"href":"http:\/\/blogdoarmindomaia.com.br\/index.php?rest_route=\/wp\/v2\/posts"}],"about":[{"href":"http:\/\/blogdoarmindomaia.com.br\/index.php?rest_route=\/wp\/v2\/types\/post"}],"author":[{"embeddable":true,"href":"http:\/\/blogdoarmindomaia.com.br\/index.php?rest_route=\/wp\/v2\/users\/2"}],"replies":[{"embeddable":true,"href":"http:\/\/blogdoarmindomaia.com.br\/index.php?rest_route=%2Fwp%2Fv2%2Fcomments&post=1815"}],"version-history":[{"count":2,"href":"http:\/\/blogdoarmindomaia.com.br\/index.php?rest_route=\/wp\/v2\/posts\/1815\/revisions"}],"predecessor-version":[{"id":1820,"href":"http:\/\/blogdoarmindomaia.com.br\/index.php?rest_route=\/wp\/v2\/posts\/1815\/revisions\/1820"}],"wp:featuredmedia":[{"embeddable":true,"href":"http:\/\/blogdoarmindomaia.com.br\/index.php?rest_route=\/wp\/v2\/media\/1817"}],"wp:attachment":[{"href":"http:\/\/blogdoarmindomaia.com.br\/index.php?rest_route=%2Fwp%2Fv2%2Fmedia&parent=1815"}],"wp:term":[{"taxonomy":"category","embeddable":true,"href":"http:\/\/blogdoarmindomaia.com.br\/index.php?rest_route=%2Fwp%2Fv2%2Fcategories&post=1815"},{"taxonomy":"post_tag","embeddable":true,"href":"http:\/\/blogdoarmindomaia.com.br\/index.php?rest_route=%2Fwp%2Fv2%2Ftags&post=1815"}],"curies":[{"name":"wp","href":"https:\/\/api.w.org\/{rel}","templated":true}]}}