{"id":1828,"date":"2022-07-12T14:51:30","date_gmt":"2022-07-12T17:51:30","guid":{"rendered":"http:\/\/blogdoarmindomaia.com.br\/?p=1828"},"modified":"2022-07-12T14:53:19","modified_gmt":"2022-07-12T17:53:19","slug":"saude-amplia-vacinacao-contra-a-meningite-c-para-menores-de-11-anos","status":"publish","type":"post","link":"http:\/\/blogdoarmindomaia.com.br\/?p=1828","title":{"rendered":"Sa\u00fade amplia vacina\u00e7\u00e3o contra a Meningite C para menores de 11 anos"},"content":{"rendered":"\n<figure class=\"wp-block-image size-full\"><img loading=\"lazy\" decoding=\"async\" width=\"635\" height=\"325\" src=\"http:\/\/blogdoarmindomaia.com.br\/wp-content\/uploads\/2022\/07\/Saude-amplia-vacinacao-contra-a-Meningite-C-para-menores-de-11-anos-pag-03.jpeg\" alt=\"\" class=\"wp-image-1829\" srcset=\"http:\/\/blogdoarmindomaia.com.br\/wp-content\/uploads\/2022\/07\/Saude-amplia-vacinacao-contra-a-Meningite-C-para-menores-de-11-anos-pag-03.jpeg 635w, http:\/\/blogdoarmindomaia.com.br\/wp-content\/uploads\/2022\/07\/Saude-amplia-vacinacao-contra-a-Meningite-C-para-menores-de-11-anos-pag-03-300x154.jpeg 300w\" sizes=\"auto, (max-width: 635px) 100vw, 635px\" \/><\/figure>\n\n\n\n<p>Com o objetivo de frear a dissemina\u00e7\u00e3o da Meningite C (tipo agressivo da doen\u00e7a), a Secretaria Municipal de Sa\u00fade est\u00e1 aplicando a vacina em todas as crian\u00e7as menores de 11 anos (10 anos, 11 meses e 29 dias) que n\u00e3o tenham nenhuma dose do imunizante registrada no Cart\u00e3o de Vacina. A amplia\u00e7\u00e3o da vacina Meningoc\u00f3cica C tamb\u00e9m contempla profissionais de sa\u00fade.<br><br>A aplica\u00e7\u00e3o acontece nas Unidades B\u00e1sicas de Sa\u00fade &#8211; Unileste, Unicentro, Uninordeste, Unisa, Uninorte, Unioeste, Unisul e Estrat\u00e9gia de Sa\u00fade (ESF) do bairro Max Neumann.<br><br>A vacina j\u00e1 \u00e9 disponibilizada gratuitamente para menores de 5 anos, sendo administrada regularmente em esquema de duas doses, aos 3 e 5 meses de vida, e uma dose de refor\u00e7o, preferencialmente, aos 12 meses.<br><br>A secret\u00e1ria Municipal de Sa\u00fade, Cristiane Gon\u00e7alves Pereira, explica que a amplia\u00e7\u00e3o tempor\u00e1ria da administra\u00e7\u00e3o da Meningoc\u00f3cica C (conjugada) para crian\u00e7as menores de 11 anos segue recomenda\u00e7\u00e3o do Minist\u00e9rio da Sa\u00fade.<br><br>&#8220;Este \u00e9 um dos tipos de meningite mais agressivos e que pode levar rapidamente \u00e0 morte ou deixar graves sequelas. E a estrat\u00e9gia de amplia\u00e7\u00e3o do p\u00fablico d\u00e1 garantia de acesso \u00e0 prote\u00e7\u00e3o a esse p\u00fablico, sem contar que \u00e9 uma oportunidade de os pais e profissionais de sa\u00fade garantirem a preven\u00e7\u00e3o, que \u00e9 um dos princ\u00edpios fundamentais do SUS&#8221;, adverte.<br><br>Documenta\u00e7\u00e3o exigida<br><br>A amplia\u00e7\u00e3o do p\u00fablico para a Meningite C \u00e9 at\u00e9 fevereiro de 2023, e entre os documentos exigidos no ato da vacina\u00e7\u00e3o est\u00e3o o Cart\u00e3o de Vacina, a Certid\u00e3o de Nascimento e documento com foto do pai ou respons\u00e1vel pela crian\u00e7a.<\/p>\n","protected":false},"excerpt":{"rendered":"<p>Com o objetivo de frear a dissemina\u00e7\u00e3o da Meningite C (tipo agressivo da doen\u00e7a), a Secretaria Municipal de Sa\u00fade est\u00e1<\/p>\n","protected":false},"author":2,"featured_media":1829,"comment_status":"open","ping_status":"open","sticky":false,"template":"","format":"standard","meta":{"footnotes":""},"categories":[9,29],"tags":[],"class_list":["post-1828","post","type-post","status-publish","format-standard","has-post-thumbnail","hentry","category-araxa","category-saude"],"_links":{"self":[{"href":"http:\/\/blogdoarmindomaia.com.br\/index.php?rest_route=\/wp\/v2\/posts\/1828","targetHints":{"allow":["GET"]}}],"collection":[{"href":"http:\/\/blogdoarmindomaia.com.br\/index.php?rest_route=\/wp\/v2\/posts"}],"about":[{"href":"http:\/\/blogdoarmindomaia.com.br\/index.php?rest_route=\/wp\/v2\/types\/post"}],"author":[{"embeddable":true,"href":"http:\/\/blogdoarmindomaia.com.br\/index.php?rest_route=\/wp\/v2\/users\/2"}],"replies":[{"embeddable":true,"href":"http:\/\/blogdoarmindomaia.com.br\/index.php?rest_route=%2Fwp%2Fv2%2Fcomments&post=1828"}],"version-history":[{"count":1,"href":"http:\/\/blogdoarmindomaia.com.br\/index.php?rest_route=\/wp\/v2\/posts\/1828\/revisions"}],"predecessor-version":[{"id":1830,"href":"http:\/\/blogdoarmindomaia.com.br\/index.php?rest_route=\/wp\/v2\/posts\/1828\/revisions\/1830"}],"wp:featuredmedia":[{"embeddable":true,"href":"http:\/\/blogdoarmindomaia.com.br\/index.php?rest_route=\/wp\/v2\/media\/1829"}],"wp:attachment":[{"href":"http:\/\/blogdoarmindomaia.com.br\/index.php?rest_route=%2Fwp%2Fv2%2Fmedia&parent=1828"}],"wp:term":[{"taxonomy":"category","embeddable":true,"href":"http:\/\/blogdoarmindomaia.com.br\/index.php?rest_route=%2Fwp%2Fv2%2Fcategories&post=1828"},{"taxonomy":"post_tag","embeddable":true,"href":"http:\/\/blogdoarmindomaia.com.br\/index.php?rest_route=%2Fwp%2Fv2%2Ftags&post=1828"}],"curies":[{"name":"wp","href":"https:\/\/api.w.org\/{rel}","templated":true}]}}