{"id":1843,"date":"2022-07-13T11:02:23","date_gmt":"2022-07-13T14:02:23","guid":{"rendered":"http:\/\/blogdoarmindomaia.com.br\/?p=1843"},"modified":"2022-07-13T11:02:26","modified_gmt":"2022-07-13T14:02:26","slug":"o-reality-ilha-record-com-mariana-rios-estreia-na-proxima-segunda-18-de-julho","status":"publish","type":"post","link":"http:\/\/blogdoarmindomaia.com.br\/?p=1843","title":{"rendered":"O Reality Ilha Record, com Mariana Rios, estreia na pr\u00f3xima segunda, 18 de julho"},"content":{"rendered":"\n<figure class=\"wp-block-image size-full\"><img loading=\"lazy\" decoding=\"async\" width=\"627\" height=\"462\" src=\"http:\/\/blogdoarmindomaia.com.br\/wp-content\/uploads\/2022\/07\/Sem-titulo.png\" alt=\"\" class=\"wp-image-1844\" srcset=\"http:\/\/blogdoarmindomaia.com.br\/wp-content\/uploads\/2022\/07\/Sem-titulo.png 627w, http:\/\/blogdoarmindomaia.com.br\/wp-content\/uploads\/2022\/07\/Sem-titulo-300x221.png 300w\" sizes=\"auto, (max-width: 627px) 100vw, 627px\" \/><\/figure>\n\n\n\n<p>A segunda temporada de ILHA RECORD vai estrear no pr\u00f3ximo 18 de julho, segunda-feira, a partir das 22h45. A edi\u00e7\u00e3o do programa\u200b ser\u00e1 comandada, pela primeira vez, por Mariana Rios.\u00a0\u00a0Na disputa, 13 famosos v\u00e3o encarar provas desafiadoras e muitas aventuras em busca do t\u00e3o sonhado tesouro perdido. \u00a0\u00a0Com dire\u00e7\u00e3o de n\u00facleo de realities de Rodrigo\u00a0Carelli,\u00a0a atra\u00e7\u00e3o\u00a0\u00e9 um formato original da\u00a0Record\u00a0TV. Est\u00e1 ser\u00e1 mais uma performance da araxaense que tamb\u00e9m \u00e9 atriz e cantora.<\/p>\n","protected":false},"excerpt":{"rendered":"<p>A segunda temporada de ILHA RECORD vai estrear no pr\u00f3ximo 18 de julho, segunda-feira, a partir das 22h45. A edi\u00e7\u00e3o<\/p>\n","protected":false},"author":2,"featured_media":1844,"comment_status":"open","ping_status":"open","sticky":false,"template":"","format":"standard","meta":{"footnotes":""},"categories":[9,5],"tags":[],"class_list":["post-1843","post","type-post","status-publish","format-standard","has-post-thumbnail","hentry","category-araxa","category-arte-e-cultura"],"_links":{"self":[{"href":"http:\/\/blogdoarmindomaia.com.br\/index.php?rest_route=\/wp\/v2\/posts\/1843","targetHints":{"allow":["GET"]}}],"collection":[{"href":"http:\/\/blogdoarmindomaia.com.br\/index.php?rest_route=\/wp\/v2\/posts"}],"about":[{"href":"http:\/\/blogdoarmindomaia.com.br\/index.php?rest_route=\/wp\/v2\/types\/post"}],"author":[{"embeddable":true,"href":"http:\/\/blogdoarmindomaia.com.br\/index.php?rest_route=\/wp\/v2\/users\/2"}],"replies":[{"embeddable":true,"href":"http:\/\/blogdoarmindomaia.com.br\/index.php?rest_route=%2Fwp%2Fv2%2Fcomments&post=1843"}],"version-history":[{"count":1,"href":"http:\/\/blogdoarmindomaia.com.br\/index.php?rest_route=\/wp\/v2\/posts\/1843\/revisions"}],"predecessor-version":[{"id":1845,"href":"http:\/\/blogdoarmindomaia.com.br\/index.php?rest_route=\/wp\/v2\/posts\/1843\/revisions\/1845"}],"wp:featuredmedia":[{"embeddable":true,"href":"http:\/\/blogdoarmindomaia.com.br\/index.php?rest_route=\/wp\/v2\/media\/1844"}],"wp:attachment":[{"href":"http:\/\/blogdoarmindomaia.com.br\/index.php?rest_route=%2Fwp%2Fv2%2Fmedia&parent=1843"}],"wp:term":[{"taxonomy":"category","embeddable":true,"href":"http:\/\/blogdoarmindomaia.com.br\/index.php?rest_route=%2Fwp%2Fv2%2Fcategories&post=1843"},{"taxonomy":"post_tag","embeddable":true,"href":"http:\/\/blogdoarmindomaia.com.br\/index.php?rest_route=%2Fwp%2Fv2%2Ftags&post=1843"}],"curies":[{"name":"wp","href":"https:\/\/api.w.org\/{rel}","templated":true}]}}