{"id":1846,"date":"2022-07-13T11:05:47","date_gmt":"2022-07-13T14:05:47","guid":{"rendered":"http:\/\/blogdoarmindomaia.com.br\/?p=1846"},"modified":"2022-07-13T11:05:50","modified_gmt":"2022-07-13T14:05:50","slug":"festival-minas-gerais-reune-mais-de-15-mil-pessoas-em-araxa","status":"publish","type":"post","link":"http:\/\/blogdoarmindomaia.com.br\/?p=1846","title":{"rendered":"Festival Minas &amp; Gerais re\u00fane mais de 15 mil pessoas em Arax\u00e1"},"content":{"rendered":"\n<figure class=\"wp-block-image size-full\"><img loading=\"lazy\" decoding=\"async\" width=\"1024\" height=\"683\" src=\"http:\/\/blogdoarmindomaia.com.br\/wp-content\/uploads\/2022\/07\/Festival-Minas-e-Gerais-6.jpeg\" alt=\"\" class=\"wp-image-1847\" srcset=\"http:\/\/blogdoarmindomaia.com.br\/wp-content\/uploads\/2022\/07\/Festival-Minas-e-Gerais-6.jpeg 1024w, http:\/\/blogdoarmindomaia.com.br\/wp-content\/uploads\/2022\/07\/Festival-Minas-e-Gerais-6-300x200.jpeg 300w, http:\/\/blogdoarmindomaia.com.br\/wp-content\/uploads\/2022\/07\/Festival-Minas-e-Gerais-6-768x512.jpeg 768w\" sizes=\"auto, (max-width: 1024px) 100vw, 1024px\" \/><\/figure>\n\n\n\n<figure class=\"wp-block-image size-full\"><img loading=\"lazy\" decoding=\"async\" width=\"1024\" height=\"683\" src=\"http:\/\/blogdoarmindomaia.com.br\/wp-content\/uploads\/2022\/07\/Festival-Minas-e-Gerais-2.jpeg\" alt=\"\" class=\"wp-image-1848\" srcset=\"http:\/\/blogdoarmindomaia.com.br\/wp-content\/uploads\/2022\/07\/Festival-Minas-e-Gerais-2.jpeg 1024w, http:\/\/blogdoarmindomaia.com.br\/wp-content\/uploads\/2022\/07\/Festival-Minas-e-Gerais-2-300x200.jpeg 300w, http:\/\/blogdoarmindomaia.com.br\/wp-content\/uploads\/2022\/07\/Festival-Minas-e-Gerais-2-768x512.jpeg 768w\" sizes=\"auto, (max-width: 1024px) 100vw, 1024px\" \/><\/figure>\n\n\n\n<p>O encontro da cultura mineira com a arte. Do Congado \u00e0 Catira, at\u00e9 as divertidas batalhas de rimas e o grafite. Quatro dias de festa, com programa\u00e7\u00e3o para toda a fam\u00edlia. Promovido pela primeira vez em Arax\u00e1, o Festival Minas &amp; Gerais, Cultura Popular e Regional reuniu mais de 15 mil pessoas no Parque de Exposi\u00e7\u00e3o Agenor Lemos. A Prefeitura de Arax\u00e1 apoiou o evento disponibilizando a infraestrutura, seguran\u00e7a p\u00fablica e servi\u00e7os de sa\u00fade.<br><br>O festival apresentou a cultura mineira da ess\u00eancia \u00e0 contemporaneidade e reuniu artistas populares e regionais. Houve tamb\u00e9m apresenta\u00e7\u00e3o palestras, workshops, feiras, oficinas e espa\u00e7o infantil com brincadeiras de roda, pi\u00e3o, conta\u00e7\u00e3o de hist\u00f3rias e jogos. Para o prefeito Robson Magela, esse foi mais um grande evento de sucesso promovido na cidade e que contou com o apoio do Munic\u00edpio.<br><br>\u201cArax\u00e1 \u00e9 terra de m\u00fasica, de arte, da deliciosa culin\u00e1ria mineira, \u00e9 uma cidade refer\u00eancia no pa\u00eds inteiro quando o assunto \u00e9 tradi\u00e7\u00e3o cultural. Ficamos muito felizes em apoiar mais um evento dessa magnitude. Os artistas locais, regionais e toda a popula\u00e7\u00e3o merecem programa\u00e7\u00f5es que d\u00ea acesso \u00e0 cultura, como tem sido feito nos \u00faltimos meses na cidade\u201d, explica o prefeito.<br><br>O palco principal recebeu o nome de \u201cMiltons\u201d e homenageou o grande artista do Clube da Esquina, um dos maiores mestres da M\u00fasica Popular Brasileira, Milton Nascimento. Grandes nomes como Saulo Laranjeira, Nilton Pinto e Tom Carvalho, Barnab\u00e9, Marcus Biancardini e outros fizeram apresenta\u00e7\u00f5es. Os artistas locais tamb\u00e9m estiveram presentes, assim como os grupos de Folia de Reis, Catira e Congados da cidade.<br><br>De acordo com o realizador do evento, Jo\u00e3ozinho Uirapuru, a ideia era apoiar os artistas locais e tamb\u00e9m reunir grandes nomes para aproximar a cultura para todos. \u201cFiquei muito feliz e emocionado com todo esse resultado, um festival que foi projetado com tanto carinho para trazer a cultura, tradi\u00e7\u00e3o e diversidade n\u00e3o s\u00f3 para Arax\u00e1, mas para toda a regi\u00e3o\u201d, ressalta.<\/p>\n","protected":false},"excerpt":{"rendered":"<p>O encontro da cultura mineira com a arte. Do Congado \u00e0 Catira, at\u00e9 as divertidas batalhas de rimas e o<\/p>\n","protected":false},"author":2,"featured_media":1847,"comment_status":"open","ping_status":"open","sticky":false,"template":"","format":"standard","meta":{"footnotes":""},"categories":[9,5,11],"tags":[],"class_list":["post-1846","post","type-post","status-publish","format-standard","has-post-thumbnail","hentry","category-araxa","category-arte-e-cultura","category-destaques"],"_links":{"self":[{"href":"http:\/\/blogdoarmindomaia.com.br\/index.php?rest_route=\/wp\/v2\/posts\/1846","targetHints":{"allow":["GET"]}}],"collection":[{"href":"http:\/\/blogdoarmindomaia.com.br\/index.php?rest_route=\/wp\/v2\/posts"}],"about":[{"href":"http:\/\/blogdoarmindomaia.com.br\/index.php?rest_route=\/wp\/v2\/types\/post"}],"author":[{"embeddable":true,"href":"http:\/\/blogdoarmindomaia.com.br\/index.php?rest_route=\/wp\/v2\/users\/2"}],"replies":[{"embeddable":true,"href":"http:\/\/blogdoarmindomaia.com.br\/index.php?rest_route=%2Fwp%2Fv2%2Fcomments&post=1846"}],"version-history":[{"count":1,"href":"http:\/\/blogdoarmindomaia.com.br\/index.php?rest_route=\/wp\/v2\/posts\/1846\/revisions"}],"predecessor-version":[{"id":1849,"href":"http:\/\/blogdoarmindomaia.com.br\/index.php?rest_route=\/wp\/v2\/posts\/1846\/revisions\/1849"}],"wp:featuredmedia":[{"embeddable":true,"href":"http:\/\/blogdoarmindomaia.com.br\/index.php?rest_route=\/wp\/v2\/media\/1847"}],"wp:attachment":[{"href":"http:\/\/blogdoarmindomaia.com.br\/index.php?rest_route=%2Fwp%2Fv2%2Fmedia&parent=1846"}],"wp:term":[{"taxonomy":"category","embeddable":true,"href":"http:\/\/blogdoarmindomaia.com.br\/index.php?rest_route=%2Fwp%2Fv2%2Fcategories&post=1846"},{"taxonomy":"post_tag","embeddable":true,"href":"http:\/\/blogdoarmindomaia.com.br\/index.php?rest_route=%2Fwp%2Fv2%2Ftags&post=1846"}],"curies":[{"name":"wp","href":"https:\/\/api.w.org\/{rel}","templated":true}]}}