{"id":1851,"date":"2022-07-14T15:57:57","date_gmt":"2022-07-14T18:57:57","guid":{"rendered":"http:\/\/blogdoarmindomaia.com.br\/?p=1851"},"modified":"2022-07-14T15:57:59","modified_gmt":"2022-07-14T18:57:59","slug":"o-que-a-arte-e-a-arquitetura-da-igreja-matriz-falam-sobre-a-historia-de-araxa","status":"publish","type":"post","link":"http:\/\/blogdoarmindomaia.com.br\/?p=1851","title":{"rendered":"O que a arte e a arquitetura da Igreja Matriz falam sobre a hist\u00f3ria de Arax\u00e1?"},"content":{"rendered":"\n<figure class=\"wp-block-image size-large\"><img loading=\"lazy\" decoding=\"async\" width=\"1024\" height=\"576\" src=\"http:\/\/blogdoarmindomaia.com.br\/wp-content\/uploads\/2022\/07\/O-que-a-arte-e-a-arquitetura-da-Igreja-Matriz-pag-06-1024x576.jpg\" alt=\"\" class=\"wp-image-1852\" srcset=\"http:\/\/blogdoarmindomaia.com.br\/wp-content\/uploads\/2022\/07\/O-que-a-arte-e-a-arquitetura-da-Igreja-Matriz-pag-06-1024x576.jpg 1024w, http:\/\/blogdoarmindomaia.com.br\/wp-content\/uploads\/2022\/07\/O-que-a-arte-e-a-arquitetura-da-Igreja-Matriz-pag-06-300x169.jpg 300w, http:\/\/blogdoarmindomaia.com.br\/wp-content\/uploads\/2022\/07\/O-que-a-arte-e-a-arquitetura-da-Igreja-Matriz-pag-06-768x432.jpg 768w, http:\/\/blogdoarmindomaia.com.br\/wp-content\/uploads\/2022\/07\/O-que-a-arte-e-a-arquitetura-da-Igreja-Matriz-pag-06-1536x864.jpg 1536w, http:\/\/blogdoarmindomaia.com.br\/wp-content\/uploads\/2022\/07\/O-que-a-arte-e-a-arquitetura-da-Igreja-Matriz-pag-06-2048x1152.jpg 2048w\" sizes=\"auto, (max-width: 1024px) 100vw, 1024px\" \/><\/figure>\n\n\n\n<figure class=\"wp-block-image size-full\"><img loading=\"lazy\" decoding=\"async\" width=\"320\" height=\"568\" src=\"http:\/\/blogdoarmindomaia.com.br\/wp-content\/uploads\/2022\/07\/Glaura-Teixeira-Historiadora.jpg\" alt=\"\" class=\"wp-image-1853\" srcset=\"http:\/\/blogdoarmindomaia.com.br\/wp-content\/uploads\/2022\/07\/Glaura-Teixeira-Historiadora.jpg 320w, http:\/\/blogdoarmindomaia.com.br\/wp-content\/uploads\/2022\/07\/Glaura-Teixeira-Historiadora-169x300.jpg 169w\" sizes=\"auto, (max-width: 320px) 100vw, 320px\" \/><\/figure>\n\n\n\n<p>A Igreja Matriz de S\u00e3o Domingos, cart\u00e3o postal de Arax\u00e1, est\u00e1 em obras. A reforma que garantir\u00e1 a preserva\u00e7\u00e3o deste patrim\u00f4nio \u00e9 promovida pela Funda\u00e7\u00e3o Cultural Acia (Facia) e tem o patroc\u00ednio da CBMM, atrav\u00e9s da Lei de Incentivo \u00e0 Cultura.<\/p>\n\n\n\n<p>Mais que um pr\u00e9dio que tem valor cultural e religioso ineg\u00e1vel, a Igreja tamb\u00e9m fala muito sobre a hist\u00f3ria de Arax\u00e1. Em entrevista, Glaura Teixeira, historiadora, pesquisadora, escritora e professora aposentada do Departamento de Hist\u00f3ria da UFTM contextualiza o momento da constru\u00e7\u00e3o deste bem e explica como ele retrata a f\u00e9, a urbaniza\u00e7\u00e3o e a cultura da cidade ontem e hoje.<\/p>\n\n\n\n<p><em>Confira:<\/em><\/p>\n\n\n\n<p><strong>Em qual contexto surge a ideia da obra da Igreja Matriz de S\u00e3o Domingos?<\/strong><\/p>\n\n\n\n<p>A obra est\u00e1 inserida em um contexto amplo de moderniza\u00e7\u00e3o das nossas cidades, inspirado em modelos de outros pa\u00edses ocidentais. Nosso centro urbano passou, ent\u00e3o, por intensa transforma\u00e7\u00e3o.&nbsp; Igrejas menores j\u00e1 existentes (inclusive a antiga Matriz) foram demolidas a despeito, infelizmente, de representarem um passado colonial visto como \u201cvelho\u201d. Deram lugar a espa\u00e7os mais amplos e a uma \u201cbela e moderna\u201d Matriz, a de S\u00e3o Domingos.<\/p>\n\n\n\n<p><strong>Por que a obra demorou tanto para ser conclu\u00edda?<\/strong><\/p>\n\n\n\n<p>Em raz\u00e3o da grande reforma urbana da qual a Matriz fez parte, mas obviamente tamb\u00e9m pela escassez de recursos financeiros. Nesse sentido houve grande contribui\u00e7\u00e3o da popula\u00e7\u00e3o cat\u00f3lica. A constru\u00e7\u00e3o ocorreu entre 1911 e 1948. Tempo extenso e repleto de imprevistos pr\u00f3prios de uma obra dessa dimens\u00e3o e nessas circunst\u00e2ncias. Foi um desafio gigantesco. Pe. Em\u00edlio Philippini, vig\u00e1rio que esteve \u00e0 frente da obra por longo tempo e a inaugurou, deixou registradas na documenta\u00e7\u00e3o in\u00fameras express\u00f5es de Deo Gratias!<\/p>\n\n\n\n<p><strong>O que as obras de arte e a pr\u00f3pria arquitetura da Igreja nos falam sobre o momento e a nossa religiosidade?<\/strong><\/p>\n\n\n\n<p>A arquitetura seguiu padr\u00f5es expressivos da \u00e9poca e contou com profissionais gabaritados. Alguns vindos de fora. A exemplo, o artista Alberto Paulovich, autor das belas pinturas do teto no altar principal. A arte, a arquitetura, o mobili\u00e1rio, os objetos sacros e os decorativos, presentes na nossa Matriz, revelam a imensa f\u00e9 cat\u00f3lica da popula\u00e7\u00e3o de Arax\u00e1 durante os s\u00e9culos. A religiosidade \u00e9 um marco hist\u00f3rico e um manancial de elementos do nosso patrim\u00f4nio cultural.<\/p>\n\n\n\n<p><strong>Na sua opini\u00e3o, qual a import\u00e2ncia deste bem para o nosso munic\u00edpio?<\/strong><\/p>\n\n\n\n<p>A Igreja Matriz de S\u00e3o Domingos de Arax\u00e1 \u00e9 um bem que re\u00fane significados, os mais diversos. Do catolicismo \u00e0 urbaniza\u00e7\u00e3o, da arte \u00e0 cultura, dos costumes \u00e0s ideias que constru\u00edram nossa sociedade. Preserv\u00e1-la com todo zelo e t\u00e9cnica \u00e9 respeitar o passado e os homens e mulheres que nos antecederam. \u00c9 o m\u00ednimo que devemos fazer para proteger e manter s\u00f3lido nosso patrim\u00f4nio hist\u00f3rico-cultural.<\/p>\n","protected":false},"excerpt":{"rendered":"<p>A Igreja Matriz de S\u00e3o Domingos, cart\u00e3o postal de Arax\u00e1, est\u00e1 em obras. A reforma que garantir\u00e1 a preserva\u00e7\u00e3o deste<\/p>\n","protected":false},"author":2,"featured_media":1852,"comment_status":"open","ping_status":"open","sticky":false,"template":"","format":"standard","meta":{"footnotes":""},"categories":[9,5,11],"tags":[],"class_list":["post-1851","post","type-post","status-publish","format-standard","has-post-thumbnail","hentry","category-araxa","category-arte-e-cultura","category-destaques"],"_links":{"self":[{"href":"http:\/\/blogdoarmindomaia.com.br\/index.php?rest_route=\/wp\/v2\/posts\/1851","targetHints":{"allow":["GET"]}}],"collection":[{"href":"http:\/\/blogdoarmindomaia.com.br\/index.php?rest_route=\/wp\/v2\/posts"}],"about":[{"href":"http:\/\/blogdoarmindomaia.com.br\/index.php?rest_route=\/wp\/v2\/types\/post"}],"author":[{"embeddable":true,"href":"http:\/\/blogdoarmindomaia.com.br\/index.php?rest_route=\/wp\/v2\/users\/2"}],"replies":[{"embeddable":true,"href":"http:\/\/blogdoarmindomaia.com.br\/index.php?rest_route=%2Fwp%2Fv2%2Fcomments&post=1851"}],"version-history":[{"count":1,"href":"http:\/\/blogdoarmindomaia.com.br\/index.php?rest_route=\/wp\/v2\/posts\/1851\/revisions"}],"predecessor-version":[{"id":1854,"href":"http:\/\/blogdoarmindomaia.com.br\/index.php?rest_route=\/wp\/v2\/posts\/1851\/revisions\/1854"}],"wp:featuredmedia":[{"embeddable":true,"href":"http:\/\/blogdoarmindomaia.com.br\/index.php?rest_route=\/wp\/v2\/media\/1852"}],"wp:attachment":[{"href":"http:\/\/blogdoarmindomaia.com.br\/index.php?rest_route=%2Fwp%2Fv2%2Fmedia&parent=1851"}],"wp:term":[{"taxonomy":"category","embeddable":true,"href":"http:\/\/blogdoarmindomaia.com.br\/index.php?rest_route=%2Fwp%2Fv2%2Fcategories&post=1851"},{"taxonomy":"post_tag","embeddable":true,"href":"http:\/\/blogdoarmindomaia.com.br\/index.php?rest_route=%2Fwp%2Fv2%2Ftags&post=1851"}],"curies":[{"name":"wp","href":"https:\/\/api.w.org\/{rel}","templated":true}]}}