{"id":1855,"date":"2022-07-14T16:02:22","date_gmt":"2022-07-14T19:02:22","guid":{"rendered":"http:\/\/blogdoarmindomaia.com.br\/?p=1855"},"modified":"2022-07-14T16:02:28","modified_gmt":"2022-07-14T19:02:28","slug":"secretaria-de-saude-descentraliza-vacinacao-contra-a-covid-a-partir-de-18","status":"publish","type":"post","link":"http:\/\/blogdoarmindomaia.com.br\/?p=1855","title":{"rendered":"Secretaria de Sa\u00fade descentraliza vacina\u00e7\u00e3o contra a Covid a partir de 18"},"content":{"rendered":"\n<figure class=\"wp-block-image size-full\"><img loading=\"lazy\" decoding=\"async\" width=\"1024\" height=\"683\" src=\"http:\/\/blogdoarmindomaia.com.br\/wp-content\/uploads\/2022\/07\/Secretaria-de-Saude-descentraliza-vacinacao-contra-a-Covid-pag-08.jpeg\" alt=\"\" class=\"wp-image-1856\" srcset=\"http:\/\/blogdoarmindomaia.com.br\/wp-content\/uploads\/2022\/07\/Secretaria-de-Saude-descentraliza-vacinacao-contra-a-Covid-pag-08.jpeg 1024w, http:\/\/blogdoarmindomaia.com.br\/wp-content\/uploads\/2022\/07\/Secretaria-de-Saude-descentraliza-vacinacao-contra-a-Covid-pag-08-300x200.jpeg 300w, http:\/\/blogdoarmindomaia.com.br\/wp-content\/uploads\/2022\/07\/Secretaria-de-Saude-descentraliza-vacinacao-contra-a-Covid-pag-08-768x512.jpeg 768w\" sizes=\"auto, (max-width: 1024px) 100vw, 1024px\" \/><\/figure>\n\n\n\n<p>Com o avan\u00e7o da vacina\u00e7\u00e3o contra a Covid-19 em Arax\u00e1, a Secretaria Municipal de Sa\u00fade passa a aplicar, a partir de 18 de julho, o imunizante contra essa doen\u00e7a exclusivamente em tr\u00eas Unidades de Sa\u00fade &#8211; Unileste, Unicentro e Uninordeste.<br><br>J\u00e1 as vacinas do calend\u00e1rio de rotina e campanhas sazonais seguem sendo feitas nessas tr\u00eas unidades e tamb\u00e9m na Unisa, Uninorte, Unioeste, Unisul e Estrat\u00e9gia de Sa\u00fade (ESF) do bairro Max Neumann.<br><br>A ideia, segundo explica a secret\u00e1ria Cristiane Gon\u00e7alves Pereira, \u00e9 facilitar o acesso do imunizante \u00e0 popula\u00e7\u00e3o. &#8220;Quando aconteceu de centralizar a distribui\u00e7\u00e3o da vacina Covid-19, precis\u00e1vamos de um espa\u00e7o maior para atender a demanda. Agora, a descentraliza\u00e7\u00e3o faz com que a vacina\u00e7\u00e3o contra a Covid-19 fique mais pr\u00f3xima da popula\u00e7\u00e3o e elas ficar\u00e3o mais estimuladas a buscar pelas doses de refor\u00e7o&#8221;, explica a secret\u00e1ria.<br><br>Segundo cronograma estipulado pela secretaria, a Unicentro e Uninordeste v\u00e3o realizar qualquer etapa (1\u00aa, 2\u00aa, 3\u00aa e 4\u00aa dose) voltado ao p\u00fablico a partir de 12 anos, de segunda a sexta, das 8h \u00e0s 16h30.<br><br>J\u00e1 a Unileste vai realizar a vacina pedi\u00e1trica \u00e0s ter\u00e7as e quintas, das 8h \u00e0s 13h. A secret\u00e1ria explica que a concentra\u00e7\u00e3o da vacina\u00e7\u00e3o contra a Covid-19 para as crian\u00e7as nesses dois dias da semana \u00e9 para evitar a perda de vacina. &#8220;Cada frasco da vacina Pfizer ou CoronaVac pedi\u00e1trica cont\u00e9m 10 doses. Se a gente centraliza s\u00f3 nesses dias, as chances de sobrar vacina e perder s\u00e3o menores&#8221;, esclarece.<br><br>No ato de vacina\u00e7\u00e3o, ser\u00e1 exigido o Cart\u00e3o de vacina original e documento pessoal com CPF ou cart\u00e3o SUS. N\u00e3o ser\u00e1 necess\u00e1rio apresenta\u00e7\u00e3o de xerox (c\u00f3pia) de documenta\u00e7\u00e3o.<br><br>At\u00e9 esta sexta (15), a vacina\u00e7\u00e3o segue sendo realizada no Sesc, Unicentro e Unisa, conforme cronograma divulgado no site (&nbsp;<a href=\"http:\/\/www.araxavacina.com.br\/cronograma\" target=\"_blank\" rel=\"noreferrer noopener\">www.araxavacina.com.br\/cronograma<\/a>&nbsp;) e nas redes sociais da Prefeitura de Arax\u00e1.<br><\/p>\n","protected":false},"excerpt":{"rendered":"<p>Com o avan\u00e7o da vacina\u00e7\u00e3o contra a Covid-19 em Arax\u00e1, a Secretaria Municipal de Sa\u00fade passa a aplicar, a partir<\/p>\n","protected":false},"author":2,"featured_media":1856,"comment_status":"open","ping_status":"open","sticky":false,"template":"","format":"standard","meta":{"footnotes":""},"categories":[9,11,29],"tags":[],"class_list":["post-1855","post","type-post","status-publish","format-standard","has-post-thumbnail","hentry","category-araxa","category-destaques","category-saude"],"_links":{"self":[{"href":"http:\/\/blogdoarmindomaia.com.br\/index.php?rest_route=\/wp\/v2\/posts\/1855","targetHints":{"allow":["GET"]}}],"collection":[{"href":"http:\/\/blogdoarmindomaia.com.br\/index.php?rest_route=\/wp\/v2\/posts"}],"about":[{"href":"http:\/\/blogdoarmindomaia.com.br\/index.php?rest_route=\/wp\/v2\/types\/post"}],"author":[{"embeddable":true,"href":"http:\/\/blogdoarmindomaia.com.br\/index.php?rest_route=\/wp\/v2\/users\/2"}],"replies":[{"embeddable":true,"href":"http:\/\/blogdoarmindomaia.com.br\/index.php?rest_route=%2Fwp%2Fv2%2Fcomments&post=1855"}],"version-history":[{"count":1,"href":"http:\/\/blogdoarmindomaia.com.br\/index.php?rest_route=\/wp\/v2\/posts\/1855\/revisions"}],"predecessor-version":[{"id":1857,"href":"http:\/\/blogdoarmindomaia.com.br\/index.php?rest_route=\/wp\/v2\/posts\/1855\/revisions\/1857"}],"wp:featuredmedia":[{"embeddable":true,"href":"http:\/\/blogdoarmindomaia.com.br\/index.php?rest_route=\/wp\/v2\/media\/1856"}],"wp:attachment":[{"href":"http:\/\/blogdoarmindomaia.com.br\/index.php?rest_route=%2Fwp%2Fv2%2Fmedia&parent=1855"}],"wp:term":[{"taxonomy":"category","embeddable":true,"href":"http:\/\/blogdoarmindomaia.com.br\/index.php?rest_route=%2Fwp%2Fv2%2Fcategories&post=1855"},{"taxonomy":"post_tag","embeddable":true,"href":"http:\/\/blogdoarmindomaia.com.br\/index.php?rest_route=%2Fwp%2Fv2%2Ftags&post=1855"}],"curies":[{"name":"wp","href":"https:\/\/api.w.org\/{rel}","templated":true}]}}