{"id":1858,"date":"2022-07-14T16:13:13","date_gmt":"2022-07-14T19:13:13","guid":{"rendered":"http:\/\/blogdoarmindomaia.com.br\/?p=1858"},"modified":"2022-07-14T16:13:15","modified_gmt":"2022-07-14T19:13:15","slug":"presidente-do-ganso-garante-time-forte-na-segundona","status":"publish","type":"post","link":"http:\/\/blogdoarmindomaia.com.br\/?p=1858","title":{"rendered":"Presidente do Ganso garante time forte na &#8220;Segundona&#8221;"},"content":{"rendered":"\n<figure class=\"wp-block-image size-full\"><img loading=\"lazy\" decoding=\"async\" width=\"682\" height=\"395\" src=\"http:\/\/blogdoarmindomaia.com.br\/wp-content\/uploads\/2022\/07\/WhatsApp-Image-2022-07-14-at-16.10.54.jpeg\" alt=\"\" class=\"wp-image-1859\" srcset=\"http:\/\/blogdoarmindomaia.com.br\/wp-content\/uploads\/2022\/07\/WhatsApp-Image-2022-07-14-at-16.10.54.jpeg 682w, http:\/\/blogdoarmindomaia.com.br\/wp-content\/uploads\/2022\/07\/WhatsApp-Image-2022-07-14-at-16.10.54-300x174.jpeg 300w\" sizes=\"auto, (max-width: 682px) 100vw, 682px\" \/><\/figure>\n\n\n\n<p>Faltando 22 dias para a estreia do Arax\u00e1 Esporte Clube no Campeonato Mineiro da Segunda Divis\u00e3o, o presidente do alvinegro, Jeferson Leite falou \u00e0 reportagem do Jornal Intera\u00e7\u00e3o, sobre o trabalho para colocar uma equipe forte em campo na estreia do certame, no pr\u00f3ximo dia 06 de agosto, as 15 horas no est\u00e1dio Fausto Alvim contra o time do Inter de S\u00e3o Gotardo. De acordo com Jeferson, \u201c a comiss\u00e3o t\u00e9cnica j\u00e1 est\u00e1 trabalhando, os atletas j\u00e1 est\u00e3o chegando, sendo alojados e os treinamentos j\u00e1 come\u00e7aram. E a nossa expectativa \u00e9 do torcedor alvinegro mais uma vez fazer a parte dele e lotar o Fausto Alvim.\u201d<\/p>\n\n\n\n<p>Jeferson tamb\u00e9m revelou que no jogo de estreia ser\u00e1 lan\u00e7ada uma promo\u00e7\u00e3o, onde mulher acompanhada n\u00e3o vai pagar ingresso. Segundo ele, \u201c \u00e9 importante falar que o t\u00e9cnico Jos\u00e9 Humberto que dirigiu o time ano passado est\u00e1 de volta. Ele \u00e9 um grande profissional, um homem de respeito e de fam\u00edlia e j\u00e1 sabe a nossa filosofia de trabalho.\u201d&nbsp;<\/p>\n","protected":false},"excerpt":{"rendered":"<p>Faltando 22 dias para a estreia do Arax\u00e1 Esporte Clube no Campeonato Mineiro da Segunda Divis\u00e3o, o presidente do alvinegro,<\/p>\n","protected":false},"author":2,"featured_media":1859,"comment_status":"open","ping_status":"open","sticky":false,"template":"","format":"standard","meta":{"footnotes":""},"categories":[9,11,15],"tags":[],"class_list":["post-1858","post","type-post","status-publish","format-standard","has-post-thumbnail","hentry","category-araxa","category-destaques","category-esportes"],"_links":{"self":[{"href":"http:\/\/blogdoarmindomaia.com.br\/index.php?rest_route=\/wp\/v2\/posts\/1858","targetHints":{"allow":["GET"]}}],"collection":[{"href":"http:\/\/blogdoarmindomaia.com.br\/index.php?rest_route=\/wp\/v2\/posts"}],"about":[{"href":"http:\/\/blogdoarmindomaia.com.br\/index.php?rest_route=\/wp\/v2\/types\/post"}],"author":[{"embeddable":true,"href":"http:\/\/blogdoarmindomaia.com.br\/index.php?rest_route=\/wp\/v2\/users\/2"}],"replies":[{"embeddable":true,"href":"http:\/\/blogdoarmindomaia.com.br\/index.php?rest_route=%2Fwp%2Fv2%2Fcomments&post=1858"}],"version-history":[{"count":1,"href":"http:\/\/blogdoarmindomaia.com.br\/index.php?rest_route=\/wp\/v2\/posts\/1858\/revisions"}],"predecessor-version":[{"id":1860,"href":"http:\/\/blogdoarmindomaia.com.br\/index.php?rest_route=\/wp\/v2\/posts\/1858\/revisions\/1860"}],"wp:featuredmedia":[{"embeddable":true,"href":"http:\/\/blogdoarmindomaia.com.br\/index.php?rest_route=\/wp\/v2\/media\/1859"}],"wp:attachment":[{"href":"http:\/\/blogdoarmindomaia.com.br\/index.php?rest_route=%2Fwp%2Fv2%2Fmedia&parent=1858"}],"wp:term":[{"taxonomy":"category","embeddable":true,"href":"http:\/\/blogdoarmindomaia.com.br\/index.php?rest_route=%2Fwp%2Fv2%2Fcategories&post=1858"},{"taxonomy":"post_tag","embeddable":true,"href":"http:\/\/blogdoarmindomaia.com.br\/index.php?rest_route=%2Fwp%2Fv2%2Ftags&post=1858"}],"curies":[{"name":"wp","href":"https:\/\/api.w.org\/{rel}","templated":true}]}}