{"id":1861,"date":"2022-07-14T16:15:51","date_gmt":"2022-07-14T19:15:51","guid":{"rendered":"http:\/\/blogdoarmindomaia.com.br\/?p=1861"},"modified":"2022-07-14T16:15:56","modified_gmt":"2022-07-14T19:15:56","slug":"prefeitura-de-araxa-assina-mais-de-r-270-000-em-convenios-com-sete-entidades","status":"publish","type":"post","link":"http:\/\/blogdoarmindomaia.com.br\/?p=1861","title":{"rendered":"<strong>Prefeitura de Arax\u00e1 assina mais de R$ 270.000 em conv\u00eanios com sete entidades<br><br><\/strong>"},"content":{"rendered":"\n<figure class=\"wp-block-image size-full\"><img loading=\"lazy\" decoding=\"async\" width=\"1024\" height=\"683\" src=\"http:\/\/blogdoarmindomaia.com.br\/wp-content\/uploads\/2022\/07\/Prefeitura-de-Araxa-assina-mais-pag-08.jpeg\" alt=\"\" class=\"wp-image-1862\" srcset=\"http:\/\/blogdoarmindomaia.com.br\/wp-content\/uploads\/2022\/07\/Prefeitura-de-Araxa-assina-mais-pag-08.jpeg 1024w, http:\/\/blogdoarmindomaia.com.br\/wp-content\/uploads\/2022\/07\/Prefeitura-de-Araxa-assina-mais-pag-08-300x200.jpeg 300w, http:\/\/blogdoarmindomaia.com.br\/wp-content\/uploads\/2022\/07\/Prefeitura-de-Araxa-assina-mais-pag-08-768x512.jpeg 768w\" sizes=\"auto, (max-width: 1024px) 100vw, 1024px\" \/><\/figure>\n\n\n\n<figure class=\"wp-block-image size-full\"><img loading=\"lazy\" decoding=\"async\" width=\"1024\" height=\"683\" src=\"http:\/\/blogdoarmindomaia.com.br\/wp-content\/uploads\/2022\/07\/assinatura-convenio-14.jpeg\" alt=\"\" class=\"wp-image-1863\" srcset=\"http:\/\/blogdoarmindomaia.com.br\/wp-content\/uploads\/2022\/07\/assinatura-convenio-14.jpeg 1024w, http:\/\/blogdoarmindomaia.com.br\/wp-content\/uploads\/2022\/07\/assinatura-convenio-14-300x200.jpeg 300w, http:\/\/blogdoarmindomaia.com.br\/wp-content\/uploads\/2022\/07\/assinatura-convenio-14-768x512.jpeg 768w\" sizes=\"auto, (max-width: 1024px) 100vw, 1024px\" \/><\/figure>\n\n\n\n<p>A Prefeitura de Arax\u00e1 assinou, na quarta-feira (13), conv\u00eanios com sete entidades assistenciais de Arax\u00e1, que totalizam um valor total de R$ 271.996. O objetivo \u00e9 contribuir com o custeio e manuten\u00e7\u00e3o dos servi\u00e7os assistenciais prestados \u00e0 comunidade.<br><br>Dos recursos destinados \u00e0s entidades, R$ 75.000 s\u00e3o ordin\u00e1rios do Munic\u00edpio e R$ 196.996 oriundos de emendas federais. Estiveram presentes na assinatura o prefeito Robson Magela, o secret\u00e1rio municipal de A\u00e7\u00e3o Social, Wagner Cruz, al\u00e9m de representantes das entidades beneficiadas.<br><br>Os repasses contemplam o Recanto do Idoso S\u00e3o Vicente de Paulo, a Sociedade de Promo\u00e7\u00e3o Humana (Soproh) &#8211; Fazenda Senhor Jesus, a Associa\u00e7\u00e3o Lar Eben\u00e9zer, o Orat\u00f3rio Nossa Senhora Auxiliadora e as Obras Sociais Eur\u00edpedes Barsanulfo, no valor de R$ 40.000 cada, al\u00e9m do Grupo de Solidariedade, no valor de R$ 35.000, e o Lions Clube de Arax\u00e1, no valor de R$ 36.966.<br><br>Durante a assinatura dos conv\u00eanios, o prefeito Robson Magela ressaltou a import\u00e2ncia do trabalho prestado pelas institui\u00e7\u00f5es em prol da comunidade araxaense. \u201cPara o bom andamento dos servi\u00e7os de entidades sociais, \u00e9 necess\u00e1rio o apoio do Poder P\u00fablico para que os gestores desenvolvam o trabalho com dignidade. Os servi\u00e7os prestados complementam as a\u00e7\u00f5es do Poder Executivo, com projetos e atividades de grande interesse para toda a popula\u00e7\u00e3o. Refor\u00e7amos o compromisso com essas institui\u00e7\u00f5es para desempenharem os projetos com excel\u00eancia\u201d, destacou o prefeito.<br><br>O presidente do Grupo de Solidariedade, Francisco de Assis Xavier, explica que com o apoio da Prefeitura de Arax\u00e1 a institui\u00e7\u00e3o vai ampliar o atendimento. \u201cEstamos muito felizes, pois temos esse trabalho h\u00e1 anos, sem nenhum apoio, somente com a for\u00e7a de vontade. Com essa verba, queremos atingir um p\u00fablico maior, atendendo crian\u00e7as, adolescentes, de uma forma mais l\u00fadica, mas abrangente e trazendo a fam\u00edlia para junto de n\u00f3s\u201d, comentou.<br><br>De acordo com a respons\u00e1vel t\u00e9cnica da Fazenda Senhor Jesus, Vanessa Edite Borges Melo, a verba recebida dar\u00e1 continuidade aos servi\u00e7os prestados. \u201cN\u00f3s estamos muito satisfeitos, agora poderemos melhorar as condi\u00e7\u00f5es as quais a gente coloca o nosso acolhido. Melhoramos os gastos na manuten\u00e7\u00e3o e materiais de trabalho espec\u00edficos\u201d, relatou.<\/p>\n","protected":false},"excerpt":{"rendered":"<p>A Prefeitura de Arax\u00e1 assinou, na quarta-feira (13), conv\u00eanios com sete entidades assistenciais de Arax\u00e1, que totalizam um valor total<\/p>\n","protected":false},"author":2,"featured_media":1862,"comment_status":"open","ping_status":"open","sticky":false,"template":"","format":"standard","meta":{"footnotes":""},"categories":[9,8,11],"tags":[],"class_list":["post-1861","post","type-post","status-publish","format-standard","has-post-thumbnail","hentry","category-araxa","category-cidades","category-destaques"],"_links":{"self":[{"href":"http:\/\/blogdoarmindomaia.com.br\/index.php?rest_route=\/wp\/v2\/posts\/1861","targetHints":{"allow":["GET"]}}],"collection":[{"href":"http:\/\/blogdoarmindomaia.com.br\/index.php?rest_route=\/wp\/v2\/posts"}],"about":[{"href":"http:\/\/blogdoarmindomaia.com.br\/index.php?rest_route=\/wp\/v2\/types\/post"}],"author":[{"embeddable":true,"href":"http:\/\/blogdoarmindomaia.com.br\/index.php?rest_route=\/wp\/v2\/users\/2"}],"replies":[{"embeddable":true,"href":"http:\/\/blogdoarmindomaia.com.br\/index.php?rest_route=%2Fwp%2Fv2%2Fcomments&post=1861"}],"version-history":[{"count":1,"href":"http:\/\/blogdoarmindomaia.com.br\/index.php?rest_route=\/wp\/v2\/posts\/1861\/revisions"}],"predecessor-version":[{"id":1864,"href":"http:\/\/blogdoarmindomaia.com.br\/index.php?rest_route=\/wp\/v2\/posts\/1861\/revisions\/1864"}],"wp:featuredmedia":[{"embeddable":true,"href":"http:\/\/blogdoarmindomaia.com.br\/index.php?rest_route=\/wp\/v2\/media\/1862"}],"wp:attachment":[{"href":"http:\/\/blogdoarmindomaia.com.br\/index.php?rest_route=%2Fwp%2Fv2%2Fmedia&parent=1861"}],"wp:term":[{"taxonomy":"category","embeddable":true,"href":"http:\/\/blogdoarmindomaia.com.br\/index.php?rest_route=%2Fwp%2Fv2%2Fcategories&post=1861"},{"taxonomy":"post_tag","embeddable":true,"href":"http:\/\/blogdoarmindomaia.com.br\/index.php?rest_route=%2Fwp%2Fv2%2Ftags&post=1861"}],"curies":[{"name":"wp","href":"https:\/\/api.w.org\/{rel}","templated":true}]}}