{"id":1868,"date":"2022-07-14T16:22:41","date_gmt":"2022-07-14T19:22:41","guid":{"rendered":"http:\/\/blogdoarmindomaia.com.br\/?p=1868"},"modified":"2022-07-14T16:22:43","modified_gmt":"2022-07-14T19:22:43","slug":"mais-de-150-alunos-de-escolas-municipais-de-araxa-se-classificam-para-a-2a-fase-da-olimpiada-brasileira-de-informatica","status":"publish","type":"post","link":"http:\/\/blogdoarmindomaia.com.br\/?p=1868","title":{"rendered":"Mais de 150 alunos de escolas municipais de Arax\u00e1 se classificam para a 2\u00aa fase da Olimp\u00edada Brasileira de Inform\u00e1tica"},"content":{"rendered":"\n<figure class=\"wp-block-image size-full\"><img loading=\"lazy\" decoding=\"async\" width=\"1024\" height=\"683\" src=\"http:\/\/blogdoarmindomaia.com.br\/wp-content\/uploads\/2022\/07\/Mais-de-150-alunos-de-escolas-municipais-de-Araxa-se-classificam-pag-04.jpeg\" alt=\"\" class=\"wp-image-1869\" srcset=\"http:\/\/blogdoarmindomaia.com.br\/wp-content\/uploads\/2022\/07\/Mais-de-150-alunos-de-escolas-municipais-de-Araxa-se-classificam-pag-04.jpeg 1024w, http:\/\/blogdoarmindomaia.com.br\/wp-content\/uploads\/2022\/07\/Mais-de-150-alunos-de-escolas-municipais-de-Araxa-se-classificam-pag-04-300x200.jpeg 300w, http:\/\/blogdoarmindomaia.com.br\/wp-content\/uploads\/2022\/07\/Mais-de-150-alunos-de-escolas-municipais-de-Araxa-se-classificam-pag-04-768x512.jpeg 768w\" sizes=\"auto, (max-width: 1024px) 100vw, 1024px\" \/><\/figure>\n\n\n\n<p>Com o objetivo de despertar o gosto e descobrir talentos para a \u00e1rea de tecnologia, alunos de 22 escolas municipais de Arax\u00e1 participaram da 1\u00aa fase (local) da Olimp\u00edada Brasileira de Inform\u00e1tica (OBI). Com o apoio da Prefeitura de Arax\u00e1, as provas foram aplicadas nas pr\u00f3prias escolas. No total, 152 estudantes do 4\u00ba ao 9\u00ba ano do Ensino Fundamental, com idades entre 9 e 16 anos, se classificaram para a 2\u00aa etapa do torneio.<br><br>A competi\u00e7\u00e3o \u00e9 organizada nos moldes das outras olimp\u00edadas cient\u00edficas brasileiras, como Matem\u00e1tica, F\u00edsica e Astronomia. O intuito \u00e9 fazer com que os alunos tenham o interesse por uma importante \u00e1rea na forma\u00e7\u00e3o b\u00e1sica (ci\u00eancia da computa\u00e7\u00e3o), por meio de uma atividade que envolve desafio, engenhosidade e uma saud\u00e1vel dose de competi\u00e7\u00e3o.<br><br>A prova \u00e9 aplicada com papel e l\u00e1pis, com tarefas sobre l\u00f3gica no formato de m\u00faltipla escolha. Os melhores deste m\u00f3dulo foram classificados para a fase estadual e poder\u00e3o posteriormente ir para a fase nacional.<br><br>Os estudantes classificados s\u00e3o das escolas Agar de Afonseca e Silva, Alice Moura, Aziz J. Chaer, Aplica\u00e7\u00e3o L\u00e9lia Guimar\u00e3es, Dona Gabriela, Manoela Lemos, Professora Auxiliadora Paiva, Professora Leonilda Montandon (Caic), Professor Nelson Gomes, Professora Rom\u00e1lia Porf\u00edrio de Azevedo Leite, Delfim Moreira, Lia Salgado, Pio XII, Padre Jo\u00e3o Botelho, Ant\u00f4nio Augusto de Paiva, Eunice Weaver, Francisco Primo de Melo, Jos\u00e9 Bento, Padre In\u00e1cio e Benedito de Paula.<br><br>De acordo com a coordenadora do N\u00facleo de Tecnologias Educacionais, Mafalda Costa, mais do que notas, medalhas, pr\u00eamios e diplomas de participa\u00e7\u00e3o, a olimp\u00edada de inform\u00e1tica proporciona aos alunos novas descobertas, novos lugares, ideias, t\u00e9cnicas e conhecimentos.<br><br>\u201cNo caso dos nossos alunos, estamos proporcionando uma vis\u00e3o de futuro em rela\u00e7\u00e3o \u00e0 vida pessoal e profissional, mantendo a mente aberta ao novo e desenvolvendo bastante a criatividade. As provas s\u00e3o baseadas em racioc\u00ednio l\u00f3gico, que \u00e9 essencial para toda crian\u00e7a, pois ajuda a conquistar melhores rendimentos na escola e no processo de ensino e aprendizagem como um todo, al\u00e9m de ser a base para aprender programa\u00e7\u00e3o\u201d, destaca.<br>&nbsp;<br><strong>Sobre a competi\u00e7\u00e3o<\/strong><br><br>A Olimp\u00edada Brasileira de Inform\u00e1tica (OBI) \u00e9 realizada em tr\u00eas fases: Local, Estadual e Nacional. As provas da Fase Local e da Fase Estadual ser\u00e3o aplicadas na escola onde o aluno realizou a inscri\u00e7\u00e3o.<br><br>J\u00e1 as provas da Fase Nacional ser\u00e3o realizadas em sedes designadas pela organiza\u00e7\u00e3o da OBI, preferencialmente universidades localizadas nas capitais dos Estados ou em cidades com grande concentra\u00e7\u00e3o de competidores classificados. Em cada fase, os melhores classificados ser\u00e3o convocados a participar da fase seguinte.<br><\/p>\n","protected":false},"excerpt":{"rendered":"<p>Com o objetivo de despertar o gosto e descobrir talentos para a \u00e1rea de tecnologia, alunos de 22 escolas municipais<\/p>\n","protected":false},"author":2,"featured_media":1869,"comment_status":"open","ping_status":"open","sticky":false,"template":"","format":"standard","meta":{"footnotes":""},"categories":[9,13],"tags":[],"class_list":["post-1868","post","type-post","status-publish","format-standard","has-post-thumbnail","hentry","category-araxa","category-educacao"],"_links":{"self":[{"href":"http:\/\/blogdoarmindomaia.com.br\/index.php?rest_route=\/wp\/v2\/posts\/1868","targetHints":{"allow":["GET"]}}],"collection":[{"href":"http:\/\/blogdoarmindomaia.com.br\/index.php?rest_route=\/wp\/v2\/posts"}],"about":[{"href":"http:\/\/blogdoarmindomaia.com.br\/index.php?rest_route=\/wp\/v2\/types\/post"}],"author":[{"embeddable":true,"href":"http:\/\/blogdoarmindomaia.com.br\/index.php?rest_route=\/wp\/v2\/users\/2"}],"replies":[{"embeddable":true,"href":"http:\/\/blogdoarmindomaia.com.br\/index.php?rest_route=%2Fwp%2Fv2%2Fcomments&post=1868"}],"version-history":[{"count":1,"href":"http:\/\/blogdoarmindomaia.com.br\/index.php?rest_route=\/wp\/v2\/posts\/1868\/revisions"}],"predecessor-version":[{"id":1870,"href":"http:\/\/blogdoarmindomaia.com.br\/index.php?rest_route=\/wp\/v2\/posts\/1868\/revisions\/1870"}],"wp:featuredmedia":[{"embeddable":true,"href":"http:\/\/blogdoarmindomaia.com.br\/index.php?rest_route=\/wp\/v2\/media\/1869"}],"wp:attachment":[{"href":"http:\/\/blogdoarmindomaia.com.br\/index.php?rest_route=%2Fwp%2Fv2%2Fmedia&parent=1868"}],"wp:term":[{"taxonomy":"category","embeddable":true,"href":"http:\/\/blogdoarmindomaia.com.br\/index.php?rest_route=%2Fwp%2Fv2%2Fcategories&post=1868"},{"taxonomy":"post_tag","embeddable":true,"href":"http:\/\/blogdoarmindomaia.com.br\/index.php?rest_route=%2Fwp%2Fv2%2Ftags&post=1868"}],"curies":[{"name":"wp","href":"https:\/\/api.w.org\/{rel}","templated":true}]}}