{"id":1871,"date":"2022-07-14T16:25:03","date_gmt":"2022-07-14T19:25:03","guid":{"rendered":"http:\/\/blogdoarmindomaia.com.br\/?p=1871"},"modified":"2022-07-14T16:25:08","modified_gmt":"2022-07-14T19:25:08","slug":"desenvolvimento-economico-faz-parceria-para-qualificacao-de-mao-de-obra-em-araxa","status":"publish","type":"post","link":"http:\/\/blogdoarmindomaia.com.br\/?p=1871","title":{"rendered":"Desenvolvimento Econ\u00f4mico faz parceria para qualifica\u00e7\u00e3o de m\u00e3o de obra em Arax\u00e1"},"content":{"rendered":"\n<figure class=\"wp-block-image size-full\"><img loading=\"lazy\" decoding=\"async\" width=\"1024\" height=\"683\" src=\"http:\/\/blogdoarmindomaia.com.br\/wp-content\/uploads\/2022\/07\/Desenvolvimento-Economico-faz-parceria-para-qualificacao-de-mao-pag-07.jpeg\" alt=\"\" class=\"wp-image-1872\" srcset=\"http:\/\/blogdoarmindomaia.com.br\/wp-content\/uploads\/2022\/07\/Desenvolvimento-Economico-faz-parceria-para-qualificacao-de-mao-pag-07.jpeg 1024w, http:\/\/blogdoarmindomaia.com.br\/wp-content\/uploads\/2022\/07\/Desenvolvimento-Economico-faz-parceria-para-qualificacao-de-mao-pag-07-300x200.jpeg 300w, http:\/\/blogdoarmindomaia.com.br\/wp-content\/uploads\/2022\/07\/Desenvolvimento-Economico-faz-parceria-para-qualificacao-de-mao-pag-07-768x512.jpeg 768w\" sizes=\"auto, (max-width: 1024px) 100vw, 1024px\" \/><\/figure>\n\n\n\n<figure class=\"wp-block-image size-full\"><img loading=\"lazy\" decoding=\"async\" width=\"1024\" height=\"683\" src=\"http:\/\/blogdoarmindomaia.com.br\/wp-content\/uploads\/2022\/07\/Escola-do-Emprego-2.jpeg\" alt=\"\" class=\"wp-image-1873\" srcset=\"http:\/\/blogdoarmindomaia.com.br\/wp-content\/uploads\/2022\/07\/Escola-do-Emprego-2.jpeg 1024w, http:\/\/blogdoarmindomaia.com.br\/wp-content\/uploads\/2022\/07\/Escola-do-Emprego-2-300x200.jpeg 300w, http:\/\/blogdoarmindomaia.com.br\/wp-content\/uploads\/2022\/07\/Escola-do-Emprego-2-768x512.jpeg 768w\" sizes=\"auto, (max-width: 1024px) 100vw, 1024px\" \/><\/figure>\n\n\n\n<p>Qualificar a m\u00e3o de obra presente na cidade e conscientizar a popula\u00e7\u00e3o sobre a import\u00e2ncia de se atualizar para o mercado de trabalho. Esses s\u00e3o alguns dos objetivos da Secretaria Municipal de Desenvolvimento Econ\u00f4mico, Inova\u00e7\u00e3o e Turismo, por meio do Sistema Nacional de Emprego (Sine) de Arax\u00e1, em parceria com o Instituto Movart que resultou na cria\u00e7\u00e3o da Escola do Emprego.<br><br>O projeto alinha a\u00e7\u00f5es e geradores de renda para dar completo suporte ao trabalhador que busca oportunidade, e conta ainda com apoio de uma estagi\u00e1ria do curso de Psicologia do Uniarax\u00e1.<br><br>O trabalhador conta com acesso gratuito \u00e0 orienta\u00e7\u00e3o de carreira qualificada, a m\u00e9todos comportamentais de processos de sele\u00e7\u00e3o e a informa\u00e7\u00f5es sobre o que fazer para se manter atualizado dentro do mercado de trabalho.<br><br>Os interessados em participar da Escola do Emprego devem ter a partir de 16 anos (condi\u00e7\u00e3o de menor aprendiz) ou maior de idade, estando ou n\u00e3o em situa\u00e7\u00e3o de desemprego. As a\u00e7\u00f5es acontecem de forma itinerante em pontos parceiros como escolas p\u00fablicas, N\u00facleos de Conviv\u00eancia, C\u00e2mara Municipal, Instituto Movart, Associa\u00e7\u00e3o Comercial (Acia) e no pr\u00f3prio Sine.<br><br>\u201cO projeto segue um cronograma natural, desde a confec\u00e7\u00e3o de curr\u00edculos at\u00e9 a sinaliza\u00e7\u00e3o positiva da empresa em contratar o trabalhador. Caso o trabalhador perca algum desses workshops realizados, ele poder\u00e1 perder a oportunidade de adquirir conhecimento dentro de todo o processo. Participar de uma a\u00e7\u00e3o como essa \u00e9 de extrema import\u00e2ncia para qualquer idade\u201d, conta o coordenador do Sine Arax\u00e1, Luis Fl\u00e1vio de Melo.<br><br>Mais informa\u00e7\u00f5es, pelos contatos 3691-7046 e 3691-7049, ou na sede do Sine &#8211; Rua Franklin de Castro, n\u00ba 178, Centro.<\/p>\n","protected":false},"excerpt":{"rendered":"<p>Qualificar a m\u00e3o de obra presente na cidade e conscientizar a popula\u00e7\u00e3o sobre a import\u00e2ncia de se atualizar para o<\/p>\n","protected":false},"author":2,"featured_media":1873,"comment_status":"open","ping_status":"open","sticky":false,"template":"","format":"standard","meta":{"footnotes":""},"categories":[9,11],"tags":[],"class_list":["post-1871","post","type-post","status-publish","format-standard","has-post-thumbnail","hentry","category-araxa","category-destaques"],"_links":{"self":[{"href":"http:\/\/blogdoarmindomaia.com.br\/index.php?rest_route=\/wp\/v2\/posts\/1871","targetHints":{"allow":["GET"]}}],"collection":[{"href":"http:\/\/blogdoarmindomaia.com.br\/index.php?rest_route=\/wp\/v2\/posts"}],"about":[{"href":"http:\/\/blogdoarmindomaia.com.br\/index.php?rest_route=\/wp\/v2\/types\/post"}],"author":[{"embeddable":true,"href":"http:\/\/blogdoarmindomaia.com.br\/index.php?rest_route=\/wp\/v2\/users\/2"}],"replies":[{"embeddable":true,"href":"http:\/\/blogdoarmindomaia.com.br\/index.php?rest_route=%2Fwp%2Fv2%2Fcomments&post=1871"}],"version-history":[{"count":1,"href":"http:\/\/blogdoarmindomaia.com.br\/index.php?rest_route=\/wp\/v2\/posts\/1871\/revisions"}],"predecessor-version":[{"id":1874,"href":"http:\/\/blogdoarmindomaia.com.br\/index.php?rest_route=\/wp\/v2\/posts\/1871\/revisions\/1874"}],"wp:featuredmedia":[{"embeddable":true,"href":"http:\/\/blogdoarmindomaia.com.br\/index.php?rest_route=\/wp\/v2\/media\/1873"}],"wp:attachment":[{"href":"http:\/\/blogdoarmindomaia.com.br\/index.php?rest_route=%2Fwp%2Fv2%2Fmedia&parent=1871"}],"wp:term":[{"taxonomy":"category","embeddable":true,"href":"http:\/\/blogdoarmindomaia.com.br\/index.php?rest_route=%2Fwp%2Fv2%2Fcategories&post=1871"},{"taxonomy":"post_tag","embeddable":true,"href":"http:\/\/blogdoarmindomaia.com.br\/index.php?rest_route=%2Fwp%2Fv2%2Ftags&post=1871"}],"curies":[{"name":"wp","href":"https:\/\/api.w.org\/{rel}","templated":true}]}}