{"id":1875,"date":"2022-07-14T16:27:59","date_gmt":"2022-07-14T19:27:59","guid":{"rendered":"http:\/\/blogdoarmindomaia.com.br\/?p=1875"},"modified":"2022-07-14T16:28:02","modified_gmt":"2022-07-14T19:28:02","slug":"1-festival-de-artes-integradas-de-araxa-reune-mais-de-600-pessoas-em-tres-dias-de-atracoes","status":"publish","type":"post","link":"http:\/\/blogdoarmindomaia.com.br\/?p=1875","title":{"rendered":"1\u00b0 Festival de Artes Integradas de Arax\u00e1 re\u00fane mais de 600 pessoas em tr\u00eas dias de atra\u00e7\u00f5es"},"content":{"rendered":"\n<figure class=\"wp-block-image size-full\"><img loading=\"lazy\" decoding=\"async\" width=\"1024\" height=\"683\" src=\"http:\/\/blogdoarmindomaia.com.br\/wp-content\/uploads\/2022\/07\/festival-de-artes-2.jpeg\" alt=\"\" class=\"wp-image-1876\" srcset=\"http:\/\/blogdoarmindomaia.com.br\/wp-content\/uploads\/2022\/07\/festival-de-artes-2.jpeg 1024w, http:\/\/blogdoarmindomaia.com.br\/wp-content\/uploads\/2022\/07\/festival-de-artes-2-300x200.jpeg 300w, http:\/\/blogdoarmindomaia.com.br\/wp-content\/uploads\/2022\/07\/festival-de-artes-2-768x512.jpeg 768w\" sizes=\"auto, (max-width: 1024px) 100vw, 1024px\" \/><\/figure>\n\n\n\n<figure class=\"wp-block-image size-full\"><img loading=\"lazy\" decoding=\"async\" width=\"1024\" height=\"683\" src=\"http:\/\/blogdoarmindomaia.com.br\/wp-content\/uploads\/2022\/07\/1o-Festival-de-Artes-Integradas-de-Araxa-pag-06.jpeg\" alt=\"\" class=\"wp-image-1877\" srcset=\"http:\/\/blogdoarmindomaia.com.br\/wp-content\/uploads\/2022\/07\/1o-Festival-de-Artes-Integradas-de-Araxa-pag-06.jpeg 1024w, http:\/\/blogdoarmindomaia.com.br\/wp-content\/uploads\/2022\/07\/1o-Festival-de-Artes-Integradas-de-Araxa-pag-06-300x200.jpeg 300w, http:\/\/blogdoarmindomaia.com.br\/wp-content\/uploads\/2022\/07\/1o-Festival-de-Artes-Integradas-de-Araxa-pag-06-768x512.jpeg 768w\" sizes=\"auto, (max-width: 1024px) 100vw, 1024px\" \/><\/figure>\n\n\n\n<p>Apresenta\u00e7\u00f5es que foram desde dan\u00e7a, teatro, m\u00fasica e cinema at\u00e9 batalha de rimas, exposi\u00e7\u00f5es art\u00edsticas e oficinas. Com uma programa\u00e7\u00e3o para todos os gostos, o 1\u00b0 Festival de Artes Integradas de Arax\u00e1 foi promovido pela Funda\u00e7\u00e3o Cultural Calmon Barreto (FCCB) entre os dias 6 e 8 de julho.<br><br>Durante os tr\u00eas dias de evento, mais de 600 pessoas passaram pelo Teatro Municipal Maximiliano Rocha e pelo Museu Calmon Barreto e Memorial de Arax\u00e1. As atra\u00e7\u00f5es contaram com apresenta\u00e7\u00f5es de 20 projetos aprovados pela Lei Calmon Barreto 2.<br><br>\u201cA primeira edi\u00e7\u00e3o do festival teve uma ades\u00e3o excelente. Ela foi uma oportunidade para os artistas se apresentarem e de mostrarmos a produ\u00e7\u00e3o cultural realizada em nossa cidade. O palco do Teatro Municipal foi todo organizado para que o evento acontecesse e, al\u00e9m disso, no museu, tivemos a participa\u00e7\u00e3o das escolas da rede municipal com oficinas aos alunos\u201d, destaca a presidente da FCBB, Cynthia Ver\u00e7osa.<br><br>Com o espet\u00e1culo infantil \u2018Brincando com o Tempo\u2019, a artista e produtora cultural Rosana Loren avalia como positiva a contempla\u00e7\u00e3o do projeto e a participa\u00e7\u00e3o no festival.<br><br>\u201cTodo mundo est\u00e1 sabendo que a cultura est\u00e1 passando por um momento muito complicado. Estamos voltando nesse per\u00edodo com o al\u00edvio da pandemia, mas devagar. Ent\u00e3o, se eu n\u00e3o pudesse contar com esse recurso, seria mais dif\u00edcil. Esse incentivo me faz acreditar na arte e que as pessoas est\u00e3o, sim, preocupadas em fomentar a cultura\u201d, ressalta.<br><br><strong>Cadastro de Artistas<br><\/strong><br>Os artistas que desejam pleitear recursos em futuras leis de incentivo no munic\u00edpio devem realizar um cadastro no site da Funda\u00e7\u00e3o Cultural Calmon Barreto (&nbsp;<a href=\"http:\/\/fundacaocalmonbarreto.mg.gov.br\/\" target=\"_blank\" rel=\"noreferrer noopener\">http:\/\/fundacaocalmonbarreto.mg.gov.br\/<\/a>&nbsp;), na aba \u2018Cadastro Municipal de Cultura\u2019. Como requisito, \u00e9 necess\u00e1rio ter no m\u00ednimo dois anos de atua\u00e7\u00e3o no mercado cultural e a comprova\u00e7\u00e3o da relev\u00e2ncia do trabalho prestado \u00e0 comunidade.<br><br>\u201cEstamos finalizando a Lei Calmon Barreto 2. Logo, j\u00e1 come\u00e7aremos a estruturar o pr\u00f3ximo edital, pensando em eventos futuros para o final do ano. Por isso, os artistas devem ficar atentos ao cadastro. Ele deve ser feito e estar atualizado. \u00c9 importante que os segmentos de atua\u00e7\u00e3o informados estejam alinhados com o projeto que ser\u00e1 apresentado no futuro\u201d, alerta Cynthia Ver\u00e7osa.<br><\/p>\n","protected":false},"excerpt":{"rendered":"<p>Apresenta\u00e7\u00f5es que foram desde dan\u00e7a, teatro, m\u00fasica e cinema at\u00e9 batalha de rimas, exposi\u00e7\u00f5es art\u00edsticas e oficinas. Com uma programa\u00e7\u00e3o<\/p>\n","protected":false},"author":2,"featured_media":1876,"comment_status":"open","ping_status":"open","sticky":false,"template":"","format":"standard","meta":{"footnotes":""},"categories":[9,5],"tags":[],"class_list":["post-1875","post","type-post","status-publish","format-standard","has-post-thumbnail","hentry","category-araxa","category-arte-e-cultura"],"_links":{"self":[{"href":"http:\/\/blogdoarmindomaia.com.br\/index.php?rest_route=\/wp\/v2\/posts\/1875","targetHints":{"allow":["GET"]}}],"collection":[{"href":"http:\/\/blogdoarmindomaia.com.br\/index.php?rest_route=\/wp\/v2\/posts"}],"about":[{"href":"http:\/\/blogdoarmindomaia.com.br\/index.php?rest_route=\/wp\/v2\/types\/post"}],"author":[{"embeddable":true,"href":"http:\/\/blogdoarmindomaia.com.br\/index.php?rest_route=\/wp\/v2\/users\/2"}],"replies":[{"embeddable":true,"href":"http:\/\/blogdoarmindomaia.com.br\/index.php?rest_route=%2Fwp%2Fv2%2Fcomments&post=1875"}],"version-history":[{"count":1,"href":"http:\/\/blogdoarmindomaia.com.br\/index.php?rest_route=\/wp\/v2\/posts\/1875\/revisions"}],"predecessor-version":[{"id":1878,"href":"http:\/\/blogdoarmindomaia.com.br\/index.php?rest_route=\/wp\/v2\/posts\/1875\/revisions\/1878"}],"wp:featuredmedia":[{"embeddable":true,"href":"http:\/\/blogdoarmindomaia.com.br\/index.php?rest_route=\/wp\/v2\/media\/1876"}],"wp:attachment":[{"href":"http:\/\/blogdoarmindomaia.com.br\/index.php?rest_route=%2Fwp%2Fv2%2Fmedia&parent=1875"}],"wp:term":[{"taxonomy":"category","embeddable":true,"href":"http:\/\/blogdoarmindomaia.com.br\/index.php?rest_route=%2Fwp%2Fv2%2Fcategories&post=1875"},{"taxonomy":"post_tag","embeddable":true,"href":"http:\/\/blogdoarmindomaia.com.br\/index.php?rest_route=%2Fwp%2Fv2%2Ftags&post=1875"}],"curies":[{"name":"wp","href":"https:\/\/api.w.org\/{rel}","templated":true}]}}