{"id":1879,"date":"2022-07-14T16:32:44","date_gmt":"2022-07-14T19:32:44","guid":{"rendered":"http:\/\/blogdoarmindomaia.com.br\/?p=1879"},"modified":"2022-07-14T16:32:46","modified_gmt":"2022-07-14T19:32:46","slug":"prefeitura-de-araxa-equipa-unidades-infantis-de-ensino-com-novo-mobiliario%ef%bf%bc","status":"publish","type":"post","link":"http:\/\/blogdoarmindomaia.com.br\/?p=1879","title":{"rendered":"Prefeitura de Arax\u00e1 equipa unidades infantis de ensino com novo mobili\u00e1rio\ufffc"},"content":{"rendered":"\n<figure class=\"wp-block-image size-large\"><img loading=\"lazy\" decoding=\"async\" width=\"1024\" height=\"682\" src=\"http:\/\/blogdoarmindomaia.com.br\/wp-content\/uploads\/2022\/07\/Novo-mobiliario-Escolas-Infantis-do-Municipio-3-1024x682.jpeg\" alt=\"\" class=\"wp-image-1880\" srcset=\"http:\/\/blogdoarmindomaia.com.br\/wp-content\/uploads\/2022\/07\/Novo-mobiliario-Escolas-Infantis-do-Municipio-3-1024x682.jpeg 1024w, http:\/\/blogdoarmindomaia.com.br\/wp-content\/uploads\/2022\/07\/Novo-mobiliario-Escolas-Infantis-do-Municipio-3-300x200.jpeg 300w, http:\/\/blogdoarmindomaia.com.br\/wp-content\/uploads\/2022\/07\/Novo-mobiliario-Escolas-Infantis-do-Municipio-3-768x512.jpeg 768w, http:\/\/blogdoarmindomaia.com.br\/wp-content\/uploads\/2022\/07\/Novo-mobiliario-Escolas-Infantis-do-Municipio-3.jpeg 1280w\" sizes=\"auto, (max-width: 1024px) 100vw, 1024px\" \/><\/figure>\n\n\n\n<figure class=\"wp-block-image size-full\"><img loading=\"lazy\" decoding=\"async\" width=\"1024\" height=\"768\" src=\"http:\/\/blogdoarmindomaia.com.br\/wp-content\/uploads\/2022\/07\/Prefeitura-de-Araxa-equipa-unidades-infantis-de-ensino-pag-6b.jpeg\" alt=\"\" class=\"wp-image-1881\" srcset=\"http:\/\/blogdoarmindomaia.com.br\/wp-content\/uploads\/2022\/07\/Prefeitura-de-Araxa-equipa-unidades-infantis-de-ensino-pag-6b.jpeg 1024w, http:\/\/blogdoarmindomaia.com.br\/wp-content\/uploads\/2022\/07\/Prefeitura-de-Araxa-equipa-unidades-infantis-de-ensino-pag-6b-300x225.jpeg 300w, http:\/\/blogdoarmindomaia.com.br\/wp-content\/uploads\/2022\/07\/Prefeitura-de-Araxa-equipa-unidades-infantis-de-ensino-pag-6b-768x576.jpeg 768w\" sizes=\"auto, (max-width: 1024px) 100vw, 1024px\" \/><\/figure>\n\n\n\n<p>A Secretaria Municipal de Educa\u00e7\u00e3o iniciou a distribui\u00e7\u00e3o de novos mobili\u00e1rios para todas as unidades de ensino infantil que recebem crian\u00e7as de 0 a 5 anos. S\u00e3o 2.990 equipamentos de alta qualidade, com investimento de mais de R$ 3,5 milh\u00f5es em recursos pr\u00f3prios para creches e escolas infantis da zona urbana e rural.<br><br>O prefeito Robson Magela e a secret\u00e1ria Zulma Moreira conferiram o novo mobili\u00e1rio durante visita ao Centro Municipal de Educa\u00e7\u00e3o Infantil (Cemei) Araci Pedrelina de Lima, no bairro Boa Vista.<br><br>De acordo com Zulma, a aquisi\u00e7\u00e3o do mobili\u00e1rio foi definida no in\u00edcio do ano devido \u00e0 necessidade e urg\u00eancia de modernizar os espa\u00e7os escolares. \u201cA maioria dos m\u00f3veis j\u00e1 existentes acabaram se desgastando com o tempo e com a limpeza e manuten\u00e7\u00e3o frequentes. A nossa previs\u00e3o \u00e9 entregar todo o mobili\u00e1rio at\u00e9 a primeira quinzena de julho\u201d, afirma.<br><br>S\u00e3o 35 conjuntos de merenda escolar (com 4 lugares cada), 255 conjuntos para professor (contendo mesa e cadeira) e 450 conjuntos trap\u00e9zio (com 6 mesas infantis, totalizando 2.700 mesas e cadeiras infantis).<br><br>\u201cA escola fica mais colorida, mais alegre e os professores acabam trabalhando melhor. Isso facilita o aprendizado em qualquer idade, a escola fica ainda mais acolhedora\u201d, reitera Zulma.<br><br>O prefeito Robson Magela acrescenta a alegria de ver alunos e profissionais da Educa\u00e7\u00e3o valorizados com a moderniza\u00e7\u00e3o das escolas. \u201cOs novos m\u00f3veis trazem mais conforto, seguran\u00e7a para as crian\u00e7as e servidores, consequentemente, trazem confian\u00e7a aos pais. A chegada desses m\u00f3veis vai valorizar e mostrar ainda mais o amor e carinho da atual gest\u00e3o com os pequenos e com a educa\u00e7\u00e3o de Arax\u00e1\u201d, conclui.<br><\/p>\n","protected":false},"excerpt":{"rendered":"<p>A Secretaria Municipal de Educa\u00e7\u00e3o iniciou a distribui\u00e7\u00e3o de novos mobili\u00e1rios para todas as unidades de ensino infantil que recebem<\/p>\n","protected":false},"author":2,"featured_media":1881,"comment_status":"open","ping_status":"open","sticky":false,"template":"","format":"standard","meta":{"footnotes":""},"categories":[9,11,13],"tags":[],"class_list":["post-1879","post","type-post","status-publish","format-standard","has-post-thumbnail","hentry","category-araxa","category-destaques","category-educacao"],"_links":{"self":[{"href":"http:\/\/blogdoarmindomaia.com.br\/index.php?rest_route=\/wp\/v2\/posts\/1879","targetHints":{"allow":["GET"]}}],"collection":[{"href":"http:\/\/blogdoarmindomaia.com.br\/index.php?rest_route=\/wp\/v2\/posts"}],"about":[{"href":"http:\/\/blogdoarmindomaia.com.br\/index.php?rest_route=\/wp\/v2\/types\/post"}],"author":[{"embeddable":true,"href":"http:\/\/blogdoarmindomaia.com.br\/index.php?rest_route=\/wp\/v2\/users\/2"}],"replies":[{"embeddable":true,"href":"http:\/\/blogdoarmindomaia.com.br\/index.php?rest_route=%2Fwp%2Fv2%2Fcomments&post=1879"}],"version-history":[{"count":1,"href":"http:\/\/blogdoarmindomaia.com.br\/index.php?rest_route=\/wp\/v2\/posts\/1879\/revisions"}],"predecessor-version":[{"id":1882,"href":"http:\/\/blogdoarmindomaia.com.br\/index.php?rest_route=\/wp\/v2\/posts\/1879\/revisions\/1882"}],"wp:featuredmedia":[{"embeddable":true,"href":"http:\/\/blogdoarmindomaia.com.br\/index.php?rest_route=\/wp\/v2\/media\/1881"}],"wp:attachment":[{"href":"http:\/\/blogdoarmindomaia.com.br\/index.php?rest_route=%2Fwp%2Fv2%2Fmedia&parent=1879"}],"wp:term":[{"taxonomy":"category","embeddable":true,"href":"http:\/\/blogdoarmindomaia.com.br\/index.php?rest_route=%2Fwp%2Fv2%2Fcategories&post=1879"},{"taxonomy":"post_tag","embeddable":true,"href":"http:\/\/blogdoarmindomaia.com.br\/index.php?rest_route=%2Fwp%2Fv2%2Ftags&post=1879"}],"curies":[{"name":"wp","href":"https:\/\/api.w.org\/{rel}","templated":true}]}}