{"id":1883,"date":"2022-07-14T16:35:58","date_gmt":"2022-07-14T19:35:58","guid":{"rendered":"http:\/\/blogdoarmindomaia.com.br\/?p=1883"},"modified":"2022-07-14T16:36:02","modified_gmt":"2022-07-14T19:36:02","slug":"com-21-equipes-ruralao-2022-comeca-domingo","status":"publish","type":"post","link":"http:\/\/blogdoarmindomaia.com.br\/?p=1883","title":{"rendered":"Com 21 equipes, Rural\u00e3o 2022 come\u00e7a domingo"},"content":{"rendered":"\n<figure class=\"wp-block-image size-full\"><img loading=\"lazy\" decoding=\"async\" width=\"1024\" height=\"683\" src=\"http:\/\/blogdoarmindomaia.com.br\/wp-content\/uploads\/2022\/07\/Com-21-equipesRuralao-2022-comeca-domingo-esportres.jpeg\" alt=\"\" class=\"wp-image-1884\" srcset=\"http:\/\/blogdoarmindomaia.com.br\/wp-content\/uploads\/2022\/07\/Com-21-equipesRuralao-2022-comeca-domingo-esportres.jpeg 1024w, http:\/\/blogdoarmindomaia.com.br\/wp-content\/uploads\/2022\/07\/Com-21-equipesRuralao-2022-comeca-domingo-esportres-300x200.jpeg 300w, http:\/\/blogdoarmindomaia.com.br\/wp-content\/uploads\/2022\/07\/Com-21-equipesRuralao-2022-comeca-domingo-esportres-768x512.jpeg 768w\" sizes=\"auto, (max-width: 1024px) 100vw, 1024px\" \/><\/figure>\n\n\n\n<p>Ap\u00f3s dois anos de paralisa\u00e7\u00e3o devido \u00e0 pandemia da Covid-19, o Campeonato Rural\u00e3o ser\u00e1 retomado neste m\u00eas de julho. A Secretaria Municipal de Esportes j\u00e1 definiu a forma de disputa e o regulamento da competi\u00e7\u00e3o, que ter\u00e1 21 equipes participantes. O Torneio In\u00edcio que marca a abertura do campeonato acontecer\u00e1 no pr\u00f3ximo dia 17 (domingo), a partir das 8h, no Est\u00e1dio Municipal Fausto Alvim. J\u00e1 a primeira rodada est\u00e1 marcada para o dia 24.<br><br>De acordo com o secret\u00e1rio Jos\u00e9 Antunes Soares J\u00fanior (Ded\u00e9), o retorno do campeonato \u00e9 important\u00edssimo para Arax\u00e1 e regi\u00e3o. \u201cO Rural\u00e3o \u00e9 um dos torneios mais tradicionais de Arax\u00e1, ele movimenta os amantes do esporte e a economia local. As pessoas estavam sentindo muita falta, estamos muito felizes por proporcionar esse retorno de forma organizada e segura a todos\u201d, destaca.<br><br>A primeira fase da competi\u00e7\u00e3o (fase de grupos) ser\u00e1 dividida em tr\u00eas chaves, com sete equipes cada. Os times se enfrentam entre si (uma \u00fanica vez) dentro de seus respectivos grupos. Os cinco melhores colocados de cada chave e o sexto melhor colocado geral se classificam para a pr\u00f3xima fase.<br><br>As fases eliminat\u00f3rias (oitavas, quartas, semifinal e final) ser\u00e3o disputadas em formato de mata-mata, com jogos de ida e volta. Os melhores colocados na fase grupos entram nesta fase eliminat\u00f3ria com vantagem de dois resultados iguais. A disputa do 3\u00aa lugar ser\u00e1 realizada em jogo \u00fanico no dia da 2\u00aa partida da final da competi\u00e7\u00e3o.<br><br>As equipes que disputar\u00e3o o torneio s\u00e3o: Ajesp, Amigos, Audax, Boca J\u00fanior, Capela, Ch\u00e1cara Dona Ad\u00e9lia, Curva de Rio, Estrela Azul, Guarani Jr, Gondins, Fazenda Alian\u00e7a, Fazenda Campos, Fazenda Chapec\u00f3, Fazenda Estiva, Fazenda M\u00e1fia, Fazenda Santa Vit\u00f3ria, Perdizinha, Santo Ant\u00f4nio F.C., S\u00e3o Pedro, S\u00edtio 3 Colinas, TNT Tapira.<br><br>Os jogos ser\u00e3o realizados nos seguintes campos: Ch\u00e1cara Dona Ad\u00e9lia, Fazenda Campos, Centro Esportivo de Tapira (Cetap), Est\u00e1dio Ernesto Du\u00edlio Stefani (Arena do Cachorr\u00e3o) e Est\u00e1dio Oliveiros Fraga (Perdizes). A semifinal e final acontecer\u00e3o no Est\u00e1dio Municipal Fausto Alvim.<br><br>O assessor de Esportes Amador e Rural, M\u00e1rcio Rosa, explica que as diretrizes do campeonato foram feitas em conjunto com as equipes participantes. \u201cDesde que anunciamos o desejo em realizar o campeonato neste ano, realizamos diversas reuni\u00f5es com os representantes das equipes. Todos tiveram a oportunidade de opinar e participar de todas as decis\u00f5es referentes \u00e0 forma de disputa, regras e diretrizes gerais do torneio\u201d, explica.<br><\/p>\n","protected":false},"excerpt":{"rendered":"<p>Ap\u00f3s dois anos de paralisa\u00e7\u00e3o devido \u00e0 pandemia da Covid-19, o Campeonato Rural\u00e3o ser\u00e1 retomado neste m\u00eas de julho. A<\/p>\n","protected":false},"author":2,"featured_media":0,"comment_status":"open","ping_status":"open","sticky":false,"template":"","format":"standard","meta":{"footnotes":""},"categories":[1],"tags":[],"class_list":["post-1883","post","type-post","status-publish","format-standard","hentry","category-sem-categoria"],"_links":{"self":[{"href":"http:\/\/blogdoarmindomaia.com.br\/index.php?rest_route=\/wp\/v2\/posts\/1883","targetHints":{"allow":["GET"]}}],"collection":[{"href":"http:\/\/blogdoarmindomaia.com.br\/index.php?rest_route=\/wp\/v2\/posts"}],"about":[{"href":"http:\/\/blogdoarmindomaia.com.br\/index.php?rest_route=\/wp\/v2\/types\/post"}],"author":[{"embeddable":true,"href":"http:\/\/blogdoarmindomaia.com.br\/index.php?rest_route=\/wp\/v2\/users\/2"}],"replies":[{"embeddable":true,"href":"http:\/\/blogdoarmindomaia.com.br\/index.php?rest_route=%2Fwp%2Fv2%2Fcomments&post=1883"}],"version-history":[{"count":1,"href":"http:\/\/blogdoarmindomaia.com.br\/index.php?rest_route=\/wp\/v2\/posts\/1883\/revisions"}],"predecessor-version":[{"id":1885,"href":"http:\/\/blogdoarmindomaia.com.br\/index.php?rest_route=\/wp\/v2\/posts\/1883\/revisions\/1885"}],"wp:attachment":[{"href":"http:\/\/blogdoarmindomaia.com.br\/index.php?rest_route=%2Fwp%2Fv2%2Fmedia&parent=1883"}],"wp:term":[{"taxonomy":"category","embeddable":true,"href":"http:\/\/blogdoarmindomaia.com.br\/index.php?rest_route=%2Fwp%2Fv2%2Fcategories&post=1883"},{"taxonomy":"post_tag","embeddable":true,"href":"http:\/\/blogdoarmindomaia.com.br\/index.php?rest_route=%2Fwp%2Fv2%2Ftags&post=1883"}],"curies":[{"name":"wp","href":"https:\/\/api.w.org\/{rel}","templated":true}]}}