{"id":1886,"date":"2022-07-14T23:26:14","date_gmt":"2022-07-15T02:26:14","guid":{"rendered":"http:\/\/blogdoarmindomaia.com.br\/?p=1886"},"modified":"2022-07-14T23:26:16","modified_gmt":"2022-07-15T02:26:16","slug":"justa-homenagemfeira-livre-do-urciano-lemos-e-rebatizada-como-radialista-silmar-borges","status":"publish","type":"post","link":"http:\/\/blogdoarmindomaia.com.br\/?p=1886","title":{"rendered":"JUSTA HOMENAGEM:Feira Livre do Urciano Lemos \u00e9 rebatizada como &#8220;Radialista Silmar Borges"},"content":{"rendered":"\n<figure class=\"wp-block-image size-full is-style-default\"><img loading=\"lazy\" decoding=\"async\" width=\"1024\" height=\"683\" src=\"http:\/\/blogdoarmindomaia.com.br\/wp-content\/uploads\/2022\/07\/feira-silmar-9.jpeg\" alt=\"\" class=\"wp-image-1887\" srcset=\"http:\/\/blogdoarmindomaia.com.br\/wp-content\/uploads\/2022\/07\/feira-silmar-9.jpeg 1024w, http:\/\/blogdoarmindomaia.com.br\/wp-content\/uploads\/2022\/07\/feira-silmar-9-300x200.jpeg 300w, http:\/\/blogdoarmindomaia.com.br\/wp-content\/uploads\/2022\/07\/feira-silmar-9-768x512.jpeg 768w\" sizes=\"auto, (max-width: 1024px) 100vw, 1024px\" \/><\/figure>\n\n\n\n<p>Uma das vozes mais marcantes da r\u00e1dio araxaense, l\u00edder de audi\u00eancia no despertar das manh\u00e3s, foi eternizada em homenagem prestada pela Prefeitura de Arax\u00e1. O espa\u00e7o onde comporta a Feira Livre do bairro Urciano Lemos recebeu, nesta quinta-feira (14), a nova identidade que referenda o lugar como &#8220;Feira Radialista Silmar Borges&#8221;.<\/p>\n\n\n\n<p>A homenagem veio a partir da Lei Municipal n\u00ba 7.715\/2022, de autoria do vereador Evaldo Ferrocarril, aprovada por unanimidade pelo Legislativo e sancionada pelo prefeito Robson Magela em 9 mar\u00e7o de 2022. &#8220;O Silmar Borges era muito querido. Um radialista incr\u00edvel, muito carism\u00e1tico, que tinha uma grande audi\u00eancia em todas as duas r\u00e1dios por onde passou e que tamb\u00e9m gostava muito aqui da Feira Livre do Urciano. A homenagem \u00e9 mais que merecida&#8221;, destacou o vereador Evaldo durante o ato de inaugura\u00e7\u00e3o do novo nome do espa\u00e7o.<\/p>\n\n\n\n<p>Silmar Borges faleceu aos 62 anos de idade, em 14 de novembro de 2021, enquanto lutava contra um c\u00e2ncer no f\u00edgado. Mesmo ap\u00f3s a descoberta do tumor, Silmar continuou comandando a apresenta\u00e7\u00e3o do programa \u2018Amanhecendo na Ro\u00e7a\u2019, pela R\u00e1dio Imbiara, diariamente das 5h \u00e0s 9h, at\u00e9 os momentos finais de vida.<\/p>\n\n\n\n<p>A homenagem contou com as presen\u00e7as da esposa Lucivane, acompanhada das filhas Nataliana e Sabrina, dos netos Gabriel, Sofia e Cec\u00edlia e dos genros Bruno e \u00c2ngelo. Tamb\u00e9m estiveram presentes amigos representando as duas r\u00e1dios por onde Silmar passou, o diretor da R\u00e1dio Imbiara, Jos\u00e9 Deusdedit (Zezinho), e o radialista Marcos Roberto, da R\u00e1dio Cidade.<\/p>\n\n\n\n<p>Ao longo de 43 anos dedicados \u00e0 profiss\u00e3o, Simar conquistou f\u00e3s de todas as idades com sua irrever\u00eancia presente em uma voz marcante, carregada de sotaque caipira e com bord\u00f5es que s\u00e3o conhecidos em toda a cidade, como \u201cAl\u00f4 mo\u00e7ada\u201d, \u201cOlha a hora, dona Aurora\u201d, \u201cDez pras Sete, Donizete\u201d, &#8220;Tchau, brigado!&#8221;, \u201cOh, s\u00f4\u201d.<\/p>\n\n\n\n<p>Com a voz embargada de emo\u00e7\u00e3o, a filha mais velha do radialista relembrou os principais momentos vividos desde a inf\u00e2ncia com o pai, especialmente no lugar que hoje carrega o seu nome.<\/p>\n\n\n\n<p>&#8220;Durante alguns anos, ele madrugou aqui nesse local. Ele, juntamente com seus amigos e companheiros da feira, debaixo de chuva ou sol, fazendo frio ou calor, vinham para c\u00e1 trabalhar todo domingo. Por esse motivo e por v\u00e1rios outros, tenho certeza de que n\u00e3o poderia haver outro lugar melhor para realizarem essa homenagem. Ele amava estar aqui, fez muitos amigos e tinha muito carinho pelo bairro Urciano Lemos e seus moradores&#8221;, destacou Sabrina.<\/p>\n\n\n\n<p>Emocionado, o prefeito Robson Magela relembrou dos tempos de r\u00e1dio em que dividiu a audi\u00eancia com o colega de profiss\u00e3o. &#8220;Para mim, falar do Silmar \u00e9 muito f\u00e1cil. Tive a honra de trabalhar e aprender muito com ele. Era um homem simples, parceiro e admir\u00e1vel, tanto como pessoa como profissional, e por onde passava n\u00e3o tinha tristeza. Ele deixa um legado de contribui\u00e7\u00f5es \u00e0 sociedade araxaense e esta homenagem \u00e9 apenas uma forma singela de eternizar o seu nome na cidade&#8221;, concluiu o prefeito.<\/p>\n","protected":false},"excerpt":{"rendered":"<p>Uma das vozes mais marcantes da r\u00e1dio araxaense, l\u00edder de audi\u00eancia no despertar das manh\u00e3s, foi eternizada em homenagem prestada<\/p>\n","protected":false},"author":2,"featured_media":1887,"comment_status":"open","ping_status":"open","sticky":false,"template":"","format":"standard","meta":{"footnotes":""},"categories":[9,11],"tags":[],"class_list":["post-1886","post","type-post","status-publish","format-standard","has-post-thumbnail","hentry","category-araxa","category-destaques"],"_links":{"self":[{"href":"http:\/\/blogdoarmindomaia.com.br\/index.php?rest_route=\/wp\/v2\/posts\/1886","targetHints":{"allow":["GET"]}}],"collection":[{"href":"http:\/\/blogdoarmindomaia.com.br\/index.php?rest_route=\/wp\/v2\/posts"}],"about":[{"href":"http:\/\/blogdoarmindomaia.com.br\/index.php?rest_route=\/wp\/v2\/types\/post"}],"author":[{"embeddable":true,"href":"http:\/\/blogdoarmindomaia.com.br\/index.php?rest_route=\/wp\/v2\/users\/2"}],"replies":[{"embeddable":true,"href":"http:\/\/blogdoarmindomaia.com.br\/index.php?rest_route=%2Fwp%2Fv2%2Fcomments&post=1886"}],"version-history":[{"count":1,"href":"http:\/\/blogdoarmindomaia.com.br\/index.php?rest_route=\/wp\/v2\/posts\/1886\/revisions"}],"predecessor-version":[{"id":1888,"href":"http:\/\/blogdoarmindomaia.com.br\/index.php?rest_route=\/wp\/v2\/posts\/1886\/revisions\/1888"}],"wp:featuredmedia":[{"embeddable":true,"href":"http:\/\/blogdoarmindomaia.com.br\/index.php?rest_route=\/wp\/v2\/media\/1887"}],"wp:attachment":[{"href":"http:\/\/blogdoarmindomaia.com.br\/index.php?rest_route=%2Fwp%2Fv2%2Fmedia&parent=1886"}],"wp:term":[{"taxonomy":"category","embeddable":true,"href":"http:\/\/blogdoarmindomaia.com.br\/index.php?rest_route=%2Fwp%2Fv2%2Fcategories&post=1886"},{"taxonomy":"post_tag","embeddable":true,"href":"http:\/\/blogdoarmindomaia.com.br\/index.php?rest_route=%2Fwp%2Fv2%2Ftags&post=1886"}],"curies":[{"name":"wp","href":"https:\/\/api.w.org\/{rel}","templated":true}]}}