{"id":1889,"date":"2022-07-14T23:29:04","date_gmt":"2022-07-15T02:29:04","guid":{"rendered":"http:\/\/blogdoarmindomaia.com.br\/?p=1889"},"modified":"2022-07-14T23:29:06","modified_gmt":"2022-07-15T02:29:06","slug":"prefeitura-convoca-populacao-com-mais-de-18-anos-que-ainda-nao-tomou-a-3a-dose-da-vacina-covid-19-nesta-sexta-confira-outras-etapas","status":"publish","type":"post","link":"http:\/\/blogdoarmindomaia.com.br\/?p=1889","title":{"rendered":"Prefeitura convoca popula\u00e7\u00e3o com mais de 18 anos que ainda n\u00e3o tomou a 3\u00aa dose da vacina Covid-19 nesta sexta; confira outras etapas"},"content":{"rendered":"\n<figure class=\"wp-block-image size-full is-style-default\"><img loading=\"lazy\" decoding=\"async\" width=\"1024\" height=\"683\" src=\"http:\/\/blogdoarmindomaia.com.br\/wp-content\/uploads\/2022\/07\/Vacinacao-02.05.2022.jpeg\" alt=\"\" class=\"wp-image-1890\" srcset=\"http:\/\/blogdoarmindomaia.com.br\/wp-content\/uploads\/2022\/07\/Vacinacao-02.05.2022.jpeg 1024w, http:\/\/blogdoarmindomaia.com.br\/wp-content\/uploads\/2022\/07\/Vacinacao-02.05.2022-300x200.jpeg 300w, http:\/\/blogdoarmindomaia.com.br\/wp-content\/uploads\/2022\/07\/Vacinacao-02.05.2022-768x512.jpeg 768w\" sizes=\"auto, (max-width: 1024px) 100vw, 1024px\" \/><\/figure>\n\n\n\n<p>Data: 15\/07\/2022 &#8211; 8h \u00e0s 16h<br>P\u00fablico: Popula\u00e7\u00e3o 18+<br>Local: Unicentro<br>Etapa: 3\u00aa dose<\/p>\n\n\n\n<p>Data: 15\/07\/2022 &#8211; 8h \u00e0s 16h<br>P\u00fablico: Popula\u00e7\u00e3o 40+<br>Local: Unicentro<br>Etapa: 3\u00aa e 4\u00aa dose<\/p>\n\n\n\n<p>Data: 15\/07\/2022 &#8211; 8h \u00e0s 16h<br>P\u00fablico: gestantes e pu\u00e9rperas at\u00e9 45 dias<br>Local: Unicentro<br>Etapa: Conforme o Cart\u00e3o de Vacina<\/p>\n\n\n\n<p>Data: 15\/07\/2022 &#8211; 8h \u00e0s 16h<br>P\u00fablico: imunossuprimidos<br>Local: Unicentro<br>Etapa: Conforme o Cart\u00e3o de Vacina<\/p>\n\n\n\n<p><strong>Documenta\u00e7\u00e3o necess\u00e1ria:<br><\/strong><br>&#8211; 1\u00aa dose: C\u00f3pia (xerox) de documento que tenha o n\u00famero do CPF, Comprovante de Resid\u00eancia, Cart\u00e3o do SUS (se tiver) e o Cart\u00e3o de Vacina.<\/p>\n\n\n\n<p>&#8211; Demais doses: C\u00f3pia (xerox) de documento que tenha o n\u00famero do CPF e Cart\u00e3o de Vacina.<\/p>\n\n\n\n<p>Lembrando que a 2\u00aa dose \u00e9 aplicada conforme agendamento no Cart\u00e3o de Vacina ou doses em atraso. J\u00e1 a dose de refor\u00e7o deve ser aplicada com intervalo de pelo menos 4 meses desde a \u00faltima dose.<\/p>\n\n\n\n<p>No ato da vacina\u00e7\u00e3o, caso a pessoa seja menor, precisa estar acompanhada de um respons\u00e1vel.<\/p>\n\n\n\n<p>O uso da m\u00e1scara de prote\u00e7\u00e3o continua sendo obrigat\u00f3rio em locais que ofere\u00e7am servi\u00e7os de sa\u00fade, como postos de vacina\u00e7\u00e3o.<\/p>\n\n\n\n<p>O cronograma completo e documenta\u00e7\u00e3o necess\u00e1ria est\u00e3o dispon\u00edveis no site (<a href=\"http:\/\/www.araxavacina.com.br\/cronograma\" target=\"_blank\" rel=\"noreferrer noopener\">www.araxavacina.com.br\/cronograma<\/a>).<\/p>\n","protected":false},"excerpt":{"rendered":"<p>Data: 15\/07\/2022 &#8211; 8h \u00e0s 16hP\u00fablico: Popula\u00e7\u00e3o 18+Local: UnicentroEtapa: 3\u00aa dose Data: 15\/07\/2022 &#8211; 8h \u00e0s 16hP\u00fablico: Popula\u00e7\u00e3o 40+Local: UnicentroEtapa:<\/p>\n","protected":false},"author":2,"featured_media":1890,"comment_status":"open","ping_status":"open","sticky":false,"template":"","format":"standard","meta":{"footnotes":""},"categories":[9,29],"tags":[],"class_list":["post-1889","post","type-post","status-publish","format-standard","has-post-thumbnail","hentry","category-araxa","category-saude"],"_links":{"self":[{"href":"http:\/\/blogdoarmindomaia.com.br\/index.php?rest_route=\/wp\/v2\/posts\/1889","targetHints":{"allow":["GET"]}}],"collection":[{"href":"http:\/\/blogdoarmindomaia.com.br\/index.php?rest_route=\/wp\/v2\/posts"}],"about":[{"href":"http:\/\/blogdoarmindomaia.com.br\/index.php?rest_route=\/wp\/v2\/types\/post"}],"author":[{"embeddable":true,"href":"http:\/\/blogdoarmindomaia.com.br\/index.php?rest_route=\/wp\/v2\/users\/2"}],"replies":[{"embeddable":true,"href":"http:\/\/blogdoarmindomaia.com.br\/index.php?rest_route=%2Fwp%2Fv2%2Fcomments&post=1889"}],"version-history":[{"count":1,"href":"http:\/\/blogdoarmindomaia.com.br\/index.php?rest_route=\/wp\/v2\/posts\/1889\/revisions"}],"predecessor-version":[{"id":1891,"href":"http:\/\/blogdoarmindomaia.com.br\/index.php?rest_route=\/wp\/v2\/posts\/1889\/revisions\/1891"}],"wp:featuredmedia":[{"embeddable":true,"href":"http:\/\/blogdoarmindomaia.com.br\/index.php?rest_route=\/wp\/v2\/media\/1890"}],"wp:attachment":[{"href":"http:\/\/blogdoarmindomaia.com.br\/index.php?rest_route=%2Fwp%2Fv2%2Fmedia&parent=1889"}],"wp:term":[{"taxonomy":"category","embeddable":true,"href":"http:\/\/blogdoarmindomaia.com.br\/index.php?rest_route=%2Fwp%2Fv2%2Fcategories&post=1889"},{"taxonomy":"post_tag","embeddable":true,"href":"http:\/\/blogdoarmindomaia.com.br\/index.php?rest_route=%2Fwp%2Fv2%2Ftags&post=1889"}],"curies":[{"name":"wp","href":"https:\/\/api.w.org\/{rel}","templated":true}]}}