{"id":1924,"date":"2022-07-19T11:35:27","date_gmt":"2022-07-19T14:35:27","guid":{"rendered":"http:\/\/blogdoarmindomaia.com.br\/?p=1924"},"modified":"2022-07-19T11:35:30","modified_gmt":"2022-07-19T14:35:30","slug":"camara-realiza-forum-comunitario-para-debater-politicas-publicas-para-os-idosos","status":"publish","type":"post","link":"http:\/\/blogdoarmindomaia.com.br\/?p=1924","title":{"rendered":"C\u00e2mara realiza F\u00f3rum Comunit\u00e1rio para debater pol\u00edticas p\u00fablicas para os idosos"},"content":{"rendered":"\n<figure class=\"wp-block-image size-full\"><img loading=\"lazy\" decoding=\"async\" width=\"1000\" height=\"750\" src=\"http:\/\/blogdoarmindomaia.com.br\/wp-content\/uploads\/2022\/07\/mesa.jpg\" alt=\"\" class=\"wp-image-1926\" srcset=\"http:\/\/blogdoarmindomaia.com.br\/wp-content\/uploads\/2022\/07\/mesa.jpg 1000w, http:\/\/blogdoarmindomaia.com.br\/wp-content\/uploads\/2022\/07\/mesa-300x225.jpg 300w, http:\/\/blogdoarmindomaia.com.br\/wp-content\/uploads\/2022\/07\/mesa-768x576.jpg 768w\" sizes=\"auto, (max-width: 1000px) 100vw, 1000px\" \/><\/figure>\n\n\n\n<figure class=\"wp-block-image size-full\"><img loading=\"lazy\" decoding=\"async\" width=\"1000\" height=\"750\" src=\"http:\/\/blogdoarmindomaia.com.br\/wp-content\/uploads\/2022\/07\/Camara-realiza-Forum-Comunitario-para-debater-politicas-publicas-pag07.jpg\" alt=\"\" class=\"wp-image-1925\" srcset=\"http:\/\/blogdoarmindomaia.com.br\/wp-content\/uploads\/2022\/07\/Camara-realiza-Forum-Comunitario-para-debater-politicas-publicas-pag07.jpg 1000w, http:\/\/blogdoarmindomaia.com.br\/wp-content\/uploads\/2022\/07\/Camara-realiza-Forum-Comunitario-para-debater-politicas-publicas-pag07-300x225.jpg 300w, http:\/\/blogdoarmindomaia.com.br\/wp-content\/uploads\/2022\/07\/Camara-realiza-Forum-Comunitario-para-debater-politicas-publicas-pag07-768x576.jpg 768w\" sizes=\"auto, (max-width: 1000px) 100vw, 1000px\" \/><\/figure>\n\n\n\n<p>Cuidar dos idosos \u00e9 preservar nossa hist\u00f3ria e tratar o nosso futuro, com esse tema, a C\u00e2mara Municipal recebeu autoridades que lidam diretamente com esse p\u00fablico em Arax\u00e1. A sess\u00e3o atendeu uma solicita\u00e7\u00e3o do presidente da Casa, vereador Raphael Rios e contou com a participa\u00e7\u00e3o de representantes do Minist\u00e9rio P\u00fablico, Conselho Municipal do Idoso, Secretaria Municipal de A\u00e7\u00e3o e Promo\u00e7\u00e3o Social, Secretaria de Sa\u00fade, representantes de entidades, idosos, comunidade, vereadores e imprensa.<\/p>\n\n\n\n<p>A presidente interina do Conselho do Idoso, W\u00e2nessa Borges, informa que atualmente o Conselho \u00e9 composto por 17 Organiza\u00e7\u00f5es da Sociedade Civil, sendo duas institui\u00e7\u00f5es de longa perman\u00eancia e um espa\u00e7o que \u00e9 destinado \u00e0 moradia coletiva de idosos. Ela tamb\u00e9m destacou que hoje os idosos equivalem a mais de 15% da popula\u00e7\u00e3o de Arax\u00e1. A previs\u00e3o \u00e9 que, em 2030, a cidade tenha mais idosos do que crian\u00e7as.<\/p>\n\n\n\n<p>O secret\u00e1rio Municipal de A\u00e7\u00e3o e Promo\u00e7\u00e3o Social, Wagner Cruz, apresentou os principais programas e servi\u00e7os da pasta para o p\u00fablico 60+. Segundo ele, o servi\u00e7o de prote\u00e7\u00e3o \u00e0 pessoa idosa do Centro de Refer\u00eancia em Assist\u00eancia Social (Creas) atendeu, no per\u00edodo de janeiro de 2021 \u00e0 junho de 2022, 373 idosos que tiveram seus direitos violados. Ele exibiu um gr\u00e1fico com os principais tipos de viola\u00e7\u00f5es: neglig\u00eancia, viol\u00eancia financeira e pedido de acolhimento.<\/p>\n\n\n\n<p>A promotora de Justi\u00e7a e curadora do Idoso, Mara L\u00facia Silva Dourado, alertou os presentes sobre a demanda em rela\u00e7\u00e3o aos idosos, que vem crescendo n\u00e3o s\u00f3 em quantidade, mas tamb\u00e9m em complexidade de atendimento.<\/p>\n\n\n\n<p>Ela apontou como pontos fortes em Arax\u00e1, a exist\u00eancia de bons projetos financiados com recursos do Fundo Municipal do Idoso e executados pelo terceiro setor. Em contrapartida, a promotora demonstrou sua preocupa\u00e7\u00e3o quanto ao aumento dos casos de viola\u00e7\u00e3o de direitos desse p\u00fablico, o acolhimento institucional como pol\u00edtica p\u00fablica, a necessidade de fortalecimento da rede do Sistema \u00danico de Assist\u00eancia Social (SUAS) e do Sistema \u00danico de Sa\u00fade (SUS), articula\u00e7\u00e3o e capacita\u00e7\u00e3o dos atores da rede e valoriza\u00e7\u00e3o dos profissionais.<\/p>\n\n\n\n<p>Anderson Santos Carvalho \u00e9 refer\u00eancia t\u00e9cnica da sa\u00fade do homem e do idoso da Secretaria Municipal de Sa\u00fade. Ele apresentou dados sobre as principais causas de \u00f3bitos da popula\u00e7\u00e3o idosa, sendo que a m\u00e1 alimenta\u00e7\u00e3o \u00e9 o principal fator de risco. Estudos apresentados por ele apontam que as doen\u00e7as respirat\u00f3rias s\u00e3o respons\u00e1veis por 20% das mortes de idosos em Arax\u00e1.<\/p>\n\n\n\n<p>A conselheira do Idoso, Mirlane Deckers, apresentou os fluxogramas da estrutura da Rede de Assistencial \u00e0 Pessoa Idosa e de Assist\u00eancia \u00e0 Pessoa Idosa V\u00edtima de Viol\u00eancia. Ela falou da import\u00e2ncia de sensibilizar as pessoas em rela\u00e7\u00e3o a esses fluxos.<\/p>\n\n\n\n<p>A presidente das Obras Sociais Eur\u00edpedes Barsanulfo, Nilza Contato Balieiro, destacou a relev\u00e2ncia dos servi\u00e7os prestados pelo terceiro setor aos idosos, visto que as entidades atuam nas lacunas deixadas pelo servi\u00e7o p\u00fablico e privado. Ela tamb\u00e9m apresentou as entidades que prestam servi\u00e7o \u00e0 popula\u00e7\u00e3o 60+ e que fazem parte do Conselho.<\/p>\n\n\n\n<p>Finalizando o encontro, os participantes e vereadores contribu\u00edram com questionamentos e sugest\u00f5es.<\/p>\n\n\n\n<p>Como solicitante do F\u00f3rum, o vereador Raphael Rios reafirmou seu compromisso em buscar e cobrar melhorias para a pessoa idosa. Ele destacou a import\u00e2ncia de valorizar o trabalho do terceiro setor, dos volunt\u00e1rios, dos conselheiros e demais profissionais que lidam com esse p\u00fablico t\u00e3o vulner\u00e1vel. \u201cSe olhar para tr\u00e1s, veremos o quanto j\u00e1 avan\u00e7amos. Mas se olharmos para frente, veremos o quanto ainda temos que avan\u00e7ar em rela\u00e7\u00e3o \u00e0s pol\u00edticas para os idosos\u201d, destacou.<\/p>\n","protected":false},"excerpt":{"rendered":"<p>Cuidar dos idosos \u00e9 preservar nossa hist\u00f3ria e tratar o nosso futuro, com esse tema, a C\u00e2mara Municipal recebeu autoridades<\/p>\n","protected":false},"author":2,"featured_media":1926,"comment_status":"open","ping_status":"open","sticky":false,"template":"","format":"standard","meta":{"footnotes":""},"categories":[9,8],"tags":[],"class_list":["post-1924","post","type-post","status-publish","format-standard","has-post-thumbnail","hentry","category-araxa","category-cidades"],"_links":{"self":[{"href":"http:\/\/blogdoarmindomaia.com.br\/index.php?rest_route=\/wp\/v2\/posts\/1924","targetHints":{"allow":["GET"]}}],"collection":[{"href":"http:\/\/blogdoarmindomaia.com.br\/index.php?rest_route=\/wp\/v2\/posts"}],"about":[{"href":"http:\/\/blogdoarmindomaia.com.br\/index.php?rest_route=\/wp\/v2\/types\/post"}],"author":[{"embeddable":true,"href":"http:\/\/blogdoarmindomaia.com.br\/index.php?rest_route=\/wp\/v2\/users\/2"}],"replies":[{"embeddable":true,"href":"http:\/\/blogdoarmindomaia.com.br\/index.php?rest_route=%2Fwp%2Fv2%2Fcomments&post=1924"}],"version-history":[{"count":1,"href":"http:\/\/blogdoarmindomaia.com.br\/index.php?rest_route=\/wp\/v2\/posts\/1924\/revisions"}],"predecessor-version":[{"id":1927,"href":"http:\/\/blogdoarmindomaia.com.br\/index.php?rest_route=\/wp\/v2\/posts\/1924\/revisions\/1927"}],"wp:featuredmedia":[{"embeddable":true,"href":"http:\/\/blogdoarmindomaia.com.br\/index.php?rest_route=\/wp\/v2\/media\/1926"}],"wp:attachment":[{"href":"http:\/\/blogdoarmindomaia.com.br\/index.php?rest_route=%2Fwp%2Fv2%2Fmedia&parent=1924"}],"wp:term":[{"taxonomy":"category","embeddable":true,"href":"http:\/\/blogdoarmindomaia.com.br\/index.php?rest_route=%2Fwp%2Fv2%2Fcategories&post=1924"},{"taxonomy":"post_tag","embeddable":true,"href":"http:\/\/blogdoarmindomaia.com.br\/index.php?rest_route=%2Fwp%2Fv2%2Ftags&post=1924"}],"curies":[{"name":"wp","href":"https:\/\/api.w.org\/{rel}","templated":true}]}}