{"id":1933,"date":"2022-07-19T14:10:27","date_gmt":"2022-07-19T17:10:27","guid":{"rendered":"http:\/\/blogdoarmindomaia.com.br\/?p=1933"},"modified":"2022-07-19T14:10:29","modified_gmt":"2022-07-19T17:10:29","slug":"leilao-do-brazil-classics-kia-show-tera-formato-hibrido-e-carros-rarissimos","status":"publish","type":"post","link":"http:\/\/blogdoarmindomaia.com.br\/?p=1933","title":{"rendered":"Leil\u00e3o do Brazil Classics Kia Show ter\u00e1 formato h\u00edbrido e carros rar\u00edssimos"},"content":{"rendered":"\n<figure class=\"wp-block-image size-large\"><img loading=\"lazy\" decoding=\"async\" width=\"1024\" height=\"682\" src=\"http:\/\/blogdoarmindomaia.com.br\/wp-content\/uploads\/2022\/07\/Leilao-do-Brazil-Classics-Kia-Show-tera-formato-hibrido-pag-09-1024x682.jpg\" alt=\"\" class=\"wp-image-1934\" srcset=\"http:\/\/blogdoarmindomaia.com.br\/wp-content\/uploads\/2022\/07\/Leilao-do-Brazil-Classics-Kia-Show-tera-formato-hibrido-pag-09-1024x682.jpg 1024w, http:\/\/blogdoarmindomaia.com.br\/wp-content\/uploads\/2022\/07\/Leilao-do-Brazil-Classics-Kia-Show-tera-formato-hibrido-pag-09-300x200.jpg 300w, http:\/\/blogdoarmindomaia.com.br\/wp-content\/uploads\/2022\/07\/Leilao-do-Brazil-Classics-Kia-Show-tera-formato-hibrido-pag-09-768x512.jpg 768w, http:\/\/blogdoarmindomaia.com.br\/wp-content\/uploads\/2022\/07\/Leilao-do-Brazil-Classics-Kia-Show-tera-formato-hibrido-pag-09-1536x1023.jpg 1536w, http:\/\/blogdoarmindomaia.com.br\/wp-content\/uploads\/2022\/07\/Leilao-do-Brazil-Classics-Kia-Show-tera-formato-hibrido-pag-09.jpg 1600w\" sizes=\"auto, (max-width: 1024px) 100vw, 1024px\" \/><\/figure>\n\n\n\n<figure class=\"wp-block-image size-full\"><img loading=\"lazy\" decoding=\"async\" width=\"600\" height=\"450\" src=\"http:\/\/blogdoarmindomaia.com.br\/wp-content\/uploads\/2022\/07\/Ford-T-1927.jpeg\" alt=\"\" class=\"wp-image-1935\" srcset=\"http:\/\/blogdoarmindomaia.com.br\/wp-content\/uploads\/2022\/07\/Ford-T-1927.jpeg 600w, http:\/\/blogdoarmindomaia.com.br\/wp-content\/uploads\/2022\/07\/Ford-T-1927-300x225.jpeg 300w\" sizes=\"auto, (max-width: 600px) 100vw, 600px\" \/><\/figure>\n\n\n\n<p>O Leil\u00e3o de Autom\u00f3veis Antigos do Brazil Classics Kia Show j\u00e1 tem data marcada. No pr\u00f3ximo dia 29, sexta-feira, a partir de 17h, 50 lotes ser\u00e3o comercializados em um dos eventos mais glamourosos e sofisticados do circuito. &#8220;Este ano teremos um leil\u00e3o ainda mais exclusivo com lotes criteriosamente selecionados em parceria com o Veteran Car-MG&#8221;, ressalta Jos\u00e9 Paulo Parra, organizador do circuito de leil\u00f5es e diretor regional da Federa\u00e7\u00e3o Brasileira de Ve\u00edculos Antigos (FBVA).<\/p>\n\n\n\n<p>O leil\u00e3o j\u00e1 est\u00e1 aberto pela internet (<a href=\"http:\/\/www.circuitodeleiloes.com.br\/\">www.circuitodeleiloes.com.br<\/a>).<\/p>\n\n\n\n<p>e os interessados podem enviar lances, que ficam represados at\u00e9 a data do evento. &#8220;Basta se cadastrar e se apaixonar pelas raridades que vamos levar para Arax\u00e1. S\u00e3o carros a partir da d\u00e9cada de 1920 passando pelos anos 40, 50 e 60. Temos tamb\u00e9m os futuros cl\u00e1ssicos dos anos 90&#8221;, adianta.<\/p>\n\n\n\n<p>Sob a condu\u00e7\u00e3o de Joel Picelli (leiloeiro oficial), os colecionadores poder\u00e3o encontrar, por exemplo, autom\u00f3veis como o Cadillac S75 Limousine 1941. O carro de sete lugares serviu ao ex-presidente Get\u00falio Vargas.&nbsp; Outros destaques incluem um Ford T 1927 (feito sob encomenda), um Maserati Merak 74 (esportivo italiano com design indiscut\u00edvel), um Fiat 850 Barchetta 1968 e uma Porsche 911 Carrera S 2008\/2009 (ve\u00edculo especial e altamente colecion\u00e1vel).<\/p>\n\n\n\n<p>Entre os cl\u00e1ssicos americanos, destaque para uma Ford Thunderbird 1957 e um Buick Roadmaster convers\u00edvel, de 1948. Os lotes incluem ainda carros como o Peugeot 406 Coupe e o Chevrolet Calibra, al\u00e9m de cl\u00e1ssicos dos anos 70 como o Alfa Romeo 2300 e o Karmann-Ghia. Tamb\u00e9m ser\u00e3o comercializados um Fusca da d\u00e9cada de 1970 e um Monza do final da d\u00e9cada de 1980.<\/p>\n\n\n\n<p>A comercializa\u00e7\u00e3o ocorre no formato h\u00edbrido (online e presencial). &#8220;O evento ser\u00e1 transmitido ao vivo pelo Youtube. Temos carros a partir de R$20 mil e uma expectativa grande de termos lances que podem passar de R$800 mil. Todos os lotes estar\u00e3o dispon\u00edveis para visita\u00e7\u00e3o no local do evento a partir do dia 27&#8221;, conta Parra.<\/p>\n\n\n\n<p><strong>Lote especial<\/strong><\/p>\n\n\n\n<p>Como tradicionalmente ocorre, um dos lotes do leil\u00e3o \u00e9 beneficente. Neste ano ser\u00e1 comercializado um Barril Motul \/ 455 Garage.&nbsp; Trata-se de um leg\u00edtimo barril de 200 litros customizado por Leo Forestieri, um dos maiores restauradores do pa\u00eds e fundador da 455 Garage. A memorabilia tem a logomarca cl\u00e1ssica da Motul e acabamento em preto brilhante com pintura no n\u00edvel das melhores restaura\u00e7\u00f5es.<\/p>\n\n\n\n<p>Em 2018 um barril customizado foi arrematado por R$50 mil e a renda foi toda revertida para uma institui\u00e7\u00e3o de caridade de Arax\u00e1.<\/p>\n\n\n\n<p><strong>Brazil Classics Kia Show 2022<\/strong><\/p>\n\n\n\n<p>O Encontro Nacional de Carros Antigos em Arax\u00e1 &#8211; <strong>Brazil Classics Kia Show 2022<\/strong> \u2013 \u00e9 uma realiza\u00e7\u00e3o do Veteran Car \u2013 MG, com o patroc\u00ednio m\u00e1ster da Kia. As atividades culturais s\u00e3o realizadas por meio da Lei Federal de Incentivo \u00e0 Cultura.Neste ano, o evento volta a encher de charme a cidade mineira de Arax\u00e1, de 28 a 31 de julho.<\/p>\n","protected":false},"excerpt":{"rendered":"<p>O Leil\u00e3o de Autom\u00f3veis Antigos do Brazil Classics Kia Show j\u00e1 tem data marcada. No pr\u00f3ximo dia 29, sexta-feira, a<\/p>\n","protected":false},"author":2,"featured_media":1934,"comment_status":"open","ping_status":"open","sticky":false,"template":"","format":"standard","meta":{"footnotes":""},"categories":[9,5,11],"tags":[],"class_list":["post-1933","post","type-post","status-publish","format-standard","has-post-thumbnail","hentry","category-araxa","category-arte-e-cultura","category-destaques"],"_links":{"self":[{"href":"http:\/\/blogdoarmindomaia.com.br\/index.php?rest_route=\/wp\/v2\/posts\/1933","targetHints":{"allow":["GET"]}}],"collection":[{"href":"http:\/\/blogdoarmindomaia.com.br\/index.php?rest_route=\/wp\/v2\/posts"}],"about":[{"href":"http:\/\/blogdoarmindomaia.com.br\/index.php?rest_route=\/wp\/v2\/types\/post"}],"author":[{"embeddable":true,"href":"http:\/\/blogdoarmindomaia.com.br\/index.php?rest_route=\/wp\/v2\/users\/2"}],"replies":[{"embeddable":true,"href":"http:\/\/blogdoarmindomaia.com.br\/index.php?rest_route=%2Fwp%2Fv2%2Fcomments&post=1933"}],"version-history":[{"count":1,"href":"http:\/\/blogdoarmindomaia.com.br\/index.php?rest_route=\/wp\/v2\/posts\/1933\/revisions"}],"predecessor-version":[{"id":1936,"href":"http:\/\/blogdoarmindomaia.com.br\/index.php?rest_route=\/wp\/v2\/posts\/1933\/revisions\/1936"}],"wp:featuredmedia":[{"embeddable":true,"href":"http:\/\/blogdoarmindomaia.com.br\/index.php?rest_route=\/wp\/v2\/media\/1934"}],"wp:attachment":[{"href":"http:\/\/blogdoarmindomaia.com.br\/index.php?rest_route=%2Fwp%2Fv2%2Fmedia&parent=1933"}],"wp:term":[{"taxonomy":"category","embeddable":true,"href":"http:\/\/blogdoarmindomaia.com.br\/index.php?rest_route=%2Fwp%2Fv2%2Fcategories&post=1933"},{"taxonomy":"post_tag","embeddable":true,"href":"http:\/\/blogdoarmindomaia.com.br\/index.php?rest_route=%2Fwp%2Fv2%2Ftags&post=1933"}],"curies":[{"name":"wp","href":"https:\/\/api.w.org\/{rel}","templated":true}]}}