{"id":194,"date":"2022-04-10T02:50:33","date_gmt":"2022-04-10T05:50:33","guid":{"rendered":"http:\/\/blogdoarmindomaia.com.br\/?p=194"},"modified":"2022-04-10T02:50:35","modified_gmt":"2022-04-10T05:50:35","slug":"forum-comunitario-debate-a-reforma-do-estatuto-dos-servidores-do-municipio-de-araxa","status":"publish","type":"post","link":"http:\/\/blogdoarmindomaia.com.br\/?p=194","title":{"rendered":"F\u00f3rum Comunit\u00e1rio debate a reforma do Estatuto dos Servidores do Munic\u00edpio de Arax\u00e1"},"content":{"rendered":"\n<figure class=\"wp-block-image size-full is-style-default\"><img loading=\"lazy\" decoding=\"async\" width=\"1000\" height=\"750\" src=\"http:\/\/blogdoarmindomaia.com.br\/wp-content\/uploads\/2022\/04\/mesa-1.jpg\" alt=\"\" class=\"wp-image-195\" srcset=\"http:\/\/blogdoarmindomaia.com.br\/wp-content\/uploads\/2022\/04\/mesa-1.jpg 1000w, http:\/\/blogdoarmindomaia.com.br\/wp-content\/uploads\/2022\/04\/mesa-1-300x225.jpg 300w, http:\/\/blogdoarmindomaia.com.br\/wp-content\/uploads\/2022\/04\/mesa-1-768x576.jpg 768w\" sizes=\"auto, (max-width: 1000px) 100vw, 1000px\" \/><\/figure>\n\n\n\n<p>O Plen\u00e1rio Vereador Guilherme Gotelip Neto recebeu na tarde desta quarta-feira (6), F\u00f3rum Comunit\u00e1rio para debater o projeto de lei 03\/2022 que disp\u00f5e sobre o Estatuto dos Servidores P\u00fablicos do Munic\u00edpio de Arax\u00e1 e institui o Regime Jur\u00eddico dos Servidores P\u00fablicos da Administra\u00e7\u00e3o Direta, Aut\u00e1rquica e Fundacional dos Poderes Executivo e Legislativo do Munic\u00edpio de Arax\u00e1 e d\u00e1 outras provid\u00eancias. A mat\u00e9ria deu entrada na em novembro de 2021 e continua em tramita\u00e7\u00e3o.<\/p>\n\n\n\n<p>A reuni\u00e3o foi uma solicita\u00e7\u00e3o dos vereadores da Comiss\u00e3o Especial designada para analisar a mat\u00e9ria, composta pelos vereadores Alexandre Irm\u00e3os Paula, Bosco J\u00fanior e Evaldo do Ferrocarril. Participaram do encontro alguns servidores, secret\u00e1rios municipais, vereadores, representantes do Sindicato dos Servidores P\u00fablicos Municipais das Prefeituras, C\u00e2maras e Autarquias da Micro regi\u00e3o do Planalto de Arax\u00e1 (Sinplalto) e imprensa<\/p>\n\n\n\n<p>O presidente da Comiss\u00e3o, vereador Alexandre, afirmou que o objetivo \u00e9 ouvir os servidores e que todas as sugest\u00f5es apontadas ser\u00e3o analisadas e acatadas dentro da legalidade. Ele lembrou que, para que o Executivo possa enviar o plano de carreira dos servidores para aprecia\u00e7\u00e3o do Legislativo, primeiramente o novo estatuto precisa ser aprovado.<\/p>\n\n\n\n<p>O presidente do Sinplato, Hely Aires, cumprimentou a Administra\u00e7\u00e3o Municipal pela elabora\u00e7\u00e3o do estatuto: \u201c\u00c9 um momento hist\u00f3rico, pois o atual estatuto tem 47 anos e \u00e9 uma cobran\u00e7a antiga da entidade sindical\u201d. Ele tranquilizou a categoria em rela\u00e7\u00e3o \u00e0s mudan\u00e7as: \u201cN\u00f3s nunca vamos nos reunir para prejudicar o servidor\u201d.<\/p>\n\n\n\n<p>Ap\u00f3s ouvir os servidores em diversas reuni\u00f5es, o Sindicato preparou um resumo de todas as sugest\u00f5es apontadas por eles. Hely destacou que nesta quinta-feira, 7 de abril, \u00e0s 18 h, no Plen\u00e1rio da C\u00e2mara, o Sindicato realizar\u00e1 uma Assembleia Geral Extraordin\u00e1ria com o objetivo de debater novamente o projeto com a categoria.<\/p>\n\n\n\n<p>Os servidores participaram do encontro com perguntas e sugest\u00f5es. Os temas mais debatidos foram o pagamento de quinqu\u00eanio aos servidores comissionados, independ\u00eancia do Poder Legislativo e o plano de carreira dos servidores p\u00fablicos do munic\u00edpio.<\/p>\n\n\n\n<p>Os vereadores reafirmaram o compromisso em fazer o melhor poss\u00edvel para os servidores ao analisar as sugest\u00f5es propostas. Os membros da Comiss\u00e3o refor\u00e7aram a import\u00e2ncia da participa\u00e7\u00e3o popular e divulgaram o e-mail:&nbsp;<a href=\"mailto:estatutopl243sugestoes@gmail.com\" target=\"_blank\" rel=\"noreferrer noopener\">estatutopl243sugestoes@gmail.com<\/a>&nbsp;para envio de cr\u00edticas e sugest\u00f5es.<\/p>\n\n\n\n<p><strong><em>Ascom CMA<\/em><\/strong><\/p>\n","protected":false},"excerpt":{"rendered":"<p>O Plen\u00e1rio Vereador Guilherme Gotelip Neto recebeu na tarde desta quarta-feira (6), F\u00f3rum Comunit\u00e1rio para debater o projeto de lei<\/p>\n","protected":false},"author":2,"featured_media":195,"comment_status":"open","ping_status":"open","sticky":false,"template":"","format":"standard","meta":{"footnotes":""},"categories":[25],"tags":[],"class_list":["post-194","post","type-post","status-publish","format-standard","has-post-thumbnail","hentry","category-politica"],"_links":{"self":[{"href":"http:\/\/blogdoarmindomaia.com.br\/index.php?rest_route=\/wp\/v2\/posts\/194","targetHints":{"allow":["GET"]}}],"collection":[{"href":"http:\/\/blogdoarmindomaia.com.br\/index.php?rest_route=\/wp\/v2\/posts"}],"about":[{"href":"http:\/\/blogdoarmindomaia.com.br\/index.php?rest_route=\/wp\/v2\/types\/post"}],"author":[{"embeddable":true,"href":"http:\/\/blogdoarmindomaia.com.br\/index.php?rest_route=\/wp\/v2\/users\/2"}],"replies":[{"embeddable":true,"href":"http:\/\/blogdoarmindomaia.com.br\/index.php?rest_route=%2Fwp%2Fv2%2Fcomments&post=194"}],"version-history":[{"count":1,"href":"http:\/\/blogdoarmindomaia.com.br\/index.php?rest_route=\/wp\/v2\/posts\/194\/revisions"}],"predecessor-version":[{"id":196,"href":"http:\/\/blogdoarmindomaia.com.br\/index.php?rest_route=\/wp\/v2\/posts\/194\/revisions\/196"}],"wp:featuredmedia":[{"embeddable":true,"href":"http:\/\/blogdoarmindomaia.com.br\/index.php?rest_route=\/wp\/v2\/media\/195"}],"wp:attachment":[{"href":"http:\/\/blogdoarmindomaia.com.br\/index.php?rest_route=%2Fwp%2Fv2%2Fmedia&parent=194"}],"wp:term":[{"taxonomy":"category","embeddable":true,"href":"http:\/\/blogdoarmindomaia.com.br\/index.php?rest_route=%2Fwp%2Fv2%2Fcategories&post=194"},{"taxonomy":"post_tag","embeddable":true,"href":"http:\/\/blogdoarmindomaia.com.br\/index.php?rest_route=%2Fwp%2Fv2%2Ftags&post=194"}],"curies":[{"name":"wp","href":"https:\/\/api.w.org\/{rel}","templated":true}]}}